{"id":53098,"date":"2022-09-30T19:30:19","date_gmt":"2022-09-30T22:30:19","guid":{"rendered":"https:\/\/vocesparalelas.com.ar\/sitio\/?p=53098"},"modified":"2022-09-30T19:30:51","modified_gmt":"2022-09-30T22:30:51","slug":"jurado-del-premio-franklin-rawson-a-las-artes-visuales-de-san-juan","status":"publish","type":"post","link":"https:\/\/vocesparalelas.com.ar\/sitio\/jurado-del-premio-franklin-rawson-a-las-artes-visuales-de-san-juan\/","title":{"rendered":"Jurado del Premio Franklin Rawson a las Artes Visuales de San Juan"},"content":{"rendered":"<div class=\"itemFullText\">\n<p>El Museo Franklin Rawson del Ministerio de Turismo y Cultura del Gobierno de San Juan y Fundaci\u00f3n Banco San Juan informan el jurado que eval\u00faa cada una de las propuestas en el marco de la tercera edici\u00f3n del Premio Franklin Rawson a las Artes Visuales.<\/p>\n<p>El mismo tiene el objetivo de estimular la producci\u00f3n art\u00edstica local y est\u00e1 destinado a artistas nativos de San Juan o residentes.<\/p>\n<p>Todos los artistas sanjuaninos o extranjeros residentes en la provincia est\u00e1n invitados a participar del concurso de selecci\u00f3n y premiaci\u00f3n de obras que integrar\u00e1n la muestra central del Premio Franklin Rawson a las Artes Visuales 2022 y la adquisici\u00f3n de obra patrimonial a cargo de un prestigioso jurado.<\/p>\n<p>El primer premio adquisici\u00f3n es de $ 250 mil y el segundo de $ 200 mil. Tambi\u00e9n, hay cuatro menciones especiales, sin adquisici\u00f3n, de $ 30 mil cada una.<\/p>\n<p><strong><span style=\"color: #99cc00;\">El jurado<\/span><\/strong><\/p>\n<ul>\n<li>Lic. Emanuel Diaz Ruiz, director del Museo Provincial de Bellas Artes Franklin Rawson (MPBAFR)<\/li>\n<li>Arq. Carlos G\u00f3mez Centuri\u00f3n, artista visual y arquitecto &#8211; Representante de Fundaci\u00f3n Banco San Juan<\/li>\n<li>Prof. Ana Gim\u00e9nez, directora del Dpto. de Artes Visuales UNSJ &#8211; Representante del Ministerio de Turismo y Cultura<\/li>\n<li>Prof. Mariana Olivares, artista visual y docente &#8211; Representante externo a las instituciones organizadoras<\/li>\n<li>Lic. Alberto S\u00e1nchez Maratta, docente e investigador en arte. Representante externo a las instituciones organizadoras<\/li>\n<\/ul>\n<p><strong><span style=\"color: #99cc00;\">M\u00e1s datos<\/span><\/strong><\/p>\n<p>Hasta el 07 de Octubre de 2022 se encuentra abierta la convocatoria.<\/p>\n<p><strong><span style=\"color: #99cc00;\">Mas informaci\u00f3n<\/span><\/strong><\/p>\n<p><a href=\"http:\/\/www.museofranklinrawson.org\/\">http:\/\/www.museofranklinrawson.org\/<\/a><\/p>\n<\/div>\n<div class=\"clr\"><\/div>\n<div class=\"itemContentFooter\"><span class=\"itemDateModified\">Publicado el\u00a0 Viernes, 30 de Septiembre de 2022<\/span><\/div>\n","protected":false},"excerpt":{"rendered":"<p>El Museo Franklin Rawson del Ministerio de Turismo y Cultura del Gobierno de San Juan y Fundaci\u00f3n Banco San Juan<\/p>\n","protected":false},"author":3,"featured_media":32781,"comment_status":"closed","ping_status":"closed","sticky":false,"template":"","format":"standard","meta":{"_acf_changed":false,"_seopress_robots_primary_cat":"none","_seopress_titles_title":"","_seopress_titles_desc":"","_seopress_robots_index":"","colormag_page_container_layout":"default_layout","colormag_page_sidebar_layout":"default_layout","footnotes":""},"categories":[1],"tags":[],"class_list":["post-53098","post","type-post","status-publish","format-standard","has-post-thumbnail","hentry","category-destacadas"],"acf":[],"_links":{"self":[{"href":"https:\/\/vocesparalelas.com.ar\/sitio\/wp-json\/wp\/v2\/posts\/53098","targetHints":{"allow":["GET"]}}],"collection":[{"href":"https:\/\/vocesparalelas.com.ar\/sitio\/wp-json\/wp\/v2\/posts"}],"about":[{"href":"https:\/\/vocesparalelas.com.ar\/sitio\/wp-json\/wp\/v2\/types\/post"}],"author":[{"embeddable":true,"href":"https:\/\/vocesparalelas.com.ar\/sitio\/wp-json\/wp\/v2\/users\/3"}],"replies":[{"embeddable":true,"href":"https:\/\/vocesparalelas.com.ar\/sitio\/wp-json\/wp\/v2\/comments?post=53098"}],"version-history":[{"count":2,"href":"https:\/\/vocesparalelas.com.ar\/sitio\/wp-json\/wp\/v2\/posts\/53098\/revisions"}],"predecessor-version":[{"id":53101,"href":"https:\/\/vocesparalelas.com.ar\/sitio\/wp-json\/wp\/v2\/posts\/53098\/revisions\/53101"}],"wp:featuredmedia":[{"embeddable":true,"href":"https:\/\/vocesparalelas.com.ar\/sitio\/wp-json\/wp\/v2\/media\/32781"}],"wp:attachment":[{"href":"https:\/\/vocesparalelas.com.ar\/sitio\/wp-json\/wp\/v2\/media?parent=53098"}],"wp:term":[{"taxonomy":"category","embeddable":true,"href":"https:\/\/vocesparalelas.com.ar\/sitio\/wp-json\/wp\/v2\/categories?post=53098"},{"taxonomy":"post_tag","embeddable":true,"href":"https:\/\/vocesparalelas.com.ar\/sitio\/wp-json\/wp\/v2\/tags?post=53098"}],"curies":[{"name":"wp","href":"https:\/\/api.w.org\/{rel}","templated":true}]}}