{"id":53079,"date":"2022-09-29T22:26:34","date_gmt":"2022-09-30T01:26:34","guid":{"rendered":"https:\/\/vocesparalelas.com.ar\/sitio\/?p=53079"},"modified":"2022-09-30T00:26:48","modified_gmt":"2022-09-30T03:26:48","slug":"presentan-e-implementan-el-programa-participar-en-san-juan","status":"publish","type":"post","link":"https:\/\/vocesparalelas.com.ar\/sitio\/presentan-e-implementan-el-programa-participar-en-san-juan\/","title":{"rendered":"Presentan e implementan el Programa ParticipAR en San Juan"},"content":{"rendered":"<p>El Viernes, 30 de Septiembre, a las a las 8:3o hs.; en el Auditorio Eloy Camus del Centro C\u00edvico, se realiza la\u00a0 presentaci\u00f3n y metodolog\u00eda de implementaci\u00f3n del Programa ParticipAR.<\/p>\n<p>El programa promueve la participaci\u00f3n del sistema educativo a trav\u00e9s de la conformaci\u00f3n y fortalecimiento de Centros de Estudiantes y Cooperadoras Escolares.<\/p>\n<div class=\"itemBody\">\n<div class=\"itemFullText\">\n<p>Los docentes, estudiantes, directivos, supervisores y presidentes de cooperadoras interesados en participar pueden inscribirse\u00a0completando el formulario<\/p>\n<p><a href=\"https:\/\/forms.gle\/mnaqXccd94mJ5Puo6\">https:\/\/forms.gle\/mnaqXccd94mJ5Puo6<\/a><\/p>\n<p><span style=\"color: #339966;\"><strong>Cronograma<\/strong><\/span><\/p>\n<ul>\n<li>8.00 hs. Acreditaciones<\/li>\n<li>8.30 hs. Acto de apertura<\/li>\n<li>9.00 hs. Presentaci\u00f3n general del Programa ParticipAR a cargo del director de Articulaci\u00f3n con la Sociedad Civil Alberto Croce<\/li>\n<li>9.30 hs. Presentaci\u00f3n de la l\u00ednea Cooperadoras Escolares a cargo de la Referente del Programa Cooperar de San Juan en el Ministerio de Educaci\u00f3n de la Naci\u00f3n Natalia Ontivero y la Referente Jurisdiccional Silvana Clavel<\/li>\n<li>10.30 hs. Receso<\/li>\n<li>10.50 hs. Presentaci\u00f3n de la l\u00ednea Centro de Estudiantes a cargo de la Referente del Programa ParticipAr Centro de Estudiantes en el Ministerio de Educaci\u00f3n de la Naci\u00f3n Psic\u00f3loga Laura Sartirana y la Referente Jurisdiccional Lic. Ana Jofr\u00e9 Magrini<\/li>\n<li>12.15. Cierre<\/li>\n<\/ul>\n<\/div>\n<div class=\"clr\"><\/div>\n<div class=\"itemContentFooter\">\n<p><span class=\"itemDateModified\">Publicado el Jueves, 29 de Septiembre de 2022\u00a0<\/span><\/p>\n<div class=\"clr\"><\/div>\n<\/div>\n<div class=\"clr\"><\/div>\n<\/div>\n","protected":false},"excerpt":{"rendered":"<p>El Viernes, 30 de Septiembre, a las a las 8:3o hs.; en el Auditorio Eloy Camus del Centro C\u00edvico, se<\/p>\n","protected":false},"author":3,"featured_media":53082,"comment_status":"closed","ping_status":"closed","sticky":false,"template":"","format":"standard","meta":{"_acf_changed":false,"_seopress_robots_primary_cat":"none","_seopress_titles_title":"","_seopress_titles_desc":"","_seopress_robots_index":"","colormag_page_container_layout":"default_layout","colormag_page_sidebar_layout":"default_layout","footnotes":""},"categories":[1],"tags":[],"class_list":["post-53079","post","type-post","status-publish","format-standard","has-post-thumbnail","hentry","category-destacadas"],"acf":[],"_links":{"self":[{"href":"https:\/\/vocesparalelas.com.ar\/sitio\/wp-json\/wp\/v2\/posts\/53079","targetHints":{"allow":["GET"]}}],"collection":[{"href":"https:\/\/vocesparalelas.com.ar\/sitio\/wp-json\/wp\/v2\/posts"}],"about":[{"href":"https:\/\/vocesparalelas.com.ar\/sitio\/wp-json\/wp\/v2\/types\/post"}],"author":[{"embeddable":true,"href":"https:\/\/vocesparalelas.com.ar\/sitio\/wp-json\/wp\/v2\/users\/3"}],"replies":[{"embeddable":true,"href":"https:\/\/vocesparalelas.com.ar\/sitio\/wp-json\/wp\/v2\/comments?post=53079"}],"version-history":[{"count":1,"href":"https:\/\/vocesparalelas.com.ar\/sitio\/wp-json\/wp\/v2\/posts\/53079\/revisions"}],"predecessor-version":[{"id":53083,"href":"https:\/\/vocesparalelas.com.ar\/sitio\/wp-json\/wp\/v2\/posts\/53079\/revisions\/53083"}],"wp:featuredmedia":[{"embeddable":true,"href":"https:\/\/vocesparalelas.com.ar\/sitio\/wp-json\/wp\/v2\/media\/53082"}],"wp:attachment":[{"href":"https:\/\/vocesparalelas.com.ar\/sitio\/wp-json\/wp\/v2\/media?parent=53079"}],"wp:term":[{"taxonomy":"category","embeddable":true,"href":"https:\/\/vocesparalelas.com.ar\/sitio\/wp-json\/wp\/v2\/categories?post=53079"},{"taxonomy":"post_tag","embeddable":true,"href":"https:\/\/vocesparalelas.com.ar\/sitio\/wp-json\/wp\/v2\/tags?post=53079"}],"curies":[{"name":"wp","href":"https:\/\/api.w.org\/{rel}","templated":true}]}}