{"id":53075,"date":"2022-09-28T23:49:05","date_gmt":"2022-09-29T02:49:05","guid":{"rendered":"https:\/\/vocesparalelas.com.ar\/sitio\/?p=53075"},"modified":"2022-09-30T23:35:03","modified_gmt":"2022-10-01T02:35:03","slug":"se-inaugura-la-exposicion-permanente-curriculum-cultura-material-y-practicas-escolares-de-la-ensgsm-de-san-juan","status":"publish","type":"post","link":"https:\/\/vocesparalelas.com.ar\/sitio\/se-inaugura-la-exposicion-permanente-curriculum-cultura-material-y-practicas-escolares-de-la-ensgsm-de-san-juan\/","title":{"rendered":"Se inaugura la exposici\u00f3n permanente \u00abCurriculum, cultura material y pr\u00e1cticas escolares\u00bb de la ENSGSM de San Juan"},"content":{"rendered":"<p>El equipo de gesti\u00f3n del ISFD Escuela Normal Superior Gral. San Mart\u00edn informa que el Viernes, 30 de Septiembre de 2022, a las 11:30 hs.; en el Sector nuevo PB, se desarrolla la Inauguraci\u00f3n de la muestra encuadrada en el proyecto de exposici\u00f3n permanente \u00abCurriculum, cultura material y pr\u00e1cticas escolares\u00bb.<\/p>\n<p>La instituci\u00f3n, tiene una historia con un fuerte mandato fundacional, de obst\u00e1culos y luchas. El impacto en su espacio, en su organizaci\u00f3n, en su historia requiere ser puesto en valor pues influye en su cultura institucional. Es por lo que buscamos conformar una exposici\u00f3n que realice una mirada panor\u00e1mica con la forma de su cultura escolar como eje vertebrador.<\/p>\n<p>Trabajo realizado por la Jefa de Investigaci\u00f3n, Lic. Natalia Varas y Jefa de Desarrollo Profesional Docente Mag. Stella Mas<\/p>\n<p><span style=\"color: #339966;\"><strong>Prop\u00f3sitos<\/strong><\/span><\/p>\n<ul>\n<li>Promover un espacio donde acercar la historia de la instituci\u00f3n, su mandato fundacional, as\u00ed como los procesos, luchas y debates que forjaron su cultura institucional a toda la comunidad educativa.<\/li>\n<li>Recopilar y seleccionar diversas fuentes como documentos administrativos, libros y manuales escolares, escogidas van desde mobiliario escolar, reproducciones fotogr\u00e1ficas, entrevistas.<\/li>\n<li>Conformar una muestra f\u00edsica as\u00ed como tambi\u00e9n una muestra digital con las fuentes seleccionadas.<\/li>\n<\/ul>\n<p><span style=\"color: #339966;\"><strong>Presentaci\u00f3n<\/strong><\/span><\/p>\n<p>Este proyecto se enmarca en el nonag\u00e9simo aniversario de la creaci\u00f3n de la Escuela Normal Superior General San Martin (1932 2022). Es la intenci\u00f3n de diversos actores institucionales difundir los procesos que han configurado nuestra cultura institucional a partir de la compilaci\u00f3n de las fuentes existentes. La intenci\u00f3n es mirar estas fuentes a trav\u00e9s del concepto de cultura material, un aporte interesante para analizar los espacios, el mobiliario, los documentos, el tiempo y los sujetos escolares.<\/p>\n<p>La instituci\u00f3n, tiene una historia de un fuerte mandato fundacional, de obst\u00e1culos y luchas. El impacto en su espacio, en su organizaci\u00f3n, en su historia requiere ser puesto en valor pues influye en gran parte a su cultura institucional. Es por lo que buscamos conformar una exposici\u00f3n que sea permanente a la vez que se vaya haciendo con el aporte de los distintos actores institucionales.<\/p>\n<p><img loading=\"lazy\" decoding=\"async\" class=\"alignnone size-large wp-image-21815\" src=\"https:\/\/vocesparalelas.com.ar\/sitio\/wp-content\/uploads\/2019\/06\/ENSGSM-800x531.jpg\" alt=\"\" width=\"800\" height=\"531\" srcset=\"https:\/\/vocesparalelas.com.ar\/sitio\/wp-content\/uploads\/2019\/06\/ENSGSM-800x531.jpg 800w, https:\/\/vocesparalelas.com.ar\/sitio\/wp-content\/uploads\/2019\/06\/ENSGSM-300x199.jpg 300w, https:\/\/vocesparalelas.com.ar\/sitio\/wp-content\/uploads\/2019\/06\/ENSGSM-768x510.jpg 768w, https:\/\/vocesparalelas.com.ar\/sitio\/wp-content\/uploads\/2019\/06\/ENSGSM.jpg 1000w\" sizes=\"auto, (max-width: 800px) 100vw, 800px\" \/><\/p>\n","protected":false},"excerpt":{"rendered":"<p>El equipo de gesti\u00f3n del ISFD Escuela Normal Superior Gral. San Mart\u00edn informa que el Viernes, 30 de Septiembre de<\/p>\n","protected":false},"author":3,"featured_media":53077,"comment_status":"closed","ping_status":"closed","sticky":false,"template":"","format":"standard","meta":{"_acf_changed":false,"_seopress_robots_primary_cat":"none","_seopress_titles_title":"","_seopress_titles_desc":"","_seopress_robots_index":"","colormag_page_container_layout":"default_layout","colormag_page_sidebar_layout":"default_layout","footnotes":""},"categories":[1],"tags":[],"class_list":["post-53075","post","type-post","status-publish","format-standard","has-post-thumbnail","hentry","category-destacadas"],"acf":[],"_links":{"self":[{"href":"https:\/\/vocesparalelas.com.ar\/sitio\/wp-json\/wp\/v2\/posts\/53075","targetHints":{"allow":["GET"]}}],"collection":[{"href":"https:\/\/vocesparalelas.com.ar\/sitio\/wp-json\/wp\/v2\/posts"}],"about":[{"href":"https:\/\/vocesparalelas.com.ar\/sitio\/wp-json\/wp\/v2\/types\/post"}],"author":[{"embeddable":true,"href":"https:\/\/vocesparalelas.com.ar\/sitio\/wp-json\/wp\/v2\/users\/3"}],"replies":[{"embeddable":true,"href":"https:\/\/vocesparalelas.com.ar\/sitio\/wp-json\/wp\/v2\/comments?post=53075"}],"version-history":[{"count":3,"href":"https:\/\/vocesparalelas.com.ar\/sitio\/wp-json\/wp\/v2\/posts\/53075\/revisions"}],"predecessor-version":[{"id":53136,"href":"https:\/\/vocesparalelas.com.ar\/sitio\/wp-json\/wp\/v2\/posts\/53075\/revisions\/53136"}],"wp:featuredmedia":[{"embeddable":true,"href":"https:\/\/vocesparalelas.com.ar\/sitio\/wp-json\/wp\/v2\/media\/53077"}],"wp:attachment":[{"href":"https:\/\/vocesparalelas.com.ar\/sitio\/wp-json\/wp\/v2\/media?parent=53075"}],"wp:term":[{"taxonomy":"category","embeddable":true,"href":"https:\/\/vocesparalelas.com.ar\/sitio\/wp-json\/wp\/v2\/categories?post=53075"},{"taxonomy":"post_tag","embeddable":true,"href":"https:\/\/vocesparalelas.com.ar\/sitio\/wp-json\/wp\/v2\/tags?post=53075"}],"curies":[{"name":"wp","href":"https:\/\/api.w.org\/{rel}","templated":true}]}}