{"id":53068,"date":"2022-09-29T22:41:19","date_gmt":"2022-09-30T01:41:19","guid":{"rendered":"https:\/\/vocesparalelas.com.ar\/sitio\/?p=53068"},"modified":"2022-09-29T22:41:19","modified_gmt":"2022-09-30T01:41:19","slug":"reunion-de-trabajo-con-los-docentes-de-educacion-agropecuaria-de-san-juan","status":"publish","type":"post","link":"https:\/\/vocesparalelas.com.ar\/sitio\/reunion-de-trabajo-con-los-docentes-de-educacion-agropecuaria-de-san-juan\/","title":{"rendered":"Reuni\u00f3n de trabajo con los docentes de Educaci\u00f3n Agropecuaria de San Juan"},"content":{"rendered":"<div class=\"itemFullText\">\n<p>Los Supervisores de Educaci\u00f3n Agropecuaria del Nivel primario y Especial Zona 1 y 2, cita a los docentes de Educaci\u00f3n Agropecuaria a la reuni\u00f3n de trabajo, el Martes, 4 de Octubre, de 9 a 12:30 hs.; en el auditorio Eloy Camus.<\/p>\n<p>Los docentes deben acudir con carpeta de planificaci\u00f3n y se reconoce el cambio de tarea.<\/p>\n<\/div>\n<div class=\"clr\"><\/div>\n<div class=\"itemContentFooter\"><span class=\"itemDateModified\">Publicado el Jueves, 29 de Septiembre de 2022<\/span><\/div>\n","protected":false},"excerpt":{"rendered":"<p>Los Supervisores de Educaci\u00f3n Agropecuaria del Nivel primario y Especial Zona 1 y 2, cita a los docentes de Educaci\u00f3n<\/p>\n","protected":false},"author":3,"featured_media":21620,"comment_status":"closed","ping_status":"closed","sticky":false,"template":"","format":"standard","meta":{"_acf_changed":false,"_seopress_robots_primary_cat":"none","_seopress_titles_title":"","_seopress_titles_desc":"","_seopress_robots_index":"","colormag_page_container_layout":"default_layout","colormag_page_sidebar_layout":"default_layout","footnotes":""},"categories":[1],"tags":[],"class_list":["post-53068","post","type-post","status-publish","format-standard","has-post-thumbnail","hentry","category-destacadas"],"acf":[],"_links":{"self":[{"href":"https:\/\/vocesparalelas.com.ar\/sitio\/wp-json\/wp\/v2\/posts\/53068","targetHints":{"allow":["GET"]}}],"collection":[{"href":"https:\/\/vocesparalelas.com.ar\/sitio\/wp-json\/wp\/v2\/posts"}],"about":[{"href":"https:\/\/vocesparalelas.com.ar\/sitio\/wp-json\/wp\/v2\/types\/post"}],"author":[{"embeddable":true,"href":"https:\/\/vocesparalelas.com.ar\/sitio\/wp-json\/wp\/v2\/users\/3"}],"replies":[{"embeddable":true,"href":"https:\/\/vocesparalelas.com.ar\/sitio\/wp-json\/wp\/v2\/comments?post=53068"}],"version-history":[{"count":1,"href":"https:\/\/vocesparalelas.com.ar\/sitio\/wp-json\/wp\/v2\/posts\/53068\/revisions"}],"predecessor-version":[{"id":53070,"href":"https:\/\/vocesparalelas.com.ar\/sitio\/wp-json\/wp\/v2\/posts\/53068\/revisions\/53070"}],"wp:featuredmedia":[{"embeddable":true,"href":"https:\/\/vocesparalelas.com.ar\/sitio\/wp-json\/wp\/v2\/media\/21620"}],"wp:attachment":[{"href":"https:\/\/vocesparalelas.com.ar\/sitio\/wp-json\/wp\/v2\/media?parent=53068"}],"wp:term":[{"taxonomy":"category","embeddable":true,"href":"https:\/\/vocesparalelas.com.ar\/sitio\/wp-json\/wp\/v2\/categories?post=53068"},{"taxonomy":"post_tag","embeddable":true,"href":"https:\/\/vocesparalelas.com.ar\/sitio\/wp-json\/wp\/v2\/tags?post=53068"}],"curies":[{"name":"wp","href":"https:\/\/api.w.org\/{rel}","templated":true}]}}