{"id":53046,"date":"2022-09-28T21:24:05","date_gmt":"2022-09-29T00:24:05","guid":{"rendered":"https:\/\/vocesparalelas.com.ar\/sitio\/?p=53046"},"modified":"2022-09-28T21:24:05","modified_gmt":"2022-09-29T00:24:05","slug":"dialogo-con-diputados-de-san-juan-y-alumnos-del-central-universario-dr-mariano-moreno-de-la-unsj","status":"publish","type":"post","link":"https:\/\/vocesparalelas.com.ar\/sitio\/dialogo-con-diputados-de-san-juan-y-alumnos-del-central-universario-dr-mariano-moreno-de-la-unsj\/","title":{"rendered":"Di\u00e1logo con diputados de San Juan y alumnos del Central Universario \u00abDr. Mariano Moreno\u00bb de la UNSJ"},"content":{"rendered":"<div class=\"itemFullText jbintrotext\">\n<p>En el marco del programa de visitas guiadas, estudiantes del \u00faltimo a\u00f1o del secundario del Colegio Central Universitario \u00abDr. Mariano Moreno\u00bb de la Universidad Nacional de San Juan,\u00a0 de la materia de Ciencias Pol\u00edticas participaron de un conversatorio junto a legisladores en la sala de vicegobernadores.<\/p>\n<\/div>\n<div class=\"itemFullText\">\n<p>Estuvieron presentes las diputadas Dra. Celina Ramela y Dra. Florencia Pe\u00f1aloza y los diputados Dr. Edgardo Sancassani, Eduardo Cabello, el secretario Legislativo Dr. Nicol\u00e1s Alvo y el responsable de Informaci\u00f3n Parlamentaria Sergio Peralta.<\/p>\n<p>Durante la jornada, hablaron del nuevo sistema Electoral y de diversos temas relacionados con la actividad legislativa. En la ocasi\u00f3n, los legisladores respondieron las preguntas que hicieron los estudiantes de cada asunto tratado.<\/p>\n<p><img loading=\"lazy\" decoding=\"async\" class=\"alignnone size-full wp-image-53049\" src=\"https:\/\/vocesparalelas.com.ar\/sitio\/wp-content\/uploads\/2022\/09\/CDSJ-CENTRAL-04.jpg\" alt=\"\" width=\"800\" height=\"587\" srcset=\"https:\/\/vocesparalelas.com.ar\/sitio\/wp-content\/uploads\/2022\/09\/CDSJ-CENTRAL-04.jpg 800w, https:\/\/vocesparalelas.com.ar\/sitio\/wp-content\/uploads\/2022\/09\/CDSJ-CENTRAL-04-300x220.jpg 300w, https:\/\/vocesparalelas.com.ar\/sitio\/wp-content\/uploads\/2022\/09\/CDSJ-CENTRAL-04-768x564.jpg 768w\" sizes=\"auto, (max-width: 800px) 100vw, 800px\" \/><\/p>\n<p>Publicado el Mi\u00e9rcoles, 28 de Septiembre de 2022<\/p>\n<\/div>\n","protected":false},"excerpt":{"rendered":"<p>En el marco del programa de visitas guiadas, estudiantes del \u00faltimo a\u00f1o del secundario del Colegio Central Universitario \u00abDr. Mariano<\/p>\n","protected":false},"author":3,"featured_media":53048,"comment_status":"closed","ping_status":"closed","sticky":false,"template":"","format":"standard","meta":{"_acf_changed":false,"_seopress_robots_primary_cat":"none","_seopress_titles_title":"","_seopress_titles_desc":"","_seopress_robots_index":"","colormag_page_container_layout":"default_layout","colormag_page_sidebar_layout":"default_layout","footnotes":""},"categories":[1],"tags":[],"class_list":["post-53046","post","type-post","status-publish","format-standard","has-post-thumbnail","hentry","category-destacadas"],"acf":[],"_links":{"self":[{"href":"https:\/\/vocesparalelas.com.ar\/sitio\/wp-json\/wp\/v2\/posts\/53046","targetHints":{"allow":["GET"]}}],"collection":[{"href":"https:\/\/vocesparalelas.com.ar\/sitio\/wp-json\/wp\/v2\/posts"}],"about":[{"href":"https:\/\/vocesparalelas.com.ar\/sitio\/wp-json\/wp\/v2\/types\/post"}],"author":[{"embeddable":true,"href":"https:\/\/vocesparalelas.com.ar\/sitio\/wp-json\/wp\/v2\/users\/3"}],"replies":[{"embeddable":true,"href":"https:\/\/vocesparalelas.com.ar\/sitio\/wp-json\/wp\/v2\/comments?post=53046"}],"version-history":[{"count":1,"href":"https:\/\/vocesparalelas.com.ar\/sitio\/wp-json\/wp\/v2\/posts\/53046\/revisions"}],"predecessor-version":[{"id":53050,"href":"https:\/\/vocesparalelas.com.ar\/sitio\/wp-json\/wp\/v2\/posts\/53046\/revisions\/53050"}],"wp:featuredmedia":[{"embeddable":true,"href":"https:\/\/vocesparalelas.com.ar\/sitio\/wp-json\/wp\/v2\/media\/53048"}],"wp:attachment":[{"href":"https:\/\/vocesparalelas.com.ar\/sitio\/wp-json\/wp\/v2\/media?parent=53046"}],"wp:term":[{"taxonomy":"category","embeddable":true,"href":"https:\/\/vocesparalelas.com.ar\/sitio\/wp-json\/wp\/v2\/categories?post=53046"},{"taxonomy":"post_tag","embeddable":true,"href":"https:\/\/vocesparalelas.com.ar\/sitio\/wp-json\/wp\/v2\/tags?post=53046"}],"curies":[{"name":"wp","href":"https:\/\/api.w.org\/{rel}","templated":true}]}}