{"id":53038,"date":"2022-09-28T20:04:57","date_gmt":"2022-09-28T23:04:57","guid":{"rendered":"https:\/\/vocesparalelas.com.ar\/sitio\/?p=53038"},"modified":"2022-09-28T20:04:57","modified_gmt":"2022-09-28T23:04:57","slug":"la-camara-de-diputados-de-san-juan-logo-el-certificado-normas-iram-iso-9001","status":"publish","type":"post","link":"https:\/\/vocesparalelas.com.ar\/sitio\/la-camara-de-diputados-de-san-juan-logo-el-certificado-normas-iram-iso-9001\/","title":{"rendered":"La C\u00e1mara de Diputados de San Juan log\u00f3 el Certificado Normas IRAM ISO 9001"},"content":{"rendered":"<div class=\"itemFullText jbintrotext\">\n<p>El vicepresidente primero de la C\u00e1mara de Diputados, Eduardo Cabello, encabez\u00f3 la ceremonia de entrega de certificados del Sistema de Gesti\u00f3n de Calidad Norma ISO 9001-2015, con que el Instituto Argentino de Normalizaci\u00f3n y Certificaci\u00f3n (IRAM) reconoci\u00f3 al Poder Legislativo tras superar la auditor\u00eda de seguimiento.<\/p>\n<p><img loading=\"lazy\" decoding=\"async\" class=\"alignnone size-full wp-image-53040\" src=\"https:\/\/vocesparalelas.com.ar\/sitio\/wp-content\/uploads\/2022\/09\/CDSJ-IRAM-03.jpg\" alt=\"\" width=\"800\" height=\"612\" srcset=\"https:\/\/vocesparalelas.com.ar\/sitio\/wp-content\/uploads\/2022\/09\/CDSJ-IRAM-03.jpg 800w, https:\/\/vocesparalelas.com.ar\/sitio\/wp-content\/uploads\/2022\/09\/CDSJ-IRAM-03-300x230.jpg 300w, https:\/\/vocesparalelas.com.ar\/sitio\/wp-content\/uploads\/2022\/09\/CDSJ-IRAM-03-768x588.jpg 768w\" sizes=\"auto, (max-width: 800px) 100vw, 800px\" \/><\/p>\n<\/div>\n<div class=\"itemFullText\">\n<p>El acto fue cumplido en la Sala de Vicegobernadores y en la oportunidad acompa\u00f1aron a Cabello en la mesa de autoridades, los secretarios Legislativo, Dr. Nicol\u00e1s Alvo y Administrativo, Lic. Roberto Iglesias y en representaci\u00f3n de IRAM, el gerente regional de Nuevo Cuyo, Gast\u00f3n Olivano. Asimismo estuvieron presentes los diputados Celina Ramella, Gast\u00f3n Berenguer, Mario Romero, Rub\u00e9n Carri\u00f3n y Enrique Monta\u00f1o; directores de distintas \u00e1reas y personal legislativo.<\/p>\n<p>Es oportuno consignar que por expreso pedido del vicegobernador CPN Roberto Gattoni, la Legislatura mantiene el sistema de gesti\u00f3n de calidad bajo normas ISO 9001-2015, que tiene como objetivo final alcanzar la mejora continua.<\/p>\n<p>Cabe se\u00f1alar que el sistema de gesti\u00f3n de calidad de la C\u00e1mara de Diputados contempla el seguimiento y la tramitaci\u00f3n del expediente administrativo desde su creaci\u00f3n hasta su rendici\u00f3n ante el \u00f3rgano de contralor pertinente. Las \u00e1reas involucradas en este proceso son:\u00a0 Secretar\u00eda Administrativa; Contabilidad y Finanzas; Tesorer\u00eda, Personal, Sueldos; Compras; Almacenamiento y Suministros; Patrimonio; Oficina de Notificaciones;<\/p>\n<p>En forma paralela el sistema considera la coordinaci\u00f3n y seguimiento del tr\u00e1mite parlamentario desde su recepci\u00f3n hasta su difusi\u00f3n y conservaci\u00f3n siendo las \u00e1reas involucradas: Secretar\u00eda Legislativa, Mesa de Entradas y Salidas, Despacho Legislativo, Taquigraf\u00eda, Audio y Fonoteca, Digesto Jur\u00eddico, An\u00e1lisis y Asesoramiento Documental, Biblioteca, Direcci\u00f3n de Inform\u00e1tica y Direcci\u00f3n de Prensa.<\/p>\n<p>Es oportuno consignar que fue ampliado el alcance de las \u00e1reas que trabajan con gesti\u00f3n de calidad abarcando Despacho Administrativo, Secretar\u00eda Administrativa, Recepci\u00f3n y derivaci\u00f3n de llamadas, Programa de Simetr\u00eda y Participaci\u00f3n; Edici\u00f3n, publicaci\u00f3n y distribuci\u00f3n de libros; Dise\u00f1o, evaluaci\u00f3n y difusi\u00f3n de concursos literarios del Fondo Editorial; Impresi\u00f3n y terminaci\u00f3n gr\u00e1fica de la imprenta de la C\u00e1mara de Diputados.<\/p>\n<p>Tras las palabras del representante del IRAM, quien destac\u00f3 el trabajo realizado, se dirigi\u00f3 a los presentes el diputado Cabello, para hacer hincapi\u00e9 en los objetivos alcanzados por parte de la C\u00e1mara de Diputados.<\/p>\n<p>Publicado el Mi\u00e9rcoles, 28 de Septiembre de 2022<\/p>\n<\/div>\n","protected":false},"excerpt":{"rendered":"<p>El vicepresidente primero de la C\u00e1mara de Diputados, Eduardo Cabello, encabez\u00f3 la ceremonia de entrega de certificados del Sistema de<\/p>\n","protected":false},"author":3,"featured_media":53041,"comment_status":"closed","ping_status":"closed","sticky":false,"template":"","format":"standard","meta":{"_acf_changed":false,"_seopress_robots_primary_cat":"none","_seopress_titles_title":"","_seopress_titles_desc":"","_seopress_robots_index":"","colormag_page_container_layout":"default_layout","colormag_page_sidebar_layout":"default_layout","footnotes":""},"categories":[1],"tags":[],"class_list":["post-53038","post","type-post","status-publish","format-standard","has-post-thumbnail","hentry","category-destacadas"],"acf":[],"_links":{"self":[{"href":"https:\/\/vocesparalelas.com.ar\/sitio\/wp-json\/wp\/v2\/posts\/53038","targetHints":{"allow":["GET"]}}],"collection":[{"href":"https:\/\/vocesparalelas.com.ar\/sitio\/wp-json\/wp\/v2\/posts"}],"about":[{"href":"https:\/\/vocesparalelas.com.ar\/sitio\/wp-json\/wp\/v2\/types\/post"}],"author":[{"embeddable":true,"href":"https:\/\/vocesparalelas.com.ar\/sitio\/wp-json\/wp\/v2\/users\/3"}],"replies":[{"embeddable":true,"href":"https:\/\/vocesparalelas.com.ar\/sitio\/wp-json\/wp\/v2\/comments?post=53038"}],"version-history":[{"count":1,"href":"https:\/\/vocesparalelas.com.ar\/sitio\/wp-json\/wp\/v2\/posts\/53038\/revisions"}],"predecessor-version":[{"id":53042,"href":"https:\/\/vocesparalelas.com.ar\/sitio\/wp-json\/wp\/v2\/posts\/53038\/revisions\/53042"}],"wp:featuredmedia":[{"embeddable":true,"href":"https:\/\/vocesparalelas.com.ar\/sitio\/wp-json\/wp\/v2\/media\/53041"}],"wp:attachment":[{"href":"https:\/\/vocesparalelas.com.ar\/sitio\/wp-json\/wp\/v2\/media?parent=53038"}],"wp:term":[{"taxonomy":"category","embeddable":true,"href":"https:\/\/vocesparalelas.com.ar\/sitio\/wp-json\/wp\/v2\/categories?post=53038"},{"taxonomy":"post_tag","embeddable":true,"href":"https:\/\/vocesparalelas.com.ar\/sitio\/wp-json\/wp\/v2\/tags?post=53038"}],"curies":[{"name":"wp","href":"https:\/\/api.w.org\/{rel}","templated":true}]}}