{"id":52992,"date":"2022-09-27T23:53:03","date_gmt":"2022-09-28T02:53:03","guid":{"rendered":"https:\/\/vocesparalelas.com.ar\/sitio\/?p=52992"},"modified":"2022-09-27T23:53:45","modified_gmt":"2022-09-28T02:53:45","slug":"encuentro-para-abordar-la-prevencion-y-posvencion-del-suicidio-en-las-adolescencias-en-san-juan","status":"publish","type":"post","link":"https:\/\/vocesparalelas.com.ar\/sitio\/encuentro-para-abordar-la-prevencion-y-posvencion-del-suicidio-en-las-adolescencias-en-san-juan\/","title":{"rendered":"Encuentro para abordar la prevenci\u00f3n y posvenci\u00f3n del suicidio en las adolescencias en San Juan"},"content":{"rendered":"<div class=\"itemFullText\">\n<p>La Secretar\u00eda Nacional de Ni\u00f1ez, Adolescencia y Familia, a trav\u00e9s de la Direcci\u00f3n Nacional de Promoci\u00f3n y Protecci\u00f3n Integral por medio del Programa ACTIVAR Adolescencias y el Centro de Referencia San Juan \u2013 Secretar\u00eda de Abordaje Integral-MDS, organiz\u00f3 el Encuentro de Intercambio de Experiencias y Capacitaci\u00f3n &#8211; Prevenci\u00f3n Sociocomunitaria del Suicidio en las Adolescencias.<\/p>\n<p>En este sentido,\u00a0como continuidad de la tarea emprendida, el gobierno de San Juan puso en marcha la Red de Abordaje Integral para la Prevenci\u00f3n del Suicidio, con el objetivo de dar respuesta a esta problem\u00e1tica.<\/p>\n<p>El objetivo de este encuentro es la incorporaci\u00f3n de herramientas de sensibilizaci\u00f3n, concientizaci\u00f3n y prevenci\u00f3n de una problem\u00e1tica que es parte del entramado social, con la modalidad de m\u00faltiples exposiciones de conceptos y experiencias locales.<\/p>\n<p>En este marco, se trabaja con una mirada integral para el abordaje en la Prevenci\u00f3n y Posvenci\u00f3n del suicidio en las Adolescencias, en la que participan la totalidad de la \u00e1reas del Estado Provincial.<\/p>\n<p><span style=\"color: #339966;\"><strong>Ejes centrales<\/strong><\/span><\/p>\n<ul>\n<li>Introducci\u00f3n a la tem\u00e1tica del suicidio en las adolescencias, su especificidad. Sistemas de Protecci\u00f3n &#8211; Promoci\u00f3n de Derechos &#8211; Situaci\u00f3n de Vulnerabilidad.<\/li>\n<li>Adolescencias actuales.<\/li>\n<li>Mitos y creencias alrededor del suicidio.<\/li>\n<li>Primera escucha \u2013 Atenci\u00f3n &#8211; Seguimiento &#8211; Posvenci\u00f3n.<\/li>\n<li>Alertas tempranas.<\/li>\n<li>Prevenci\u00f3n Integral y Comunitaria.<\/li>\n<li>Experiencias locales.<\/li>\n<\/ul>\n<p>Estos encuentros en la provincia de San Juan conforman la continuidad de reuniones efectuadas fundamentalmente con el C.D.R. local, con su referente Romina Albarrac\u00edn y su equipo, y articulaci\u00f3n con las \u00e1reas de Ni\u00f1ez, dirigida por Sergio Sep\u00falveda; Salud, a cargo de Subsecretario de Medicina Preventiva, Dr. Mat\u00edas Espejo; la directora Gabinetes Interdisciplinarios de Educaci\u00f3n, Prof. Marcela Platero; la asistencia del subsecretario de Derechos para la Ni\u00f1ez, Adolescencia y Familia de la Naci\u00f3n, Mariano Luongo y dem\u00e1s autoridades, quienes forman parte de la convocatoria.<\/p>\n<p>La actividad se desarrolla en el Sal\u00f3n del Sindicato Empleados de Comercio, Gral Acha 65 Sur, Ciudad San Juan, el Mi\u00e9rcoles, 28 de Septiembre, de 9:00 a 13:00 hs.<\/p>\n<p>Sobre la actividad preventiva y posventiva del suicidio en adolescentes, Romina Albarrac\u00edn detall\u00f3 que \u201cpretendemos aportar a la red este tipo de encuentros presenciales, precedidos por tres charlas virtuales que realizamos en agosto pasado, en la que capacitamos m\u00e1s de 400 agentes de salud, educaci\u00f3n, organizaciones sociales, C\u00e1ritas, Cruz Roja, scouts y dem\u00e1s sectores. A \u00e9stas personas se les entreg\u00f3 certificaci\u00f3n y han sido invitadas a participar del encuentro el mi\u00e9rcoles 28\u201d.<\/p>\n<p><strong><span style=\"color: #339966;\">Programa<\/span><\/strong><\/p>\n<ul>\n<li>9:00 a 9:30 Apertura y palabras de bienvenida a cargo de Mariano Luongo, titular de la Secretar\u00eda Nacional de Ni\u00f1ez Adolescencia y Familia y Subsecretario de Derechos para NnyA (Ni\u00f1os, Ni\u00f1as y Adolescentes).<\/li>\n<li>9:30 a 10:00: Introducci\u00f3n a cargo del equipo t\u00e9cnico de la SENAF.<\/li>\n<li>10:30 a 12.00: Mesa de experiencias: Educaci\u00f3n,\u00a0Cruz Roja.<\/li>\n<li>Proyecto Programa Activar \u201cMis ra\u00edces y mi barrio: la otra escuela\u201d . Asociaci\u00f3n civil vecinal Larman -Rawson-<\/li>\n<li>L\u00ednea 102.<\/li>\n<li>Ministerio de Salud- Comit\u00e9 de Abordaje del suicidio<\/li>\n<li>Presentaci\u00f3n de la Red de Abordaje Integral para la prevenci\u00f3n del Suicidio.<\/li>\n<\/ul>\n<p>12:00 a 13:00: Espacio de Intercambio y Cierre.<\/p>\n<p><strong><span style=\"color: #339966;\">Inscripci\u00f3n\u00a0<\/span><\/strong><\/p>\n<p><a href=\"https:\/\/forms.gle\/NCD3C5Y3nJo2HLUBA\">https:\/\/forms.gle\/NCD3C5Y3nJo2HLUBA<\/a><\/p>\n<\/div>\n<div class=\"clr\"><\/div>\n<div class=\"itemContentFooter\"><span class=\"itemDateModified\">Martes, Martes, 27 de Septiembre de 2022<\/span><\/div>\n","protected":false},"excerpt":{"rendered":"<p>La Secretar\u00eda Nacional de Ni\u00f1ez, Adolescencia y Familia, a trav\u00e9s de la Direcci\u00f3n Nacional de Promoci\u00f3n y Protecci\u00f3n Integral por<\/p>\n","protected":false},"author":3,"featured_media":52994,"comment_status":"closed","ping_status":"closed","sticky":false,"template":"","format":"standard","meta":{"_acf_changed":false,"_seopress_robots_primary_cat":"none","_seopress_titles_title":"","_seopress_titles_desc":"","_seopress_robots_index":"","colormag_page_container_layout":"default_layout","colormag_page_sidebar_layout":"default_layout","footnotes":""},"categories":[1],"tags":[],"class_list":["post-52992","post","type-post","status-publish","format-standard","has-post-thumbnail","hentry","category-destacadas"],"acf":[],"_links":{"self":[{"href":"https:\/\/vocesparalelas.com.ar\/sitio\/wp-json\/wp\/v2\/posts\/52992","targetHints":{"allow":["GET"]}}],"collection":[{"href":"https:\/\/vocesparalelas.com.ar\/sitio\/wp-json\/wp\/v2\/posts"}],"about":[{"href":"https:\/\/vocesparalelas.com.ar\/sitio\/wp-json\/wp\/v2\/types\/post"}],"author":[{"embeddable":true,"href":"https:\/\/vocesparalelas.com.ar\/sitio\/wp-json\/wp\/v2\/users\/3"}],"replies":[{"embeddable":true,"href":"https:\/\/vocesparalelas.com.ar\/sitio\/wp-json\/wp\/v2\/comments?post=52992"}],"version-history":[{"count":2,"href":"https:\/\/vocesparalelas.com.ar\/sitio\/wp-json\/wp\/v2\/posts\/52992\/revisions"}],"predecessor-version":[{"id":52996,"href":"https:\/\/vocesparalelas.com.ar\/sitio\/wp-json\/wp\/v2\/posts\/52992\/revisions\/52996"}],"wp:featuredmedia":[{"embeddable":true,"href":"https:\/\/vocesparalelas.com.ar\/sitio\/wp-json\/wp\/v2\/media\/52994"}],"wp:attachment":[{"href":"https:\/\/vocesparalelas.com.ar\/sitio\/wp-json\/wp\/v2\/media?parent=52992"}],"wp:term":[{"taxonomy":"category","embeddable":true,"href":"https:\/\/vocesparalelas.com.ar\/sitio\/wp-json\/wp\/v2\/categories?post=52992"},{"taxonomy":"post_tag","embeddable":true,"href":"https:\/\/vocesparalelas.com.ar\/sitio\/wp-json\/wp\/v2\/tags?post=52992"}],"curies":[{"name":"wp","href":"https:\/\/api.w.org\/{rel}","templated":true}]}}