{"id":52961,"date":"2022-09-26T22:59:24","date_gmt":"2022-09-27T01:59:24","guid":{"rendered":"https:\/\/vocesparalelas.com.ar\/sitio\/?p=52961"},"modified":"2022-09-26T23:00:17","modified_gmt":"2022-09-27T02:00:17","slug":"nuevo-edificio-para-la-epet-n-6-del-departamento-rivadavia-de-san-juan","status":"publish","type":"post","link":"https:\/\/vocesparalelas.com.ar\/sitio\/nuevo-edificio-para-la-epet-n-6-del-departamento-rivadavia-de-san-juan\/","title":{"rendered":"Nuevo edificio para la EPET N\u00b0 6 del Departamento Rivadavia de San Juan"},"content":{"rendered":"<p>El Lunes, 26 de Septiembre de 2022, a trav\u00e9s de la firma del acta de entrega, el Ministerio de Obras y Servicios P\u00fablicos junto al Ministerio de Educaci\u00f3n del Gobierno de San Juan pusieron en funcionamiento la Escuela Tpecnica EPET N\u00b0 6 de Nivel Secundario.<\/p>\n<p>Ejecutado por la Subsecretar\u00eda de Arquitectura del Ministerio de Obras y Servicios P\u00fablicos del Gobierno de San Juan, se construy\u00f3 el edificio de la EPET N\u00b0 6 en un terreno ubicado en calle Chubut, entre calles Santa Cruz y Santiago del Estero, en la localidad de La Bebida, Departamento Rivadavia. El presupuesto oficial para la obra fue de $109.983.418,39 y la misma se financi\u00f3 con fondos provinciales.<\/p>\n<p><img loading=\"lazy\" decoding=\"async\" class=\"alignnone size-full wp-image-52964\" src=\"https:\/\/vocesparalelas.com.ar\/sitio\/wp-content\/uploads\/2022\/09\/EPET-6-03.jpg\" alt=\"\" width=\"800\" height=\"448\" srcset=\"https:\/\/vocesparalelas.com.ar\/sitio\/wp-content\/uploads\/2022\/09\/EPET-6-03.jpg 800w, https:\/\/vocesparalelas.com.ar\/sitio\/wp-content\/uploads\/2022\/09\/EPET-6-03-300x168.jpg 300w, https:\/\/vocesparalelas.com.ar\/sitio\/wp-content\/uploads\/2022\/09\/EPET-6-03-768x430.jpg 768w\" sizes=\"auto, (max-width: 800px) 100vw, 800px\" \/><\/p>\n<p>El establecimiento cuenta con una superficie de 1793,58 m<sup>2<\/sup>\u00a0y est\u00e1 compuesto por las siguientes \u00e1reas:<\/p>\n<ul>\n<li><strong><span style=\"color: #ff6600;\">\u00c1rea de Gobierno:<\/span> <\/strong>direcci\u00f3n, vicedirecci\u00f3n, sala de espera, secretar\u00eda, regente, prosecretario, secci\u00f3n alumnos, gabinete t\u00e9cnico, sala de docentes con office incluido y dos sanitarios para docentes.<\/li>\n<li><strong><span style=\"color: #ff6600;\">\u00c1rea Pedag\u00f3gica:<\/span> <\/strong>10 aulas, jefe de preceptores y preceptoras, aula de recursos humanos, taller de empresa simulada, laboratorio de inform\u00e1tica de la orientaci\u00f3n, taller de pr\u00e1ctica contable, sala de dibujo, jefe sectorial y administraci\u00f3n de redes.<\/li>\n<li><strong><span style=\"color: #ff6600;\">\u00c1rea de Servicios<\/span> <\/strong>dos n\u00facleos sanitarios para el sector pedag\u00f3gico, un sanitario para personas con discapacidad, sector de maestranza, archivo, dos dep\u00f3sitos para uso general y uno para educaci\u00f3n f\u00edsica, patio t\u00e9cnico con sala de m\u00e1quinas, torre de tanques, patio c\u00edvico.<\/li>\n<\/ul>\n<div class=\"itemFullText\">\n<p>La escuela tambi\u00e9n cuenta con estacionamiento vehicular, bicicleteros y los servicios de agua potable, gas natural y energ\u00eda el\u00e9ctrica.<\/p>\n<p>La construcci\u00f3n del edificio fue de tipo sismorresistente, de hormig\u00f3n armado. Adem\u00e1s, posee instalaciones contra incendio en todo el edificio, calefacci\u00f3n con equipos de aire acondicionado, rampas con barandas met\u00e1licas y sanitarios adecuados para personas con discapacidad.<\/p>\n<\/div>\n<div class=\"clr\"><\/div>\n<div class=\"itemContentFooter\"><span class=\"itemDateModified\">Publicado el Lunes, 26 de Septiembre de 2022<\/span><\/div>\n","protected":false},"excerpt":{"rendered":"<p>El Lunes, 26 de Septiembre de 2022, a trav\u00e9s de la firma del acta de entrega, el Ministerio de Obras<\/p>\n","protected":false},"author":3,"featured_media":52963,"comment_status":"closed","ping_status":"closed","sticky":false,"template":"","format":"standard","meta":{"_acf_changed":false,"_seopress_robots_primary_cat":"none","_seopress_titles_title":"","_seopress_titles_desc":"","_seopress_robots_index":"","colormag_page_container_layout":"default_layout","colormag_page_sidebar_layout":"default_layout","footnotes":""},"categories":[1],"tags":[],"class_list":["post-52961","post","type-post","status-publish","format-standard","has-post-thumbnail","hentry","category-destacadas"],"acf":[],"_links":{"self":[{"href":"https:\/\/vocesparalelas.com.ar\/sitio\/wp-json\/wp\/v2\/posts\/52961","targetHints":{"allow":["GET"]}}],"collection":[{"href":"https:\/\/vocesparalelas.com.ar\/sitio\/wp-json\/wp\/v2\/posts"}],"about":[{"href":"https:\/\/vocesparalelas.com.ar\/sitio\/wp-json\/wp\/v2\/types\/post"}],"author":[{"embeddable":true,"href":"https:\/\/vocesparalelas.com.ar\/sitio\/wp-json\/wp\/v2\/users\/3"}],"replies":[{"embeddable":true,"href":"https:\/\/vocesparalelas.com.ar\/sitio\/wp-json\/wp\/v2\/comments?post=52961"}],"version-history":[{"count":1,"href":"https:\/\/vocesparalelas.com.ar\/sitio\/wp-json\/wp\/v2\/posts\/52961\/revisions"}],"predecessor-version":[{"id":52965,"href":"https:\/\/vocesparalelas.com.ar\/sitio\/wp-json\/wp\/v2\/posts\/52961\/revisions\/52965"}],"wp:featuredmedia":[{"embeddable":true,"href":"https:\/\/vocesparalelas.com.ar\/sitio\/wp-json\/wp\/v2\/media\/52963"}],"wp:attachment":[{"href":"https:\/\/vocesparalelas.com.ar\/sitio\/wp-json\/wp\/v2\/media?parent=52961"}],"wp:term":[{"taxonomy":"category","embeddable":true,"href":"https:\/\/vocesparalelas.com.ar\/sitio\/wp-json\/wp\/v2\/categories?post=52961"},{"taxonomy":"post_tag","embeddable":true,"href":"https:\/\/vocesparalelas.com.ar\/sitio\/wp-json\/wp\/v2\/tags?post=52961"}],"curies":[{"name":"wp","href":"https:\/\/api.w.org\/{rel}","templated":true}]}}