{"id":52958,"date":"2022-09-26T22:48:41","date_gmt":"2022-09-27T01:48:41","guid":{"rendered":"https:\/\/vocesparalelas.com.ar\/sitio\/?p=52958"},"modified":"2022-09-26T22:48:41","modified_gmt":"2022-09-27T01:48:41","slug":"modificaciones-en-el-complejo-deportivo-el-palomar-de-la-unsj","status":"publish","type":"post","link":"https:\/\/vocesparalelas.com.ar\/sitio\/modificaciones-en-el-complejo-deportivo-el-palomar-de-la-unsj\/","title":{"rendered":"Modificaciones en el Complejo Deportivo \u201cEl Palomar\u201d de la UNSJ"},"content":{"rendered":"<p>Hubo una reuni\u00f3n en el que se acordaron modificaciones en el Complejo Deportivo \u201cEl Palomar\u201d. En ella estuvieron presentes el especialista en deportes, Arq. Jorge L\u00f3pez, el secretario de Bienestar Universitario de la UNSJ, Dr. Lucas Molina, el Rector de la UNSJ, Ing. Tadeo Berenguer y autoridades de la Secretar\u00eda y la Direcci\u00f3n de Deportes.<\/p>\n<p>Por ello, el Arq. Jorge L\u00f3pez explic\u00f3 que \u00abel proyecto de mejora de las instalaciones del Complejo Deportivo, me convocaron para poner en una nueva dimensi\u00f3n el sector de Hockey, lo que es el sector Este del Complejo. Por un lado, se colocar\u00e1 la nueva cancha que ser\u00e1 de c\u00e9sped sobre agua y tambi\u00e9n, en la cancha existente se har\u00e1 algunas renovaciones. Adem\u00e1s, aparece una serie de obras bastante importantes con quinchos y sanitarios nuevos hacia el costado de la 25 de Mayo. Otra \u00e1rea de recreaci\u00f3n donde actualmente est\u00e1 la cancha, as\u00ed que se toma otro lugar de este sector y se har\u00e1 un \u00e1rea de parrilleros, un nuevo pergolado, un espacio para colocar carpas y un peque\u00f1o anfiteatro natural para los eventos que se hacen\u201d.<\/p>\n<p>\u00abReformular\u00e1 la pista de atletismo y se dejar\u00e1 en un sector, al costado Norte, un \u00e1rea de atletismo con un sector de lanzamiento, salto en alto y largo y una corredera de 100 metros, ya que desaparecer\u00e1 la pista de atletismo.<\/p>\n<p>\u201cSe realizar\u00e1 una Pista de Salud que recorre todo el per\u00edmetro de este predio, con una longitud de 700 metros, para las personas que quieran hacer trote por ejemplo, siempre preservando los \u00e1rboles y las instalaciones que ya existen, para no generar ruptura de los elementos. Lo bueno de esto es que esta zona va a concentrar m\u00faltiples actividades, tambi\u00e9n se va a hacer una reforestaci\u00f3n y eso generar\u00e1 un espacio interesante para la gente del Hockey y para la comunidad deportiva y de la Universidad\u201d &#8211; concluy\u00f3 el Arq. Jorge L\u00f3pez.<\/p>\n<p>Seguidamente, el secretario de Bienestar Universitario de la UNSJ, Dr. Lucas Molina remarc\u00f3 que \u00able pedimos al arquitecto Jorge L\u00f3pez, que tiene una experiencia muy importante en arquitectura deportiva, que intervenga un sector importante del Complejo Deportivo \u201cEl Palomar\u201d para ubicar una nueva cancha de hockey de c\u00e9sped sint\u00e9tico, tambi\u00e9n, para refuncionalizar el \u00e1rea de atletismo y potenciar los espacios de esparcimiento, recreaci\u00f3n y encuentro socia. En esta oportunidad viene a mostrarnos, a la Secretar\u00eda y a la Direcci\u00f3n de Deportes, al Rector y a la comunidad del Hockey c\u00f3mo ser\u00eda este proyecto\u00bb.<\/p>\n<p>\u00abLa idea de esto es dejar sentadas unas bases para que, si bien esta gesti\u00f3n probablemente no concluya con todo, pero que la siguiente pueda seguir caminando en el tiempo y poder llegar a un objetivo planificado para este sector y no andar ponchando con diferentes ideas o iniciativas. Creemos que es muy importante planificar, ya que queremos reforzar las instalaciones. Para el Hockey va a ser muy importante ya que es una de las disciplinas m\u00e1s numerosas y siempre la demanda de espacio f\u00edsico es constante. Con esto vamos a poder ampliar la base de recepci\u00f3n de deportistas, lo que va a permitir obtener una mayor vinculaci\u00f3n de la Universidad con la sociedad, que entre una de las tantas formas que se vincula es a trav\u00e9s del deporte\u201d &#8211; sintetiz\u00f3 el Dr. Lucas Molina.<\/p>\n<p>Finalmente, el rector de la UNSJ, Ing. Tadeo Berenguer enfatiz\u00f3 que \u00abqueremos apostar a todo lo que le hace bien a las juventudes, a las cuales nos debemos. Esta ma\u00f1ana cerramos un convenio con la Federaci\u00f3n Sanjuanina de Pat\u00edn, donde profesionales de este la Secretar\u00eda de Bienestar van a brindar, en un principio, cursos de capacitaci\u00f3n y formaci\u00f3n para profesionales del pat\u00edn\u00bb.<\/p>\n<p>\u00abEsto se ha extendido con gran entusiasmo a los diferentes clubes de la provincia. Tambi\u00e9n hemos hablado con el Secretario de Estado de Deportes de la Provincia y representantes de organizaciones internacionales, como Daniel Martinazzo, quieren que esto que se ha iniciado se extienda a otros \u00f3rdenes del pa\u00eds. Por eso ahora, seguimos apostando ya que esto contribuye a la salud f\u00edsica y mental, hace una gran transformaci\u00f3n social, potencia el compa\u00f1erismo, empat\u00eda, respeto por las normativas\u201d &#8211; finaliz\u00f3 el rector de la UNSJ, Ing. Tadeo Berenguer .<\/p>\n<p>Publicado el Lunes, 26 de Septiembre de 2022<\/p>\n","protected":false},"excerpt":{"rendered":"<p>Hubo una reuni\u00f3n en el que se acordaron modificaciones en el Complejo Deportivo \u201cEl Palomar\u201d. En ella estuvieron presentes el<\/p>\n","protected":false},"author":3,"featured_media":6496,"comment_status":"closed","ping_status":"closed","sticky":false,"template":"","format":"standard","meta":{"_acf_changed":false,"_seopress_robots_primary_cat":"none","_seopress_titles_title":"","_seopress_titles_desc":"","_seopress_robots_index":"","colormag_page_container_layout":"default_layout","colormag_page_sidebar_layout":"default_layout","footnotes":""},"categories":[1],"tags":[],"class_list":["post-52958","post","type-post","status-publish","format-standard","has-post-thumbnail","hentry","category-destacadas"],"acf":[],"_links":{"self":[{"href":"https:\/\/vocesparalelas.com.ar\/sitio\/wp-json\/wp\/v2\/posts\/52958","targetHints":{"allow":["GET"]}}],"collection":[{"href":"https:\/\/vocesparalelas.com.ar\/sitio\/wp-json\/wp\/v2\/posts"}],"about":[{"href":"https:\/\/vocesparalelas.com.ar\/sitio\/wp-json\/wp\/v2\/types\/post"}],"author":[{"embeddable":true,"href":"https:\/\/vocesparalelas.com.ar\/sitio\/wp-json\/wp\/v2\/users\/3"}],"replies":[{"embeddable":true,"href":"https:\/\/vocesparalelas.com.ar\/sitio\/wp-json\/wp\/v2\/comments?post=52958"}],"version-history":[{"count":1,"href":"https:\/\/vocesparalelas.com.ar\/sitio\/wp-json\/wp\/v2\/posts\/52958\/revisions"}],"predecessor-version":[{"id":52960,"href":"https:\/\/vocesparalelas.com.ar\/sitio\/wp-json\/wp\/v2\/posts\/52958\/revisions\/52960"}],"wp:featuredmedia":[{"embeddable":true,"href":"https:\/\/vocesparalelas.com.ar\/sitio\/wp-json\/wp\/v2\/media\/6496"}],"wp:attachment":[{"href":"https:\/\/vocesparalelas.com.ar\/sitio\/wp-json\/wp\/v2\/media?parent=52958"}],"wp:term":[{"taxonomy":"category","embeddable":true,"href":"https:\/\/vocesparalelas.com.ar\/sitio\/wp-json\/wp\/v2\/categories?post=52958"},{"taxonomy":"post_tag","embeddable":true,"href":"https:\/\/vocesparalelas.com.ar\/sitio\/wp-json\/wp\/v2\/tags?post=52958"}],"curies":[{"name":"wp","href":"https:\/\/api.w.org\/{rel}","templated":true}]}}