{"id":52954,"date":"2022-09-26T21:08:31","date_gmt":"2022-09-27T00:08:31","guid":{"rendered":"https:\/\/vocesparalelas.com.ar\/sitio\/?p=52954"},"modified":"2022-09-28T01:23:29","modified_gmt":"2022-09-28T04:23:29","slug":"2-edicion-caja-de-ideas-herramientas","status":"publish","type":"post","link":"https:\/\/vocesparalelas.com.ar\/sitio\/2-edicion-caja-de-ideas-herramientas\/","title":{"rendered":"2\u00b0 edici\u00f3n \u00abCaja de Ideas &#038; Herramientas\u00bb"},"content":{"rendered":"<p>El Ministerio de Turismo y Cultura en conjunto con el Ministerio de Educaci\u00f3n del Gobierno de San Juan invitan a participar de la 2\u00b0 edici\u00f3n \u201cCaja de Ideas &amp; Herramientas\u201d.<\/p>\n<p>Esta interesante propuesta pedag\u00f3gica es organizada por la Fundaci\u00f3n Bunge y Born\u00a0y desarrollado por la\u00a0Asociaci\u00f3n Amigos del Museo Nacional de Bellas Artes.<\/p>\n<p>Est\u00e1 destinado a docentes del Nivel Primario, Secundario y Superior, los cuales obtienen puntaje por su participaci\u00f3n.<\/p>\n<p>La formaci\u00f3n comienza el 6 de Octubre de 2022 y se desarrolla hasta el 3 de Noviembre, cuenta con cuatro encuentros virtuales v\u00eda YouTube en vivo y el cierre con un encuentro presencial en el Museo Provincial de Bellas Artes Franklin Rawson.<\/p>\n<p>Este programa de formaci\u00f3n propone brindar herramientas para trabajar conceptos fundamentales de las artes visuales y la historia del arte argentino, promoviendo potenciales relaciones con distintas disciplinas del conocimiento como ciencias naturales, lengua y literatura, matem\u00e1tica, ciencia y artes pl\u00e1sticas a trav\u00e9s del patrimonio del Museo Nacional de Bellas Artes, el Museo Provincial de Bellas Artes Franklin Rawson y el uso de recursos digitales online.<\/p>\n<p>El equipo de capacitadores para la 2\u00b0 edici\u00f3n \u201cCaja de Ideas &amp; Herramientas\u201d est\u00e1 integrado por el Lic. Emanuel D\u00edaz Ruiz, director del Museo de Bellas Artes Franklin Rawson de San Juan, investigador e historiador del arte de la UNSJ, Mariano Gilmore, coordinador de Educaci\u00f3n y Extensi\u00f3n Cultural en Amigos del Bellas Artes, Buenos Aires y Luz Arriaga, asistente del \u00e1rea de Educaci\u00f3n y Extensi\u00f3n Cultural en Amigos del Bellas Artes, Buenos Aires.<\/p>\n<p>Cabe destacar que desde el 2021 se realizaron las ediciones de Caja de Ideas &amp; Herramientas en la provincia de Corrientes, San Juan y C\u00f3rdoba.<\/p>\n<p><span style=\"color: #ff6600;\"><strong>Los interesados pueden inscribirse de forma gratuita en<\/strong><\/span><\/p>\n<p><a href=\"http:\/\/www.amigosdelbellasartes.org.ar\/cajaih\">www.amigosdelbellasartes.org.ar\/cajaih<\/a><\/p>\n<p><strong><span style=\"color: #ff6600;\">Consultas<\/span><\/strong><\/p>\n<p><a href=\"mailto:educacion@amigosdelbellasartes.org.ar\">educacion@amigosdelbellasartes.org.ar<\/a><\/p>\n<p>Publicado el Martes, 26 de Septiembre de 2022<\/p>\n","protected":false},"excerpt":{"rendered":"<p>El Ministerio de Turismo y Cultura en conjunto con el Ministerio de Educaci\u00f3n del Gobierno de San Juan invitan a<\/p>\n","protected":false},"author":3,"featured_media":52956,"comment_status":"closed","ping_status":"closed","sticky":false,"template":"","format":"standard","meta":{"_acf_changed":false,"_seopress_robots_primary_cat":"none","_seopress_titles_title":"","_seopress_titles_desc":"","_seopress_robots_index":"","colormag_page_container_layout":"default_layout","colormag_page_sidebar_layout":"default_layout","footnotes":""},"categories":[9],"tags":[],"class_list":["post-52954","post","type-post","status-publish","format-standard","has-post-thumbnail","hentry","category-cursos"],"acf":[],"_links":{"self":[{"href":"https:\/\/vocesparalelas.com.ar\/sitio\/wp-json\/wp\/v2\/posts\/52954","targetHints":{"allow":["GET"]}}],"collection":[{"href":"https:\/\/vocesparalelas.com.ar\/sitio\/wp-json\/wp\/v2\/posts"}],"about":[{"href":"https:\/\/vocesparalelas.com.ar\/sitio\/wp-json\/wp\/v2\/types\/post"}],"author":[{"embeddable":true,"href":"https:\/\/vocesparalelas.com.ar\/sitio\/wp-json\/wp\/v2\/users\/3"}],"replies":[{"embeddable":true,"href":"https:\/\/vocesparalelas.com.ar\/sitio\/wp-json\/wp\/v2\/comments?post=52954"}],"version-history":[{"count":1,"href":"https:\/\/vocesparalelas.com.ar\/sitio\/wp-json\/wp\/v2\/posts\/52954\/revisions"}],"predecessor-version":[{"id":52957,"href":"https:\/\/vocesparalelas.com.ar\/sitio\/wp-json\/wp\/v2\/posts\/52954\/revisions\/52957"}],"wp:featuredmedia":[{"embeddable":true,"href":"https:\/\/vocesparalelas.com.ar\/sitio\/wp-json\/wp\/v2\/media\/52956"}],"wp:attachment":[{"href":"https:\/\/vocesparalelas.com.ar\/sitio\/wp-json\/wp\/v2\/media?parent=52954"}],"wp:term":[{"taxonomy":"category","embeddable":true,"href":"https:\/\/vocesparalelas.com.ar\/sitio\/wp-json\/wp\/v2\/categories?post=52954"},{"taxonomy":"post_tag","embeddable":true,"href":"https:\/\/vocesparalelas.com.ar\/sitio\/wp-json\/wp\/v2\/tags?post=52954"}],"curies":[{"name":"wp","href":"https:\/\/api.w.org\/{rel}","templated":true}]}}