{"id":52940,"date":"2022-09-26T13:55:09","date_gmt":"2022-09-26T16:55:09","guid":{"rendered":"https:\/\/vocesparalelas.com.ar\/sitio\/?p=52940"},"modified":"2022-09-28T00:49:44","modified_gmt":"2022-09-28T03:49:44","slug":"obra-de-teatro-el-legado-de-la-pelu","status":"publish","type":"post","link":"https:\/\/vocesparalelas.com.ar\/sitio\/obra-de-teatro-el-legado-de-la-pelu\/","title":{"rendered":"Obra de Teatro \u00abEl legado de la Pelu\u00bb"},"content":{"rendered":"<p>El Jueves, 29 de Septiembre, a la 21:30 hs.; en el Cine Teatro Municipal dentro del ciclo de teatro independiente de obras p\u00fablicas,\u00a0 organizado por el Instituto Nacional del Teatro, sube a escena el elenco de adultas mayores \u00a0\u201cVintage Theatr\u00e9\u201d con la obra de Teatro \u201cEl legado de la Pelu\u201d.<\/p>\n<p>Dicha obra naci\u00f3 como cierre del taller anual de teatro 2021 \u201cAqu\u00ed y Ahora\u201d, \u00a0coordinado por la Profesora y actriz Celeste Castro. Dirigida a todo p\u00fablico<\/p>\n<p><strong><span style=\"color: #ff6600;\">Ficha T\u00e9cnica<\/span><\/strong><\/p>\n<ul>\n<li>G\u00e9nero: Humor<\/li>\n<li>Direcci\u00f3n y dramaturgia: Celeste Castro<\/li>\n<li>Actrices: Laura Conturzo, Silvia Castro, Liliana Nievas, Isabel \u00c1lvarez, Beatriz Herrera, Isabel Mattar, Sandra Cortez.<\/li>\n<\/ul>\n<p><strong><span style=\"color: #ff6600;\">S\u00edntesis argumental<\/span><\/strong><\/p>\n<p>Una hist\u00f3rica peluquer\u00eda de barrio, es el punto\u00a0 donde se desatar\u00e1 lo impredecible. Sus clientas de toda la vida, ya jubiladas, se revelan con el fin de cumplir sus sue\u00f1os de juventud. Dolly, la due\u00f1a, atravesada por relatos y situaciones de libertad,\u00a0 recibe la noticia m\u00e1s esperada, que la lleva a tomar una gran decisi\u00f3n.<\/p>\n<p><span style=\"color: #ff6600;\"><strong>Entradas<\/strong><\/span><\/p>\n<p>$500 anticipadas por :<\/p>\n<p><a href=\"https:\/\/agenda.municipiosanjuan.gob.ar\/evento\/631a6a012a69b4001d0ae43d\">https:\/\/agenda.municipiosanjuan.gob.ar\/evento\/631a6a012a69b4001d0ae43d<\/a><\/p>\n<p><img loading=\"lazy\" decoding=\"async\" class=\"alignnone size-full wp-image-52945\" src=\"https:\/\/vocesparalelas.com.ar\/sitio\/wp-content\/uploads\/2022\/09\/TEATRO-LEGADO-PELU-01.jpg\" alt=\"\" width=\"800\" height=\"800\" srcset=\"https:\/\/vocesparalelas.com.ar\/sitio\/wp-content\/uploads\/2022\/09\/TEATRO-LEGADO-PELU-01.jpg 800w, https:\/\/vocesparalelas.com.ar\/sitio\/wp-content\/uploads\/2022\/09\/TEATRO-LEGADO-PELU-01-300x300.jpg 300w, https:\/\/vocesparalelas.com.ar\/sitio\/wp-content\/uploads\/2022\/09\/TEATRO-LEGADO-PELU-01-150x150.jpg 150w, https:\/\/vocesparalelas.com.ar\/sitio\/wp-content\/uploads\/2022\/09\/TEATRO-LEGADO-PELU-01-768x768.jpg 768w\" sizes=\"auto, (max-width: 800px) 100vw, 800px\" \/><\/p>\n<p>Publicada el Lunes, 26 de Septiembre de 2022<\/p>\n","protected":false},"excerpt":{"rendered":"<p>El Jueves, 29 de Septiembre, a la 21:30 hs.; en el Cine Teatro Municipal dentro del ciclo de teatro independiente<\/p>\n","protected":false},"author":3,"featured_media":52942,"comment_status":"closed","ping_status":"closed","sticky":false,"template":"","format":"standard","meta":{"_acf_changed":false,"_seopress_robots_primary_cat":"none","_seopress_titles_title":"","_seopress_titles_desc":"","_seopress_robots_index":"","colormag_page_container_layout":"default_layout","colormag_page_sidebar_layout":"default_layout","footnotes":""},"categories":[20],"tags":[],"class_list":["post-52940","post","type-post","status-publish","format-standard","has-post-thumbnail","hentry","category-cartelera"],"acf":[],"_links":{"self":[{"href":"https:\/\/vocesparalelas.com.ar\/sitio\/wp-json\/wp\/v2\/posts\/52940","targetHints":{"allow":["GET"]}}],"collection":[{"href":"https:\/\/vocesparalelas.com.ar\/sitio\/wp-json\/wp\/v2\/posts"}],"about":[{"href":"https:\/\/vocesparalelas.com.ar\/sitio\/wp-json\/wp\/v2\/types\/post"}],"author":[{"embeddable":true,"href":"https:\/\/vocesparalelas.com.ar\/sitio\/wp-json\/wp\/v2\/users\/3"}],"replies":[{"embeddable":true,"href":"https:\/\/vocesparalelas.com.ar\/sitio\/wp-json\/wp\/v2\/comments?post=52940"}],"version-history":[{"count":3,"href":"https:\/\/vocesparalelas.com.ar\/sitio\/wp-json\/wp\/v2\/posts\/52940\/revisions"}],"predecessor-version":[{"id":52946,"href":"https:\/\/vocesparalelas.com.ar\/sitio\/wp-json\/wp\/v2\/posts\/52940\/revisions\/52946"}],"wp:featuredmedia":[{"embeddable":true,"href":"https:\/\/vocesparalelas.com.ar\/sitio\/wp-json\/wp\/v2\/media\/52942"}],"wp:attachment":[{"href":"https:\/\/vocesparalelas.com.ar\/sitio\/wp-json\/wp\/v2\/media?parent=52940"}],"wp:term":[{"taxonomy":"category","embeddable":true,"href":"https:\/\/vocesparalelas.com.ar\/sitio\/wp-json\/wp\/v2\/categories?post=52940"},{"taxonomy":"post_tag","embeddable":true,"href":"https:\/\/vocesparalelas.com.ar\/sitio\/wp-json\/wp\/v2\/tags?post=52940"}],"curies":[{"name":"wp","href":"https:\/\/api.w.org\/{rel}","templated":true}]}}