{"id":52934,"date":"2022-09-26T11:42:20","date_gmt":"2022-09-26T14:42:20","guid":{"rendered":"https:\/\/vocesparalelas.com.ar\/sitio\/?p=52934"},"modified":"2022-09-26T11:42:20","modified_gmt":"2022-09-26T14:42:20","slug":"se-reanuda-el-plenario-extraordinario-de-udap-2","status":"publish","type":"post","link":"https:\/\/vocesparalelas.com.ar\/sitio\/se-reanuda-el-plenario-extraordinario-de-udap-2\/","title":{"rendered":"Se reanuda el Plenario Extraordinario de UDAP"},"content":{"rendered":"<p>La Uni\u00f3n Docentes Agremiados Provinciales, UDAP, convoca a los Delegados Escolares de los distintos niveles y modalidades tanto de gesti\u00f3n p\u00fablica como privada del Sistema Educativo de San Juan, a la reanudaci\u00f3n del Plenario Extraordinario, para el Martes, 27 de Septiembre de 2022, a las 9:00 horas en sede de ASIJEMIN, sito en 9 de Julio 647 &#8211; O &#8211; Capital.<\/p>\n<p><span style=\"color: #339966;\"><strong>Orden del d\u00eda<\/strong><\/span><\/p>\n<ul>\n<li>Informe situaci\u00f3n Nacional<\/li>\n<li>Informe situaci\u00f3n provincial.<\/li>\n<\/ul>\n<p style=\"text-align: right;\">San Juan, 23 de Septiembre de 2022<\/p>\n<p style=\"text-align: right;\">Secretariado Ejecutivo<\/p>\n<p style=\"text-align: right;\">Luis Lucero Secretario General<\/p>\n<p>&nbsp;<\/p>\n<p>Publicado el Lunes, 23 de Septiembre de 2022<\/p>\n","protected":false},"excerpt":{"rendered":"<p>La Uni\u00f3n Docentes Agremiados Provinciales, UDAP, convoca a los Delegados Escolares de los distintos niveles y modalidades tanto de gesti\u00f3n<\/p>\n","protected":false},"author":3,"featured_media":52636,"comment_status":"closed","ping_status":"closed","sticky":false,"template":"","format":"standard","meta":{"_acf_changed":false,"_seopress_robots_primary_cat":"none","_seopress_titles_title":"","_seopress_titles_desc":"","_seopress_robots_index":"","colormag_page_container_layout":"default_layout","colormag_page_sidebar_layout":"default_layout","footnotes":""},"categories":[1],"tags":[],"class_list":["post-52934","post","type-post","status-publish","format-standard","has-post-thumbnail","hentry","category-destacadas"],"acf":[],"_links":{"self":[{"href":"https:\/\/vocesparalelas.com.ar\/sitio\/wp-json\/wp\/v2\/posts\/52934","targetHints":{"allow":["GET"]}}],"collection":[{"href":"https:\/\/vocesparalelas.com.ar\/sitio\/wp-json\/wp\/v2\/posts"}],"about":[{"href":"https:\/\/vocesparalelas.com.ar\/sitio\/wp-json\/wp\/v2\/types\/post"}],"author":[{"embeddable":true,"href":"https:\/\/vocesparalelas.com.ar\/sitio\/wp-json\/wp\/v2\/users\/3"}],"replies":[{"embeddable":true,"href":"https:\/\/vocesparalelas.com.ar\/sitio\/wp-json\/wp\/v2\/comments?post=52934"}],"version-history":[{"count":1,"href":"https:\/\/vocesparalelas.com.ar\/sitio\/wp-json\/wp\/v2\/posts\/52934\/revisions"}],"predecessor-version":[{"id":52936,"href":"https:\/\/vocesparalelas.com.ar\/sitio\/wp-json\/wp\/v2\/posts\/52934\/revisions\/52936"}],"wp:featuredmedia":[{"embeddable":true,"href":"https:\/\/vocesparalelas.com.ar\/sitio\/wp-json\/wp\/v2\/media\/52636"}],"wp:attachment":[{"href":"https:\/\/vocesparalelas.com.ar\/sitio\/wp-json\/wp\/v2\/media?parent=52934"}],"wp:term":[{"taxonomy":"category","embeddable":true,"href":"https:\/\/vocesparalelas.com.ar\/sitio\/wp-json\/wp\/v2\/categories?post=52934"},{"taxonomy":"post_tag","embeddable":true,"href":"https:\/\/vocesparalelas.com.ar\/sitio\/wp-json\/wp\/v2\/tags?post=52934"}],"curies":[{"name":"wp","href":"https:\/\/api.w.org\/{rel}","templated":true}]}}