{"id":52931,"date":"2022-09-26T12:59:34","date_gmt":"2022-09-26T15:59:34","guid":{"rendered":"https:\/\/vocesparalelas.com.ar\/sitio\/?p=52931"},"modified":"2022-09-28T01:25:06","modified_gmt":"2022-09-28T04:25:06","slug":"mes-mundial-del-alzheimer-es-conoce-la-demencia-conoce-el-alzheimer-y-buscan-voluntarios-de-argentina","status":"publish","type":"post","link":"https:\/\/vocesparalelas.com.ar\/sitio\/mes-mundial-del-alzheimer-es-conoce-la-demencia-conoce-el-alzheimer-y-buscan-voluntarios-de-argentina\/","title":{"rendered":"Mes Mundial del Alzheimer es \u201cConoc\u00e9 la demencia, conoc\u00e9 el Alzheimer\u00bb y buscan voluntarios de Argentina"},"content":{"rendered":"<div class=\"modules\">\n<div id=\"Component_blog-id_post-666-modules\">\n<div class=\"\">\n<div id=\"modules_blog-id_post-666-modules\" class=\"row\">\n<div class=\"module col-md-12 \">\n<div class=\"the-module ls\">\n<div id=\"m_1\" data-spy=\"scroll\" data-target=\"#subheader\">\n<div class=\"text-container relative simple_text\">\n<div class=\"text\">\n<p>Si bien factores relacionados al estilo de vida \u2013como la dieta, el sedentarismo o el h\u00e1bito de fumar\u2013 influyen en el riesgo de desarrollar Alzheimer, entre el 60% y el 80% de los casos tienen una base gen\u00e9tica. En este contexto, investigadores de todo el mundo rastrean como verdaderos detectives los genes detr\u00e1s de esta enfermedad neurodegenerativa que afecta a unos 45 millones de personas en todo el mundo y que se estima que padecen 500 mil argentinos.<\/p>\n<p>En Europa y Am\u00e9rica del Norte lograron determinar perfiles gen\u00e9ticos del Alzheimer asociados a su poblaci\u00f3n, lo que abre la puerta a pensar en el desarrollo de kits que permitan evaluar el riesgo gen\u00e9tico y as\u00ed definir estrategias para un tratamiento personalizado y m\u00e1s efectivo.<\/p>\n<p>En la Argentina, un grupo de cient\u00edficos locales, entre ellos la Dra. Laura Morelli, investigadora del CONICET en el Laboratorio de Envejecimiento Cerebral y Neurodegeneraci\u00f3n de la\u00a0Fundaci\u00f3n Instituto Leloir &#8211;\u00a0FIL -, busca avanzar en el mismo camino y determinar el perfil gen\u00e9tico de la enfermedad en el pa\u00eds, una tarea que iniciaron en 2014, pero que la pandemia dej\u00f3 en pausa.<\/p>\n<p>\u201cHasta ahora tenemos datos de unas 1.300 personas, que nos alcanza para validar (o no) descubrimientos realizados en poblaci\u00f3n europea, pero no para detectar nuevas variantes gen\u00e9ticas asociadas a las caracter\u00edsticas \u00e9tnicas de nuestra poblaci\u00f3n, a nuestra ancestr\u00eda. Para eso tenemos que escalar y llegar a unas 10.000 muestras\u201d, explic\u00f3 la Dra. Laura Morelli.<\/p>\n<p>El relanzamiento de la campa\u00f1a est\u00e1 orientado b\u00e1sicamente a la obtenci\u00f3n de muestras de saliva o sangre de personas de origen amerindio para poder contar con una base representativa local, por lo cual los interesados en colaborar deben ser mayores de 65 a\u00f1os y no tener ascendencia europea. El an\u00e1lisis de la informaci\u00f3n gen\u00e9tica de los voluntarios permitir\u00e1 identificar variantes de ADN cuya presencia indique probabilidad de desarrollar Alzheimer.<\/p>\n<p>\u201cGenotipificar a pacientes y controles &#8211; personas sanas &#8211; en poblaciones como la argentina, donde existe variedad gen\u00e9tica ancestral, permitir\u00e1 el desarrollo de un predictor de riesgo gen\u00e9tico &#8211; PRG &#8211; asociado a la enfermedad de Alzheimer m\u00e1s espec\u00edfico que si se usan los construidos con datos europeos\u201d, la investigadora, quien trabaja en Alzheimer desde comienzos de 1993, cuando viaj\u00f3 a Estados Unidos para realizar su primer posdoctorado en el Laboratorio de Patolog\u00eda de la Universidad de Nueva York.<\/p>\n<p>Seg\u00fan la especialista, la informaci\u00f3n que surja a partir de este proyecto posibilitar\u00e1 el desarrollo de un software con algoritmos que podr\u00e1 cruzar datos gen\u00e9ticos de una muestra de saliva o sangre con informaci\u00f3n de la historia cl\u00ednica y los antecedentes familiares de la persona para predecir su riesgo de Alzheimer. Esto posibilitar\u00e1 hacer un mejor seguimiento y, eventualmente, estudiar intervenciones que mejoren el pron\u00f3stico.<\/p>\n<\/div>\n<\/div>\n<\/div>\n<\/div>\n<\/div>\n<div class=\"module col-md-12 \">\n<div class=\"the-module ls\">\n<div id=\"m_3\" data-spy=\"scroll\" data-target=\"#subheader\">\n<div class=\"text-container relative simple_text\">\n<div class=\"text\">\n<p>\u201cEl sue\u00f1o de los que trabajamos en enfermedades complejas es poder generar un conocimiento que permita entender sus causas y delinear estrategias para el diagn\u00f3stico y tratamiento\u201d, se\u00f1al\u00f3 Morelli.<span style=\"color: #339966;\"><strong>Un d\u00eda para generar conciencia<\/strong><\/span><\/p>\n<p>La enfermedad de Alzheimer es un trastorno neurol\u00f3gico degenerativo que lleva a una p\u00e9rdida de la funci\u00f3n cerebral, lo que se manifiesta en el deterioro progresivo de la memoria, el pensamiento, el lenguaje y de las habilidades sociales y afecta la capacidad de una persona de vivir de forma independiente. Es la causa m\u00e1s com\u00fan de demencia. Seg\u00fan la Organizaci\u00f3n Mundial de la Salud &#8211; OMS -, en la actualidad m\u00e1s de 55 millones de personas viven con demencia, cifra que se estima aumentar\u00e1 a 78 millones para 2030 y a 139 millones en 2050.<\/p>\n<\/div>\n<\/div>\n<\/div>\n<\/div>\n<\/div>\n<div class=\"module col-md-12 \">\n<div class=\"the-module ls\">\n<div id=\"m_5\" data-spy=\"scroll\" data-target=\"#subheader\">\n<div class=\"text-container relative simple_text\">\n<div class=\"text\">\n<p dir=\"ltr\">Como es una enfermedad que impacta no s\u00f3lo en los pacientes sino tambi\u00e9n en sus familiares y cuidadores, desde hace 18 a\u00f1os cada 21 de septiembre se celebra el D\u00eda Mundial del Alzheimer como una manera de llamar la atenci\u00f3n y generar conciencia sobre esta patolog\u00eda que est\u00e1 cargada de estigmas y desconocimiento. Impulsado por Alzheimer\u2019s Disease International &#8211; ADI -, una federaci\u00f3n global de asociaciones de Alzheimer y demencia que trabaja en alianza con la OMS, una de las metas de este d\u00eda es lograr un mayor acceso al diagn\u00f3stico temprano: intervenir de manera precoz permite hacer m\u00e1s lento el avance de la enfermedad y mejorar la calidad de vida de los afectados.<\/p>\n<p>\u201cSi bien hoy no existe cura para el Alzheimer, la herramienta que queremos desarrollar permitir\u00e1 aumentar la calidad y precisi\u00f3n del diagn\u00f3stico, mejorando as\u00ed el manejo cl\u00ednico de los pacientes de nuestro pa\u00eds. Definir un predictor de riesgo gen\u00e9tico es el primer paso hacia la medicina de precisi\u00f3n\u201d &#8211; concluy\u00f3 la Dra. Laura Morelli.<\/p>\n<p>Pr\u00f3ximamente se conoce c\u00f3mo preinscribirse para poder participar.<\/p>\n<p dir=\"ltr\">Fuente:\u00a0Fundaci\u00f3n Instituto Leloir<\/p>\n<p dir=\"ltr\">Publicado el Lunes, 26 de Septiembre de 2022<\/p>\n<\/div>\n<\/div>\n<\/div>\n<\/div>\n<\/div>\n<\/div>\n<\/div>\n<\/div>\n<\/div>\n<p>&nbsp;<\/p>\n<div class=\"banner ls aos-init\" data-aos=\"fade-down\"><\/div>\n","protected":false},"excerpt":{"rendered":"<p>Si bien factores relacionados al estilo de vida \u2013como la dieta, el sedentarismo o el h\u00e1bito de fumar\u2013 influyen en<\/p>\n","protected":false},"author":3,"featured_media":52933,"comment_status":"closed","ping_status":"closed","sticky":false,"template":"","format":"standard","meta":{"_acf_changed":false,"_seopress_robots_primary_cat":"none","_seopress_titles_title":"","_seopress_titles_desc":"","_seopress_robots_index":"","colormag_page_container_layout":"default_layout","colormag_page_sidebar_layout":"default_layout","footnotes":""},"categories":[2],"tags":[],"class_list":["post-52931","post","type-post","status-publish","format-standard","has-post-thumbnail","hentry","category-convocatorias"],"acf":[],"_links":{"self":[{"href":"https:\/\/vocesparalelas.com.ar\/sitio\/wp-json\/wp\/v2\/posts\/52931","targetHints":{"allow":["GET"]}}],"collection":[{"href":"https:\/\/vocesparalelas.com.ar\/sitio\/wp-json\/wp\/v2\/posts"}],"about":[{"href":"https:\/\/vocesparalelas.com.ar\/sitio\/wp-json\/wp\/v2\/types\/post"}],"author":[{"embeddable":true,"href":"https:\/\/vocesparalelas.com.ar\/sitio\/wp-json\/wp\/v2\/users\/3"}],"replies":[{"embeddable":true,"href":"https:\/\/vocesparalelas.com.ar\/sitio\/wp-json\/wp\/v2\/comments?post=52931"}],"version-history":[{"count":3,"href":"https:\/\/vocesparalelas.com.ar\/sitio\/wp-json\/wp\/v2\/posts\/52931\/revisions"}],"predecessor-version":[{"id":52939,"href":"https:\/\/vocesparalelas.com.ar\/sitio\/wp-json\/wp\/v2\/posts\/52931\/revisions\/52939"}],"wp:featuredmedia":[{"embeddable":true,"href":"https:\/\/vocesparalelas.com.ar\/sitio\/wp-json\/wp\/v2\/media\/52933"}],"wp:attachment":[{"href":"https:\/\/vocesparalelas.com.ar\/sitio\/wp-json\/wp\/v2\/media?parent=52931"}],"wp:term":[{"taxonomy":"category","embeddable":true,"href":"https:\/\/vocesparalelas.com.ar\/sitio\/wp-json\/wp\/v2\/categories?post=52931"},{"taxonomy":"post_tag","embeddable":true,"href":"https:\/\/vocesparalelas.com.ar\/sitio\/wp-json\/wp\/v2\/tags?post=52931"}],"curies":[{"name":"wp","href":"https:\/\/api.w.org\/{rel}","templated":true}]}}