{"id":52903,"date":"2022-09-23T21:57:42","date_gmt":"2022-09-24T00:57:42","guid":{"rendered":"https:\/\/vocesparalelas.com.ar\/sitio\/?p=52903"},"modified":"2022-09-26T23:07:47","modified_gmt":"2022-09-27T02:07:47","slug":"int-san-juan-con-logros-impactantes-para-la-comunidad","status":"publish","type":"post","link":"https:\/\/vocesparalelas.com.ar\/sitio\/int-san-juan-con-logros-impactantes-para-la-comunidad\/","title":{"rendered":"INT San Juan con logros impactantes para la comunidad"},"content":{"rendered":"<p>La Representaci\u00f3n San Juan del Instituto Nacional del Teatro desarrolla programas con el objetivo de fortalecer y fomentar la actividad teatral en la provincia y acercarse a la comunidad.<\/p>\n<p>En cogesti\u00f3n con el Ministerio de Turismo y Cultura de la Provincia y con apoyo de diversas instituciones, los planes del INT avanzan a paso firme, dejando huellas.<\/p>\n<p>Andrea Terranova, la representante del INT en San Juan coment\u00f3 que \u201cestamos muy satisfechos con el trabajo que se viene realizando, los planes son diversos y abarcan distintos sectores de la comunidad.\u201d<\/p>\n<p><strong><span style=\"color: #339966;\">\u00bfCu\u00e1les son los Programas?<\/span><\/strong><\/p>\n<p>A continuaci\u00f3n, un detalle de cada una de las acciones que se vienen desarrollando en la provincia, impulsadas por el INT.<\/p>\n<p><span style=\"color: #339966;\"><strong>Generaci\u00f3n T, Primera Experiencia Teatral en la Escuela<\/strong><\/span><\/p>\n<p>Esta propuesta surge como una iniciativa de acercar el teatro a la escuela, a trav\u00e9s de funciones que se realizar\u00e1n en diferentes instituciones de nivel primario y secundario de San Juan.<\/p>\n<p>Se prioriza para la programaci\u00f3n aquellos establecimientos en las que sus estudiantes no han tenido nunca la experiencia de asistir al teatro o de ver una funci\u00f3n.<\/p>\n<p>El plan tiene que ver con la primera generaci\u00f3n de espectadores teatrales, una primera experiencia que visibilice la actividad local pero que tambi\u00e9n signifique un acercamiento de los j\u00f3venes al teatro como una propuesta art\u00edstica cultural.<\/p>\n<p>Hasta el momento se han realizado m\u00e1s de 40 funciones de distintos elencos en diferentes establecimientos de departamentos de la provincia de San Juan Rawson, Sarmiento, Angaco, Albard\u00f3n, Zonda, Iglesia, Chimbas, Rivadavia, Capital, 25 de Mayo, Caucete y 9 de Julio.<\/p>\n<p>M\u00e1s de 2600 estudiantes de nivel primario y secundario han disfrutado del teatro por primera vez.<\/p>\n<p><span style=\"color: #339966;\"><strong>Teatro Cardinal, Corredores Provinciales de Teatro Sanjuanino<\/strong><\/span><\/p>\n<p>Este programa consiste en vincular el teatro con diversas comunidades de departamentos alejados. Diez elencos giran por la provincia, llevando sus funciones a espacios no convencionales, con el objetivo de generar una l\u00ednea\/ corredor de circulaci\u00f3n de espect\u00e1culos teatrales que inviten a la inclusi\u00f3n y el acceso de la comunidad al teatro.<\/p>\n<p>Desde julio este plan se lleva a cabo, con m\u00e1s de 30 funciones realizadas<\/p>\n<p><span style=\"color: #339966;\"><strong>Obras P\u00fablicas, Ciclo de Teatro Independiente en Espacios P\u00fablicos <\/strong><\/span><\/p>\n<p>Este ciclo, como su nombre lo indica, realizar\u00e1 funciones de teatro en diferentes espacios oficiales de San Juan.<\/p>\n<p>El plan tiene que ver con la idea de lo p\u00fablico, no s\u00f3lo por el desarrollo del ciclo en espacios oficiales sino tambi\u00e9n con la idea del teatro como una actividad que apuesta a la participaci\u00f3n de la comunidad para posibilitar el acceso a la cultura. Se realizan obras que ser\u00e1n p\u00fablicas, en el m\u00e1s amplio de los sentidos.<\/p>\n<p>Las entradas tienen un valor de $500 para p\u00fablico general y un cupo reservado para organizaciones de la sociedad civil, cooperativas y asociaciones que podr\u00e1n acceder de manera gratuita.<\/p>\n<p><span style=\"color: #339966;\"><strong>Teatrines, Programa Federal de Teatro para Ni\u00f1eces Creativas <\/strong><\/span><\/p>\n<p>El ciclo Teatrines es una iniciativa del Ministerio de Cultura y el Instituto Nacional del Teatro (INT), que incluir\u00e1 alrededor de 800 funciones en diversas localidades de todo el territorio argentino.<\/p>\n<p>San Juan, es parte de la programaci\u00f3n del plan federal y se est\u00e1n desarrollando funciones desde fines de agosto.<\/p>\n<p>El objetivo del programa, que se realiz\u00f3 el a\u00f1o pasado por primera vez, busca visibilizar la labor de teatristas argentinos, que a lo largo y a lo ancho del pa\u00eds generan producciones de teatro destinadas a las infancias, adolescencia y familias, y a fortalecer lazos con p\u00fablicos de diferentes ciudades, tanto en espacios abiertos como cerrados, plazas, comedores, centros barriales, escuelas, centros vecinales, clubes y otros, en donde se pueda lograr el objetivo de aumentar audiencias, fomentando la participaci\u00f3n y posibilitando el encuentro entre la comunidad y la comunidad con el sector teatral.<\/p>\n<p>Para m\u00e1s informaci\u00f3n pueden consultar las redes sociales de la Representaci\u00f3n San Juan en las que, semana a semana y a medida que se coordinan las funciones, se actualiza la programaci\u00f3n de cada plan.<\/p>\n<ul>\n<li>Facebook: <a href=\"https:\/\/www.facebook.com\/sanjuan.inteatro\/\">https:\/\/www.facebook.com\/sanjuan.inteatro\/<\/a><\/li>\n<li>Instagram: <a href=\"https:\/\/www.instagram.com\/sanjuan_inteatro\/\">https:\/\/www.instagram.com\/sanjuan_inteatro\/<\/a><\/li>\n<li>Representaci\u00f3n INT San Juan<\/li>\n<li>C\u00e1mara de Diputados de San Juan, 4to piso, oficina 409; 0264-4294467\/4211750 Int. 467<\/li>\n<li>Representante INT San Juan: Andrea Terranova 2644 89-7548<\/li>\n<\/ul>\n<p><img loading=\"lazy\" decoding=\"async\" class=\"alignnone size-full wp-image-52905\" src=\"https:\/\/vocesparalelas.com.ar\/sitio\/wp-content\/uploads\/2022\/09\/INT-SAN-JUAN-01.jpg\" alt=\"\" width=\"800\" height=\"312\" srcset=\"https:\/\/vocesparalelas.com.ar\/sitio\/wp-content\/uploads\/2022\/09\/INT-SAN-JUAN-01.jpg 800w, https:\/\/vocesparalelas.com.ar\/sitio\/wp-content\/uploads\/2022\/09\/INT-SAN-JUAN-01-300x117.jpg 300w, https:\/\/vocesparalelas.com.ar\/sitio\/wp-content\/uploads\/2022\/09\/INT-SAN-JUAN-01-768x300.jpg 768w\" sizes=\"auto, (max-width: 800px) 100vw, 800px\" \/><\/p>\n<p>&nbsp;<\/p>\n<p><img loading=\"lazy\" decoding=\"async\" class=\"alignnone size-large wp-image-1815\" src=\"https:\/\/vocesparalelas.com.ar\/sitio\/wp-content\/uploads\/2017\/06\/SAN-JUAN-CIUDAD-01-7-800x531.jpg\" alt=\"\" width=\"800\" height=\"531\" srcset=\"https:\/\/vocesparalelas.com.ar\/sitio\/wp-content\/uploads\/2017\/06\/SAN-JUAN-CIUDAD-01-7.jpg 800w, https:\/\/vocesparalelas.com.ar\/sitio\/wp-content\/uploads\/2017\/06\/SAN-JUAN-CIUDAD-01-7-300x199.jpg 300w, https:\/\/vocesparalelas.com.ar\/sitio\/wp-content\/uploads\/2017\/06\/SAN-JUAN-CIUDAD-01-7-768x510.jpg 768w\" sizes=\"auto, (max-width: 800px) 100vw, 800px\" \/><\/p>\n<p>Publicado el Viernes, 23 de Septiembre de 2022<\/p>\n","protected":false},"excerpt":{"rendered":"<p>La Representaci\u00f3n San Juan del Instituto Nacional del Teatro desarrolla programas con el objetivo de fortalecer y fomentar la actividad<\/p>\n","protected":false},"author":3,"featured_media":7575,"comment_status":"closed","ping_status":"closed","sticky":false,"template":"","format":"standard","meta":{"_acf_changed":false,"_seopress_robots_primary_cat":"none","_seopress_titles_title":"","_seopress_titles_desc":"","_seopress_robots_index":"","colormag_page_container_layout":"default_layout","colormag_page_sidebar_layout":"default_layout","footnotes":""},"categories":[5],"tags":[],"class_list":["post-52903","post","type-post","status-publish","format-standard","has-post-thumbnail","hentry","category-ofrecimientos"],"acf":[],"_links":{"self":[{"href":"https:\/\/vocesparalelas.com.ar\/sitio\/wp-json\/wp\/v2\/posts\/52903","targetHints":{"allow":["GET"]}}],"collection":[{"href":"https:\/\/vocesparalelas.com.ar\/sitio\/wp-json\/wp\/v2\/posts"}],"about":[{"href":"https:\/\/vocesparalelas.com.ar\/sitio\/wp-json\/wp\/v2\/types\/post"}],"author":[{"embeddable":true,"href":"https:\/\/vocesparalelas.com.ar\/sitio\/wp-json\/wp\/v2\/users\/3"}],"replies":[{"embeddable":true,"href":"https:\/\/vocesparalelas.com.ar\/sitio\/wp-json\/wp\/v2\/comments?post=52903"}],"version-history":[{"count":1,"href":"https:\/\/vocesparalelas.com.ar\/sitio\/wp-json\/wp\/v2\/posts\/52903\/revisions"}],"predecessor-version":[{"id":52906,"href":"https:\/\/vocesparalelas.com.ar\/sitio\/wp-json\/wp\/v2\/posts\/52903\/revisions\/52906"}],"wp:featuredmedia":[{"embeddable":true,"href":"https:\/\/vocesparalelas.com.ar\/sitio\/wp-json\/wp\/v2\/media\/7575"}],"wp:attachment":[{"href":"https:\/\/vocesparalelas.com.ar\/sitio\/wp-json\/wp\/v2\/media?parent=52903"}],"wp:term":[{"taxonomy":"category","embeddable":true,"href":"https:\/\/vocesparalelas.com.ar\/sitio\/wp-json\/wp\/v2\/categories?post=52903"},{"taxonomy":"post_tag","embeddable":true,"href":"https:\/\/vocesparalelas.com.ar\/sitio\/wp-json\/wp\/v2\/tags?post=52903"}],"curies":[{"name":"wp","href":"https:\/\/api.w.org\/{rel}","templated":true}]}}