{"id":52893,"date":"2022-09-24T00:22:49","date_gmt":"2022-09-24T03:22:49","guid":{"rendered":"https:\/\/vocesparalelas.com.ar\/sitio\/?p=52893"},"modified":"2022-09-24T00:22:49","modified_gmt":"2022-09-24T03:22:49","slug":"se-firmo-convenio-para-obra-de-pavimentacion-de-los-departamentos-de-san-juan","status":"publish","type":"post","link":"https:\/\/vocesparalelas.com.ar\/sitio\/se-firmo-convenio-para-obra-de-pavimentacion-de-los-departamentos-de-san-juan\/","title":{"rendered":"Se firm\u00f3 convenio para obra de pavimentaci\u00f3n de los Departamentos de San Juan"},"content":{"rendered":"<p>En la jornada de este viernes, en Casa de Gobierno se desarroll\u00f3 la firma de convenio entre el Gobierno de la Provincia y los municipios, en el marco del Plan Urbano de Pavimentaci\u00f3n y Repavimentaci\u00f3n de la Red Vial Municipal, Primera Etapa, a trav\u00e9s del Ministerio de Obras y Servicios P\u00fablicos.<\/p>\n<p>El acto estuvo presidido por el gobernador Sergio U\u00f1ac, acompa\u00f1ado por los ministros de Gobierno, Dr. Alberto Hensel y de Obras y Servicios P\u00fablicos, Ing. Julio Ortiz Andino; los intendentes de Capital, Dr. Emilio Baistrocchi; de Rawson, Tec. Rub\u00e9n Garc\u00eda; de Santa Luc\u00eda, CPN Juan Jos\u00e9 Orrego; de Pocito, Armando S\u00e1nchez; de Sarmiento, Mario Mart\u00edn; de 25 de Mayo, Dr. Juan Carlos Quiroga Moyano; de Caucete, Lic. Romina Rosas; de Valle F\u00e9rtil, Omar Ortiz; de Albard\u00f3n, Arq. Jorge Palmero; de Angaco, Carlos Maza Peze; de J\u00e1chal, CPN Miguel Vega; de Iglesia, Dr. Jorge Espejo; de Calingasta, Jorge Casta\u00f1eda; de San Mart\u00edn, CPN Cristian Andino; de Zonda, Miguel At\u00e1mpiz y de Ullum, Leopoldo Soler; la presidente del Concejo Deliberante de Chimbas, Noelia Tortarolo y su par de 9 de Julio, Roberto N\u00fa\u00f1ez, diputados provinciales; el secretario de Obras y Servicios P\u00fablicos, Carlos Roll\u00e1n; el director de Vialidad Provincial, Alfredo Ceballos y dem\u00e1s funcionarios provinciales y municipales.<\/p>\n<p>Las obras de pavimentaci\u00f3n y repavimentaci\u00f3n de las arterias viales de los departamentos sanjuaninos tiene como finalidad lograr adecuadas condiciones de transitabilidad para los servicios de transporte p\u00fablico de pasajeros y de los usuarios en general, facilitando la circulaci\u00f3n hasta los lugares de trabajo, centros de salud y establecimientos educativos, como as\u00ed tambi\u00e9n a las \u00e1reas comerciales productivas y de esparcimiento p\u00fablico.<\/p>\n<p>En este sentido, Gobierno y municipios de la provincia aportaron el 50 por ciento respectivamente del total de la obra, que asciende a $3.040.743.974.<\/p>\n<p>El acto comenz\u00f3 con las palabras del intendente de la Municipalidad de Caucete, Lic. Romina Rosas en representaci\u00f3n de sus pares y explic\u00f3 que \u00abcon respecto a las obras de saneamiento emprendidas en su departamento, \u201ceste plan de repavimentaci\u00f3n permitir\u00e1 mejorar la calidad de vida de las zonas a las que a\u00fan no hemos podido llegar. Agradecemos el aporte econ\u00f3mico del Gobierno, dado que \u201ccomo municipios, nos hubiera sido imposible llegar a cada una de las arterias. El pavimento mejora la calidad de vida delos ciudadanos, as\u00ed que seguiremos trabajando en esta l\u00ednea\u201d.<\/p>\n<p>Luego, el director de Vialidad Provincial, Ing. Alfredo Ceballos, quien destac\u00f3 que \u00abel convenio surge de un gran esfuerzo entre la Provincia y los municipios, como claro ejemplo del resultado de un gran trabajo en equipo para garantizar el adecuado tr\u00e1nsito de los usuarios por los caminos, con el objetivo de mejorar la infraestructura vial para la comunidad, como el servicio del transporte p\u00fablico y la circulaci\u00f3n de los usuarios hasta los lugares de trabajo, entre otros beneficios\u201d. Adem\u00e1s, el funcionario agreg\u00f3 que operan coordinadamente con otros organismos, como OSSE y concluy\u00f3 agradeciendo el esfuerzo de Gobierno y municipios para el mejoramiento de los caminos\u00bb.<\/p>\n<p>Seguidamente, el Gobernador de San Juan, Dr. Sergio U\u00f1ac expres\u00f3 que \u00abel plan repavimentaci\u00f3n y pavimentaci\u00f3n es un paso muy importante para el municipalismo y se refiri\u00f3 a la reciente presentaci\u00f3n de los Planes Estrat\u00e9gicos para la planificaci\u00f3n de municipios, con la participaci\u00f3n de la Uni\u00f3n Iberoamericana de Municipalistas, UIM\u00bb.<\/p>\n<p>\u201cPlanificar nos permite apreciar cu\u00e1l es el perfil econ\u00f3mico que los intendentes y su comunidad quieren darle a su departamento, como por ejemplo, hasta d\u00f3nde quiere extender la zona urbana de su municipio para no afectar lo productivo y lo industrial, proteger las zonas rurales y armar el plan de obras para establecer prioridades sobre lo urgente y lo inmediato\u201d.<\/p>\n<p><iframe loading=\"lazy\" title=\"DR SERGIO U\u00d1AC\" width=\"800\" height=\"450\" src=\"https:\/\/www.youtube.com\/embed\/B2vuvFxvtXw?feature=oembed\" frameborder=\"0\" allow=\"accelerometer; autoplay; clipboard-write; encrypted-media; gyroscope; picture-in-picture\" allowfullscreen><\/iframe><\/p>\n<p>Para finalizar cada intendente firm\u00f3 el convenio junto a las autoridades para que se logre efectivizar los avances de obras de pavimentaci\u00f3n en cada departamento de San Juan.<\/p>\n<p><strong><span style=\"color: #339966;\">Detalle de los montos destinados a cada departamento para las obras de pavimentaci\u00f3n<\/span><\/strong><\/p>\n<p><img loading=\"lazy\" decoding=\"async\" class=\"alignnone size-large wp-image-52895\" src=\"https:\/\/vocesparalelas.com.ar\/sitio\/wp-content\/uploads\/2022\/09\/CONVENIO-MUNICIPALIDADES-02-775x800.jpg\" alt=\"\" width=\"775\" height=\"800\" srcset=\"https:\/\/vocesparalelas.com.ar\/sitio\/wp-content\/uploads\/2022\/09\/CONVENIO-MUNICIPALIDADES-02-775x800.jpg 775w, https:\/\/vocesparalelas.com.ar\/sitio\/wp-content\/uploads\/2022\/09\/CONVENIO-MUNICIPALIDADES-02-291x300.jpg 291w, https:\/\/vocesparalelas.com.ar\/sitio\/wp-content\/uploads\/2022\/09\/CONVENIO-MUNICIPALIDADES-02-768x793.jpg 768w, https:\/\/vocesparalelas.com.ar\/sitio\/wp-content\/uploads\/2022\/09\/CONVENIO-MUNICIPALIDADES-02.jpg 800w\" sizes=\"auto, (max-width: 775px) 100vw, 775px\" \/><\/p>\n<p>Publicado el Viernes, 23 de Septiembre de 2022<\/p>\n<p>&nbsp;<\/p>\n","protected":false},"excerpt":{"rendered":"<p>En la jornada de este viernes, en Casa de Gobierno se desarroll\u00f3 la firma de convenio entre el Gobierno de<\/p>\n","protected":false},"author":3,"featured_media":52896,"comment_status":"closed","ping_status":"closed","sticky":false,"template":"","format":"video","meta":{"_acf_changed":false,"_seopress_robots_primary_cat":"none","_seopress_titles_title":"","_seopress_titles_desc":"","_seopress_robots_index":"","colormag_page_container_layout":"default_layout","colormag_page_sidebar_layout":"default_layout","footnotes":""},"categories":[1,7],"tags":[],"class_list":["post-52893","post","type-post","status-publish","format-video","has-post-thumbnail","hentry","category-destacadas","category-videos","post_format-post-format-video"],"acf":[],"_links":{"self":[{"href":"https:\/\/vocesparalelas.com.ar\/sitio\/wp-json\/wp\/v2\/posts\/52893","targetHints":{"allow":["GET"]}}],"collection":[{"href":"https:\/\/vocesparalelas.com.ar\/sitio\/wp-json\/wp\/v2\/posts"}],"about":[{"href":"https:\/\/vocesparalelas.com.ar\/sitio\/wp-json\/wp\/v2\/types\/post"}],"author":[{"embeddable":true,"href":"https:\/\/vocesparalelas.com.ar\/sitio\/wp-json\/wp\/v2\/users\/3"}],"replies":[{"embeddable":true,"href":"https:\/\/vocesparalelas.com.ar\/sitio\/wp-json\/wp\/v2\/comments?post=52893"}],"version-history":[{"count":1,"href":"https:\/\/vocesparalelas.com.ar\/sitio\/wp-json\/wp\/v2\/posts\/52893\/revisions"}],"predecessor-version":[{"id":52897,"href":"https:\/\/vocesparalelas.com.ar\/sitio\/wp-json\/wp\/v2\/posts\/52893\/revisions\/52897"}],"wp:featuredmedia":[{"embeddable":true,"href":"https:\/\/vocesparalelas.com.ar\/sitio\/wp-json\/wp\/v2\/media\/52896"}],"wp:attachment":[{"href":"https:\/\/vocesparalelas.com.ar\/sitio\/wp-json\/wp\/v2\/media?parent=52893"}],"wp:term":[{"taxonomy":"category","embeddable":true,"href":"https:\/\/vocesparalelas.com.ar\/sitio\/wp-json\/wp\/v2\/categories?post=52893"},{"taxonomy":"post_tag","embeddable":true,"href":"https:\/\/vocesparalelas.com.ar\/sitio\/wp-json\/wp\/v2\/tags?post=52893"}],"curies":[{"name":"wp","href":"https:\/\/api.w.org\/{rel}","templated":true}]}}