{"id":52881,"date":"2022-09-23T21:57:20","date_gmt":"2022-09-24T00:57:20","guid":{"rendered":"https:\/\/vocesparalelas.com.ar\/sitio\/?p=52881"},"modified":"2022-09-23T21:57:20","modified_gmt":"2022-09-24T00:57:20","slug":"expresion-del-intendente-de-la-municipalidad-de-rivadavia-dr-fabian-martin","status":"publish","type":"post","link":"https:\/\/vocesparalelas.com.ar\/sitio\/expresion-del-intendente-de-la-municipalidad-de-rivadavia-dr-fabian-martin\/","title":{"rendered":"Expresi\u00f3n del Intendente de la Municipalidad de Rivadavia, Dr. Fabi\u00e1n Mart\u00edn"},"content":{"rendered":"<p>Me encuentro sorprendido porque la Municipalidad de Rivadavia no fue incluida ni invitada, para la firma de convenio de Pavimentaci\u00f3n entre Provincia y Municipios.<\/p>\n<p>Para Rivadavia es esencial contar con la ejecuci\u00f3n de esta obra tan significativa para todos nuestros vecinos. De hecho, contamos con los fondos necesarios para afrontar la inversi\u00f3n que a nuestro municipio le corresponde.<\/p>\n<p>Desde Febrero, venimos bregando por la concreci\u00f3n del pavimento. Jam\u00e1s nos hemos expresado en sentido contrario.<\/p>\n<p>Desconocemos, por lo tanto, los motivos por los que Rivadavia fue excluida arbitrariamente de la firma de convenio para obras de pavimentaci\u00f3n en los municipios de San Juan..<\/p>\n<p>Estamos dispuestos a dialogar con el Gobierno de San Juan para resolver esta situaci\u00f3n.<\/p>\n<p>Publicado el Viernes, 23 de Septiembre de 2022<\/p>\n","protected":false},"excerpt":{"rendered":"<p>Me encuentro sorprendido porque la Municipalidad de Rivadavia no fue incluida ni invitada, para la firma de convenio de Pavimentaci\u00f3n<\/p>\n","protected":false},"author":3,"featured_media":14480,"comment_status":"closed","ping_status":"closed","sticky":false,"template":"","format":"standard","meta":{"_acf_changed":false,"_seopress_robots_primary_cat":"none","_seopress_titles_title":"","_seopress_titles_desc":"","_seopress_robots_index":"","colormag_page_container_layout":"default_layout","colormag_page_sidebar_layout":"default_layout","footnotes":""},"categories":[1],"tags":[],"class_list":["post-52881","post","type-post","status-publish","format-standard","has-post-thumbnail","hentry","category-destacadas"],"acf":[],"_links":{"self":[{"href":"https:\/\/vocesparalelas.com.ar\/sitio\/wp-json\/wp\/v2\/posts\/52881","targetHints":{"allow":["GET"]}}],"collection":[{"href":"https:\/\/vocesparalelas.com.ar\/sitio\/wp-json\/wp\/v2\/posts"}],"about":[{"href":"https:\/\/vocesparalelas.com.ar\/sitio\/wp-json\/wp\/v2\/types\/post"}],"author":[{"embeddable":true,"href":"https:\/\/vocesparalelas.com.ar\/sitio\/wp-json\/wp\/v2\/users\/3"}],"replies":[{"embeddable":true,"href":"https:\/\/vocesparalelas.com.ar\/sitio\/wp-json\/wp\/v2\/comments?post=52881"}],"version-history":[{"count":1,"href":"https:\/\/vocesparalelas.com.ar\/sitio\/wp-json\/wp\/v2\/posts\/52881\/revisions"}],"predecessor-version":[{"id":52883,"href":"https:\/\/vocesparalelas.com.ar\/sitio\/wp-json\/wp\/v2\/posts\/52881\/revisions\/52883"}],"wp:featuredmedia":[{"embeddable":true,"href":"https:\/\/vocesparalelas.com.ar\/sitio\/wp-json\/wp\/v2\/media\/14480"}],"wp:attachment":[{"href":"https:\/\/vocesparalelas.com.ar\/sitio\/wp-json\/wp\/v2\/media?parent=52881"}],"wp:term":[{"taxonomy":"category","embeddable":true,"href":"https:\/\/vocesparalelas.com.ar\/sitio\/wp-json\/wp\/v2\/categories?post=52881"},{"taxonomy":"post_tag","embeddable":true,"href":"https:\/\/vocesparalelas.com.ar\/sitio\/wp-json\/wp\/v2\/tags?post=52881"}],"curies":[{"name":"wp","href":"https:\/\/api.w.org\/{rel}","templated":true}]}}