{"id":52874,"date":"2022-09-23T21:25:35","date_gmt":"2022-09-24T00:25:35","guid":{"rendered":"https:\/\/vocesparalelas.com.ar\/sitio\/?p=52874"},"modified":"2022-09-24T21:55:07","modified_gmt":"2022-09-25T00:55:07","slug":"obra-de-teatro-vestido-de-verano-en-san-juan","status":"publish","type":"post","link":"https:\/\/vocesparalelas.com.ar\/sitio\/obra-de-teatro-vestido-de-verano-en-san-juan\/","title":{"rendered":"Obra de Teatro \u201cVestido de Verano\u201d en San Juan"},"content":{"rendered":"<p>Ficci\u00f3n sobre la resiliencia de dos ni\u00f1as que quedaron hu\u00e9rfanas en el terremoto de 1944 en San Juan, el S\u00e1bado, 24 de Septiembre, a las 22 hs.; en el Espacio\u00a0<em>Teatral \u00ab<\/em>T\u00edteres en Serio\u00bb &#8211; <em>TeS.<\/em><\/p>\n<p><span style=\"color: #008000;\"><strong>Venta de Entradas<\/strong><\/span><\/p>\n<p style=\"background: white; margin: 0cm 0cm 19.5pt 0cm;\"><span style=\"font-family: 'Verdana',sans-serif; color: #222222;\"> <a href=\"https:\/\/www.eventbrite.com.ar\/e\/vestido-de-verano-teatro-tickets-414381154187\">https:\/\/www.eventbrite.com.ar\/e\/vestido-de-verano-teatro-tickets-414381154187<\/a>.<\/span><\/p>\n<ul>\n<li style=\"background: white;\"><span style=\"font-family: 'Verdana',sans-serif; color: #222222;\">Anticipada online $650<\/span><\/li>\n<li style=\"background: white;\"><span style=\"font-family: 'Verdana',sans-serif; color: #222222;\">En boleter\u00eda $800<\/span><\/li>\n<\/ul>\n<p><span style=\"color: #339966;\"><strong>Sinopsis<\/strong><\/span><\/p>\n<p>Rosario llega a San Juan a s\u00f3lo d\u00edas del terremoto de 1977 que afect\u00f3 a la provincia. El tren la trae con sus indescifrables recuerdos y su memoria a\u00fan golpeada por un pasado esquivo. Llegar\u00e1 a entender porque su nombre, su olvido y su dolor.<\/p>\n<p><span style=\"color: #008000;\"><strong>Resumen<\/strong><\/span><\/p>\n<p>Rosario llega a la provincia de San Juan d\u00edas despu\u00e9s de producirse el terremoto del 1977. Qued\u00f3 hu\u00e9rfana a causa del tr\u00e1gico siniestro que su produjo en 1944. Para ella regresar a su tierra natal, es sanar heridas que permanecieron ocultas durante d\u00e9cadas, solo para olvidar tanto sufrimiento al perder su familia. Trae consigo, aquellos recuerdos de quien se convirtiera en su hermana de la tragedia, en el peor momento de su infancia.<\/p>\n<p>Ya no queda nada de la casa de su ni\u00f1ez, solo quedan sus l\u00e1grimas y su nombre, por siempre\u2026 Rosario.<\/p>\n<p><iframe loading=\"lazy\" title=\"TEATRO VESTIDO DE VERANO\" width=\"800\" height=\"450\" src=\"https:\/\/www.youtube.com\/embed\/Foq01jNCTxs?feature=oembed\" frameborder=\"0\" allow=\"accelerometer; autoplay; clipboard-write; encrypted-media; gyroscope; picture-in-picture\" allowfullscreen><\/iframe><\/p>\n<p><span style=\"color: #008000;\"><strong>Ficha T\u00e9cnica<\/strong><\/span><\/p>\n<ul>\n<li>Dramaturgia: Eduardo Avila<\/li>\n<li>Puesta en escena: Elenco La esquina @elencolaesquinasj<\/li>\n<li>Act\u00faan: Luli Pontoriero @lulipontorieroatr<\/li>\n<li>Natalia Castro @naty.lcastrorv<\/li>\n<li>Rosa P\u00e1ez @rosairpaez<\/li>\n<li>Eliana Acosta @mariaeliana.acosta<\/li>\n<li>Producci\u00f3n: Eliana Acosta<\/li>\n<li>T\u00e9cnico: Leonardo Avila @leo.avilaa<\/li>\n<li>Direcci\u00f3n: Eduardo Avila<\/li>\n<\/ul>\n<p>e-mail: <a href=\"mailto:elenco.laesquina@gmail.com\">elenco.laesquina@gmail.com<\/a><\/p>\n<p>Sitio web: <a href=\"https:\/\/elencolaesquina.wixsite.com\/misitio\">https:\/\/elencolaesquina.wixsite.com\/misitio<\/a><\/p>\n<p><img loading=\"lazy\" decoding=\"async\" class=\"alignnone size-full wp-image-52913\" src=\"https:\/\/vocesparalelas.com.ar\/sitio\/wp-content\/uploads\/2022\/09\/VESTIDO-VERANO-NENAS.jpg\" alt=\"\" width=\"800\" height=\"600\" srcset=\"https:\/\/vocesparalelas.com.ar\/sitio\/wp-content\/uploads\/2022\/09\/VESTIDO-VERANO-NENAS.jpg 800w, https:\/\/vocesparalelas.com.ar\/sitio\/wp-content\/uploads\/2022\/09\/VESTIDO-VERANO-NENAS-300x225.jpg 300w, https:\/\/vocesparalelas.com.ar\/sitio\/wp-content\/uploads\/2022\/09\/VESTIDO-VERANO-NENAS-768x576.jpg 768w\" sizes=\"auto, (max-width: 800px) 100vw, 800px\" \/><\/p>\n<p><img loading=\"lazy\" decoding=\"async\" class=\"alignnone size-full wp-image-52915\" src=\"https:\/\/vocesparalelas.com.ar\/sitio\/wp-content\/uploads\/2022\/09\/VESTIDO-VERANO-02.jpg\" alt=\"\" width=\"800\" height=\"533\" srcset=\"https:\/\/vocesparalelas.com.ar\/sitio\/wp-content\/uploads\/2022\/09\/VESTIDO-VERANO-02.jpg 800w, https:\/\/vocesparalelas.com.ar\/sitio\/wp-content\/uploads\/2022\/09\/VESTIDO-VERANO-02-300x200.jpg 300w, https:\/\/vocesparalelas.com.ar\/sitio\/wp-content\/uploads\/2022\/09\/VESTIDO-VERANO-02-768x512.jpg 768w\" sizes=\"auto, (max-width: 800px) 100vw, 800px\" \/><\/p>\n<p>Publicado el Viernes, 23 de Septiembre de 2022<\/p>\n","protected":false},"excerpt":{"rendered":"<p>Ficci\u00f3n sobre la resiliencia de dos ni\u00f1as que quedaron hu\u00e9rfanas en el terremoto de 1944 en San Juan, el S\u00e1bado,<\/p>\n","protected":false},"author":3,"featured_media":52876,"comment_status":"closed","ping_status":"closed","sticky":false,"template":"","format":"video","meta":{"_acf_changed":false,"_seopress_robots_primary_cat":"none","_seopress_titles_title":"","_seopress_titles_desc":"","_seopress_robots_index":"","colormag_page_container_layout":"default_layout","colormag_page_sidebar_layout":"default_layout","footnotes":""},"categories":[20,7],"tags":[],"class_list":["post-52874","post","type-post","status-publish","format-video","has-post-thumbnail","hentry","category-cartelera","category-videos","post_format-post-format-video"],"acf":[],"_links":{"self":[{"href":"https:\/\/vocesparalelas.com.ar\/sitio\/wp-json\/wp\/v2\/posts\/52874","targetHints":{"allow":["GET"]}}],"collection":[{"href":"https:\/\/vocesparalelas.com.ar\/sitio\/wp-json\/wp\/v2\/posts"}],"about":[{"href":"https:\/\/vocesparalelas.com.ar\/sitio\/wp-json\/wp\/v2\/types\/post"}],"author":[{"embeddable":true,"href":"https:\/\/vocesparalelas.com.ar\/sitio\/wp-json\/wp\/v2\/users\/3"}],"replies":[{"embeddable":true,"href":"https:\/\/vocesparalelas.com.ar\/sitio\/wp-json\/wp\/v2\/comments?post=52874"}],"version-history":[{"count":5,"href":"https:\/\/vocesparalelas.com.ar\/sitio\/wp-json\/wp\/v2\/posts\/52874\/revisions"}],"predecessor-version":[{"id":52916,"href":"https:\/\/vocesparalelas.com.ar\/sitio\/wp-json\/wp\/v2\/posts\/52874\/revisions\/52916"}],"wp:featuredmedia":[{"embeddable":true,"href":"https:\/\/vocesparalelas.com.ar\/sitio\/wp-json\/wp\/v2\/media\/52876"}],"wp:attachment":[{"href":"https:\/\/vocesparalelas.com.ar\/sitio\/wp-json\/wp\/v2\/media?parent=52874"}],"wp:term":[{"taxonomy":"category","embeddable":true,"href":"https:\/\/vocesparalelas.com.ar\/sitio\/wp-json\/wp\/v2\/categories?post=52874"},{"taxonomy":"post_tag","embeddable":true,"href":"https:\/\/vocesparalelas.com.ar\/sitio\/wp-json\/wp\/v2\/tags?post=52874"}],"curies":[{"name":"wp","href":"https:\/\/api.w.org\/{rel}","templated":true}]}}