{"id":52860,"date":"2022-09-22T23:06:04","date_gmt":"2022-09-23T02:06:04","guid":{"rendered":"https:\/\/vocesparalelas.com.ar\/sitio\/?p=52860"},"modified":"2022-09-23T02:06:17","modified_gmt":"2022-09-23T05:06:17","slug":"conferencia-la-economia-que-viene-y-la-oportunidad-argentina-2","status":"publish","type":"post","link":"https:\/\/vocesparalelas.com.ar\/sitio\/conferencia-la-economia-que-viene-y-la-oportunidad-argentina-2\/","title":{"rendered":"Conferencia \u201cLa Econom\u00eda que viene y la Oportunidad Argentina\u201d"},"content":{"rendered":"<p>Para dar comienzo a la Conferencia \u201cLa Econom\u00eda que viene y la Oportunidad Argentina\u201d se conform\u00f3 una mesa acad\u00e9mica constituida por el\u00a0vicegobernador CPN Roberto Gattoni, el gobernador, Dr. Sergio U\u00f1ac, el el presidente del Banco San Juan, Sebasti\u00e1n Eskenazi y el Lic. Carlos Melconian.<\/p>\n<p><img loading=\"lazy\" decoding=\"async\" class=\"alignnone size-full wp-image-52864\" src=\"https:\/\/vocesparalelas.com.ar\/sitio\/wp-content\/uploads\/2022\/09\/MELCONIAN-CARLOS-03.jpg\" alt=\"\" width=\"800\" height=\"533\" srcset=\"https:\/\/vocesparalelas.com.ar\/sitio\/wp-content\/uploads\/2022\/09\/MELCONIAN-CARLOS-03.jpg 800w, https:\/\/vocesparalelas.com.ar\/sitio\/wp-content\/uploads\/2022\/09\/MELCONIAN-CARLOS-03-300x200.jpg 300w, https:\/\/vocesparalelas.com.ar\/sitio\/wp-content\/uploads\/2022\/09\/MELCONIAN-CARLOS-03-768x512.jpg 768w\" sizes=\"auto, (max-width: 800px) 100vw, 800px\" \/><\/p>\n<p>El Gobernador, Dr. Sergio U\u00f1ac manifest\u00f3 que \u201centend\u00edamos que no es usual el poder dialogar en nuestro pa\u00eds. Hemos hablado mucho y hemos escuchado poco. En la ma\u00f1ana de hoy el sector privado y p\u00fablico sanjuanino, que en definitiva somos lo mismo, tenemos los mismos objetivos. Nos hemos animado a poner sobre la mesa lo que hemos construido en San Juan\u201d.<\/p>\n<p>\u201cNos hemos animado a ser disruptivos en San Juan. Lo hicieron los sanjuaninos con la intenci\u00f3n de generar mejores condiciones de vida. Que las futuras generaciones puedan tener la certeza que desde ac\u00e1 podamos construir nuestro propio pa\u00eds. Consolidar lo que hemos construido y que podemos so\u00f1ar con las cosas que tenemos que seguir construyendo\u201d.<\/p>\n<p>\u201cLos sanjuaninos tomamos como pol\u00edtica de Estado gastar menos de lo que nos ingresa, con un presupuesto equilibrado con alto porcentaje destinado a la inversi\u00f3n p\u00fablica. Que eso crezca y bajen los gastos corrientes. Que en la composici\u00f3n del empleo tenga un fuerte componente el empleo privado, porque eso habla de pr\u00e1cticas de buen gobierno que ejecutamos en el d\u00eda\u201d.<\/p>\n<p>\u00abAgradezco la oportunidad al presidente del Banco San Juan, entidad organizadora del evento, de escuchar a Melconian. Es una charla descontracturada, desdramatizamos la pol\u00edtica e intentamos que ambas tengan los mismos objetivos, pero que puedan transitar por canales separados y eso lo hemos puesto en pr\u00e1ctica en la provincia de San Juan en los \u00faltimos 20 a\u00f1os\u201d.<\/p>\n<p>Posteriormente,\u00a0 el presidente del Banco San Juan, Sebasti\u00e1n Eskenazi subray\u00f3 que <strong>\u201c<\/strong>hace tiempo que el gobernador plante\u00f3 la necesidad de escuchar distintas voces, sin importar de d\u00f3nde ven\u00edan, sino lo que pod\u00edan sumar\u201d.<\/p>\n<p><iframe loading=\"lazy\" title=\"BSJ SEBASTI\u00c1N ESKENAZI\" width=\"800\" height=\"450\" src=\"https:\/\/www.youtube.com\/embed\/IgDaDoh6W18?feature=oembed\" frameborder=\"0\" allow=\"accelerometer; autoplay; clipboard-write; encrypted-media; gyroscope; picture-in-picture\" allowfullscreen><\/iframe><\/p>\n<p>De esta manera, se dio paso a la exposici\u00f3n del Lic. Carlos Melconian inici\u00f3 la Conferencia \u201cLa Econom\u00eda que viene y la Oportunidad Argentina\u201d haciendo referencia al pasado, presente y el futuro del pa\u00eds con respecto a lo econ\u00f3mico y sobre cu\u00e1les son, desde su punto de vista, los cambios que se deber\u00edan implementar en la Argentina, a la vez que ofreci\u00f3 un panorama detallado de su visi\u00f3n sobre la econom\u00eda y aspectos pol\u00edticos del pa\u00eds.<\/p>\n<figure id=\"attachment_52863\" aria-describedby=\"caption-attachment-52863\" style=\"width: 800px\" class=\"wp-caption alignnone\"><img loading=\"lazy\" decoding=\"async\" class=\"size-full wp-image-52863\" src=\"https:\/\/vocesparalelas.com.ar\/sitio\/wp-content\/uploads\/2022\/09\/MELCONIAN-CARLOS-02.jpg\" alt=\"\" width=\"800\" height=\"533\" srcset=\"https:\/\/vocesparalelas.com.ar\/sitio\/wp-content\/uploads\/2022\/09\/MELCONIAN-CARLOS-02.jpg 800w, https:\/\/vocesparalelas.com.ar\/sitio\/wp-content\/uploads\/2022\/09\/MELCONIAN-CARLOS-02-300x200.jpg 300w, https:\/\/vocesparalelas.com.ar\/sitio\/wp-content\/uploads\/2022\/09\/MELCONIAN-CARLOS-02-768x512.jpg 768w\" sizes=\"auto, (max-width: 800px) 100vw, 800px\" \/><figcaption id=\"caption-attachment-52863\" class=\"wp-caption-text\">Lic. Carlos Melconian<\/figcaption><\/figure>\n<p>&nbsp;<\/p>\n<p><iframe loading=\"lazy\" title=\"LIC CARLOS MELCONIAN\" width=\"800\" height=\"450\" src=\"https:\/\/www.youtube.com\/embed\/THjLZzHybpM?feature=oembed\" frameborder=\"0\" allow=\"accelerometer; autoplay; clipboard-write; encrypted-media; gyroscope; picture-in-picture\" allowfullscreen><\/iframe><\/p>\n<p>En este marco, se mostr\u00f3 optimista de \u00abque, en una simbiosis entre profesionalismo, econom\u00eda y pol\u00edtica, se pueda mejorar en la Argentina\u201d.<\/p>\n<p><iframe loading=\"lazy\" title=\"LIC CARLOS MELCONIAN\" width=\"800\" height=\"450\" src=\"https:\/\/www.youtube.com\/embed\/OpA6luw-noU?feature=oembed\" frameborder=\"0\" allow=\"accelerometer; autoplay; clipboard-write; encrypted-media; gyroscope; picture-in-picture\" allowfullscreen><\/iframe><\/p>\n<p>&nbsp;<\/p>\n<p><img loading=\"lazy\" decoding=\"async\" class=\"alignnone size-full wp-image-52865\" src=\"https:\/\/vocesparalelas.com.ar\/sitio\/wp-content\/uploads\/2022\/09\/MELCONIAN-CARLOS-04.jpg\" alt=\"\" width=\"800\" height=\"533\" srcset=\"https:\/\/vocesparalelas.com.ar\/sitio\/wp-content\/uploads\/2022\/09\/MELCONIAN-CARLOS-04.jpg 800w, https:\/\/vocesparalelas.com.ar\/sitio\/wp-content\/uploads\/2022\/09\/MELCONIAN-CARLOS-04-300x200.jpg 300w, https:\/\/vocesparalelas.com.ar\/sitio\/wp-content\/uploads\/2022\/09\/MELCONIAN-CARLOS-04-768x512.jpg 768w\" sizes=\"auto, (max-width: 800px) 100vw, 800px\" \/><\/p>\n<p>&nbsp;<\/p>\n<figure id=\"attachment_52866\" aria-describedby=\"caption-attachment-52866\" style=\"width: 800px\" class=\"wp-caption alignnone\"><img loading=\"lazy\" decoding=\"async\" class=\"size-full wp-image-52866\" src=\"https:\/\/vocesparalelas.com.ar\/sitio\/wp-content\/uploads\/2022\/09\/MELCONIAN-CARLOS-05.jpg\" alt=\"\" width=\"800\" height=\"533\" srcset=\"https:\/\/vocesparalelas.com.ar\/sitio\/wp-content\/uploads\/2022\/09\/MELCONIAN-CARLOS-05.jpg 800w, https:\/\/vocesparalelas.com.ar\/sitio\/wp-content\/uploads\/2022\/09\/MELCONIAN-CARLOS-05-300x200.jpg 300w, https:\/\/vocesparalelas.com.ar\/sitio\/wp-content\/uploads\/2022\/09\/MELCONIAN-CARLOS-05-768x512.jpg 768w\" sizes=\"auto, (max-width: 800px) 100vw, 800px\" \/><figcaption id=\"caption-attachment-52866\" class=\"wp-caption-text\">Lic. Carlos Melconian<\/figcaption><\/figure>\n<p>Publicado el Jueves, 22 de Septiembre de 2022<\/p>\n<p>&nbsp;<\/p>\n","protected":false},"excerpt":{"rendered":"<p>Para dar comienzo a la Conferencia \u201cLa Econom\u00eda que viene y la Oportunidad Argentina\u201d se conform\u00f3 una mesa acad\u00e9mica constituida<\/p>\n","protected":false},"author":3,"featured_media":52862,"comment_status":"closed","ping_status":"closed","sticky":false,"template":"","format":"video","meta":{"_acf_changed":false,"_seopress_robots_primary_cat":"none","_seopress_titles_title":"","_seopress_titles_desc":"","_seopress_robots_index":"","colormag_page_container_layout":"default_layout","colormag_page_sidebar_layout":"default_layout","footnotes":""},"categories":[1,7],"tags":[],"class_list":["post-52860","post","type-post","status-publish","format-video","has-post-thumbnail","hentry","category-destacadas","category-videos","post_format-post-format-video"],"acf":[],"_links":{"self":[{"href":"https:\/\/vocesparalelas.com.ar\/sitio\/wp-json\/wp\/v2\/posts\/52860","targetHints":{"allow":["GET"]}}],"collection":[{"href":"https:\/\/vocesparalelas.com.ar\/sitio\/wp-json\/wp\/v2\/posts"}],"about":[{"href":"https:\/\/vocesparalelas.com.ar\/sitio\/wp-json\/wp\/v2\/types\/post"}],"author":[{"embeddable":true,"href":"https:\/\/vocesparalelas.com.ar\/sitio\/wp-json\/wp\/v2\/users\/3"}],"replies":[{"embeddable":true,"href":"https:\/\/vocesparalelas.com.ar\/sitio\/wp-json\/wp\/v2\/comments?post=52860"}],"version-history":[{"count":1,"href":"https:\/\/vocesparalelas.com.ar\/sitio\/wp-json\/wp\/v2\/posts\/52860\/revisions"}],"predecessor-version":[{"id":52867,"href":"https:\/\/vocesparalelas.com.ar\/sitio\/wp-json\/wp\/v2\/posts\/52860\/revisions\/52867"}],"wp:featuredmedia":[{"embeddable":true,"href":"https:\/\/vocesparalelas.com.ar\/sitio\/wp-json\/wp\/v2\/media\/52862"}],"wp:attachment":[{"href":"https:\/\/vocesparalelas.com.ar\/sitio\/wp-json\/wp\/v2\/media?parent=52860"}],"wp:term":[{"taxonomy":"category","embeddable":true,"href":"https:\/\/vocesparalelas.com.ar\/sitio\/wp-json\/wp\/v2\/categories?post=52860"},{"taxonomy":"post_tag","embeddable":true,"href":"https:\/\/vocesparalelas.com.ar\/sitio\/wp-json\/wp\/v2\/tags?post=52860"}],"curies":[{"name":"wp","href":"https:\/\/api.w.org\/{rel}","templated":true}]}}