{"id":52830,"date":"2022-09-21T20:22:49","date_gmt":"2022-09-21T23:22:49","guid":{"rendered":"https:\/\/vocesparalelas.com.ar\/sitio\/?p=52830"},"modified":"2022-09-22T20:23:13","modified_gmt":"2022-09-22T23:23:13","slug":"temario-de-la-sesion-del-periodo-ordinario-de-la-camara-de-diputados-de-san-juan","status":"publish","type":"post","link":"https:\/\/vocesparalelas.com.ar\/sitio\/temario-de-la-sesion-del-periodo-ordinario-de-la-camara-de-diputados-de-san-juan\/","title":{"rendered":"Temario de la Sesi\u00f3n del Per\u00edodo Ordinario de la C\u00e1mara de Diputados de San Juan"},"content":{"rendered":"<div class=\"itemFullText jbintrotext\">\n<p>Tras el despacho favorable de las comisiones de Justicia y Seguridad, y Legislaci\u00f3n y Asuntos Constitucionales, es tratado en el recinto el proyecto de Ley remitido por la Corte de Justicia que propone un nuevo C\u00f3digo Procesal de Familia, el Jueves, 22 de Septiembre, a las 9.30 horas.<\/p>\n<\/div>\n<div class=\"itemFullText\">\n<p>En la ocasi\u00f3n, tambi\u00e9n pondr\u00e1n en consideraci\u00f3n tres proyectos de Ley, uno de adquisici\u00f3n de un inmueble ubicado en Pocito con destino a la ejecuci\u00f3n de la Obra: Autopista Ruta Nacional N\u00b0 40; otro que propone un R\u00e9gimen Preventivo y de Control de compraventa y actividades relacionados con los metales no ferrosos; y un tercero referido a la ratificaci\u00f3n de un Acta Acuerdo sobre la implementaci\u00f3n de segmentaci\u00f3n de subsidios de energ\u00eda el\u00e9ctrica.<\/p>\n<p><strong><span style=\"color: #800080;\">Por \u00faltimo, el cuerpo legislativo abordar\u00e1 varios proyectos de Resoluci\u00f3n para declarar de inter\u00e9s:\u00a0<\/span><\/strong><\/p>\n<ul>\n<li>Primer Congreso Latinoamericano de Ciencia, Tecnolog\u00eda y Sociedad;<\/li>\n<li>XXV Congreso Nacional de Estudiantes de Ingenier\u00eda Qu\u00edmica y carreras afines &#8211; CoNEIQ y\u00a0III Congreso Binacional de Estudiantes de Ingenier\u00eda Qu\u00edmica &#8211; Argentina-Chile -;<\/li>\n<li>III Modelo de Naciones Unidas;<\/li>\n<li>\u00abPremios Micr\u00f3fonos\u00bb Y \u00abMicr\u00f3fono de Oro\u00bb;<\/li>\n<li>\u00abEncuentro Deportivo Nacional de Profesionales en Ciencias Econ\u00f3micas\u201d; la<\/li>\n<li>\u00ab2\u00b0 Jornada Regional del Sector P\u00fablico 2022, bajo el lema: \u00abLiderar el cambio hacia la digitalizaci\u00f3n del estado, un desaf\u00edo en pos de la mejora continua\u00bb.<\/li>\n<\/ul>\n<p><span style=\"color: #800080;\"><strong>C\u00f3digo Procesal de Familia<\/strong><\/span><\/p>\n<p>Tras el despacho favorable de las respectivas comisiones, la C\u00e1mara de Diputados considerar\u00e1 debatir en el recinto un proyecto de Ley presentado por la Corte de Justicia, que propone la readecuaci\u00f3n del C\u00f3digo Procesal de Familia al nuevo C\u00f3digo Civil y Comercial de la Naci\u00f3n y con las disposiciones contenidas en los instrumentos internacionales en materia de Derechos Humanos, emple\u00e1ndose un lenguaje claro e inclusivo.<\/p>\n<p>La propuesta de ley se encuentra dividida en dos Libros, el primero contiene la Parte General y el segundo la Parte Especial. En la primera, se destaca el desarrollo de los principios procesales que inspiran toda la normativa, como son el de acceso a la Justicia, la tutela judicial efectiva, la inmediaci\u00f3n, la buena fe y lealtad procesal, la oficiosidad, oralidad y acceso limitado al expediente. Se ha dado tratamiento especial a la situaci\u00f3n de las personas vulnerables, conforme lo disponen los Tratados Internacionales de Derechos Humanos, con especial consideraci\u00f3n a los ni\u00f1os, ni\u00f1as y adolescentes y personas con discapacidad.<\/p>\n<p>En la segunda parte, se regula cada proceso de familia en particular. Este proyecto prioriza la simplificaci\u00f3n y fortalece el rol activo del Juez o la Jueza, en atenci\u00f3n al principio de inmediaci\u00f3n, al impulso del proceso por audiencias, al contacto directo con las partes y el material del proceso en todas sus etapas. Asimismo, los fundamentos del proyecto manifiestan que este nuevo C\u00f3digo, otorga prioridad al proceso de Violencia Familiar, regulando un tr\u00e1mite acorde a la particular situaci\u00f3n que atraviesan los miembros de la familia afectada y evitando la revictimizaci\u00f3n de las personas involucradas.<\/p>\n<p>En materia de capacidad jur\u00eddica, son recibidas las disposiciones del C\u00f3digo Civil y Comercial y los lineamientos de la Convenci\u00f3n Internacional sobre los Derechos de las Personas con Discapacidad. Para los casos en que se requiera la designaci\u00f3n de un apoyo sin necesidad de restringir jur\u00eddicamente la capacidad, se contempla que podr\u00e1 ser solicitado en un proceso voluntario, siendo la Provincia de San Juan la primera en legislar, mediante este C\u00f3digo, \u00e9ste particular proceso.<\/p>\n<p>Tambi\u00e9n, propone regular el control de legalidad de las internaciones involuntarias por razones de salud mental, problem\u00e1tica social que ha tenido especial recepci\u00f3n legislativa en la Ley Nacional de Salud Mental N\u00b0 26.657, y que contiene tambi\u00e9n a las adicciones. En lo relativo al Sistema de Protecci\u00f3n de Derechos de ni\u00f1os, ni\u00f1as y adolescentes, y control de legalidad de medidas excepcionales de protecci\u00f3n, se siguen los lineamientos fijados por la Convenci\u00f3n Internacional sobre los Derechos del Ni\u00f1o, que tuvo especial acogida en el derecho interno de gobernador con distinguida nuestro pa\u00eds a trav\u00e9s de la Ley N\u00b0 26.061. En ese marco normativo, el proceso se desarrolla con la tarea coordinada de la Direcci\u00f3n Provincial de Ni\u00f1ez, Adolescencia y Familia, y del Poder Judicial.<\/p>\n<p><span style=\"color: #800080;\"><strong>Adquisici\u00f3n de inmueble de Pocito<\/strong><\/span><\/p>\n<p>Luego, los diputados pondr\u00e1n a consideraci\u00f3n un proyecto de Ley del Poder Ejecutivo, mediante Mensaje N\u00ba 44, el cual propone aprobar un convenio de adquisici\u00f3n directa de inmueble, suscripto el 11 de marzo de 2022, entre el ingeniero. Jorge Rafael Deiana, Jefe del 90 Distrito San Juan, en representaci\u00f3n de la Direcci\u00f3n Nacional de Vialidad, y el gobernador de la Provincia de San Juan, Sergio Mauricio U\u00f1ac, para la adquisici\u00f3n de inmueble en el departamento Pocito, Provincia de San Juan, con destino a la ejecuci\u00f3n de la Obra: Autopista Ruta Nacional N\u00b0 40 \u2014 Tramo: Limite Interprovincial Mendoza &#8211; San Juan Intersecci\u00f3n Acceso Sur y RP N\u00b0 179 \u2014 Secci\u00f3n II: Tres Esquinas \u2014 Intersecci\u00f3n RN N\u00b0 40 y RP N\u00b0 295 (Acceso a Cochagual).<\/p>\n<p><span style=\"color: #800080;\"><strong>R\u00e9gimen Preventivo y de Control de compraventa y actividades relacionados con los metales no ferrosos<\/strong><\/span><\/p>\n<p>Despu\u00e9s, los legisladores abordar\u00e1n un proyecto de Ley remitido por el Poder Ejecutivo, mediante Mensaje N\u00ba 45, que apunta a regular la actividad de personas humanas o jur\u00eddicas dedicadas de manera principal o accesoria, permanente o eventual al acopio de metales no ferrosos, su adquisici\u00f3n a t\u00edtulo gratuito u oneroso, compra venta y transporte de dichos productos, tales como desarmaderos, chatarrer\u00edas y dep\u00f3sitos, recuperadoras, cualquiera fuere su denominaci\u00f3n. La actividad minera queda expresamente exceptuada.<\/p>\n<p><span style=\"color: #800080;\"><strong>Implementaci\u00f3n de segmentaci\u00f3n de subsidios de energ\u00eda el\u00e9ctrica<\/strong><\/span><\/p>\n<p>M\u00e1s tarde, la Legislatura pondr\u00e1 a consideraci\u00f3n un proyecto de Ley del Ejecutivo, mediante Mensaje N\u00ba 49, que propone ratificar el Acta Acuerdo para la implementaci\u00f3n de la segmentaci\u00f3n de subsidios a los usuarios residenciales de los servicios p\u00fablicos de energ\u00eda el\u00e9ctrica y gas natural por red, suscripta el 20 de julio de 2022, entre la Subsecretar\u00eda de Coordinaci\u00f3n Institucional de Energ\u00eda de la Secretar\u00eda de Energ\u00eda del Ministerio de Econom\u00eda, representada por Guillermo Adolfo Usandivaras, y el Poder Concedente del Servicio P\u00fablico de Distribuci\u00f3n de Energ\u00eda El\u00e9ctrica en Baja, Media y Alta Tensi\u00f3n, la Actividad de Comercializaci\u00f3n y la Generaci\u00f3n en Localidades Aisladas en la Provincia de San Juan, por la otra parte, representada por el ministro de Obras y Servicios P\u00fablicos, Julio Ortiz Andino.<\/p>\n<p><span style=\"color: #800080;\"><strong>Proyectos de Resoluci\u00f3n<\/strong><\/span><\/p>\n<p>Asimismo, el cuerpo parlamentario dar\u00e1 tratamiento en el recinto los siguientes proyectos de Resoluci\u00f3n que proponen declarar de inter\u00e9s:<\/p>\n<ul>\n<li>Cient\u00edfico, Tecnol\u00f3gico, Social y Cultural, el 1er Congreso Latinoamericano de Ciencia, Tecnolog\u00eda y Sociedad, organizado en forma conjunta por la Universidad Nacional de San Juan, la Universidad Cat\u00f3lica de Cuyo y el Gobierno de San Juan a desarrollarse los d\u00edas 8, 9, 10 y 11 de noviembre de 2022, en la provincia. (Diputado Juan Carlos Abarca)<\/li>\n<li>Social, Cultural y Educativo, el XXV Congreso Nacional de Estudiantes de Ingenier\u00eda Qu\u00edmica y carreras afines (CoNEIQ), y el III Congreso Binacional de Estudiantes de Ingenier\u00eda Qu\u00edmica (Argentina-Chile), organizado por ASEIAQ (Asociaci\u00f3n Civil Sanjuanina de Estudiantes de Ingenier\u00eda en Alimentos y Qu\u00edmica), a realizarse los d\u00edas 24, 25, 26, 27 y 28 de octubre de 2022. (Diputado Gast\u00f3n Berenguer)<\/li>\n<li>Social, Cultural y Educativo al III MODELO DE NACIONES UNIDAS, organizado por la Asociaci\u00f3n Civil JAS &#8211; J\u00f3venes por una Agenda Sostenible (IGPJ: 3322)-, a desarrollarse en la provincia de San Juan durante los d\u00edas 12, 13 y 14 de octubre de 2022. (Diputado Rub\u00e9n Carri\u00f3n)<\/li>\n<li>Cultural y Social a los \u00abPremios Micr\u00f3fonos\u00bb Y \u00abMicr\u00f3fono de Oro\u00bb. Evento que se realizar\u00e1 el d\u00eda 30 de septiembre del presente, en el Cine Teatro Municipal de la Ciudad de San Juan. (Diputado Sim\u00f3n Ortiz)<\/li>\n<li>Deportivo, Social y Cultural, la Participaci\u00f3n de Profesionales en Ciencias Econ\u00f3micas de la Provincia de San Juan, en el \u00abEncuentro Deportivo Nacional de Profesionales en Ciencias Econ\u00f3micas, a desarrollarse los d\u00edas 27,28,29 y 30 del corriente a\u00f1o, en la Localidad de Concordia, provincia de Entre R\u00edos. (Diputado Rodolfo Jalife)<\/li>\n<li>Educativo y Social, el encuentro de la \u00ab2\u00b0 Jornada Regional del Sector P\u00fablico 2022, bajo el lema: \u00abLiderar el cambio hacia la digitalizaci\u00f3n del estado, un desaf\u00edo en pos de la mejora continua\u00bb, organizado por el Consejo Profesional de Ciencias Econ\u00f3micas de la Provincia de San Juan, a desarrollarse los d\u00edas 17,18 y 19 de noviembre del corriente a\u00f1o, en la Sede del mencionado Consejo. (Diputado Rodolfo Jalife)<\/li>\n<li>Social y Cultural, los festejos por el \u00abPrimer Aniversario de la Agrupaci\u00f3n Gaucha Nuestra Patrona de Santa Luc\u00eda\u00bb. (Diputado Carlos Platero)<\/li>\n<li>Social y Cultural, el \u201cPrimer Moto Encuentro Internacional de Motoqueros\u201d denominado \u00abTierra del Sol\u00bb. (Interbloque Juntos por el Cambio).<strong>\u00a0<\/strong><\/li>\n<\/ul>\n<p><span style=\"color: #800080;\"><strong>Proyectos que ingresan a comisiones<\/strong><\/span><\/p>\n<p>Por otra parte, durante la sesi\u00f3n tomar\u00e1 estado parlamentario los siguientes proyectos de Ley remitidos por el Poder Ejecutivo que proponen:<\/p>\n<ul>\n<li>Reglamentar la incorporaci\u00f3n a la planta permanente de la Administraci\u00f3n P\u00fablica Provincial de San Juan.<\/li>\n<li>Aprobar el convenio marco de cooperaci\u00f3n suscripto entre el Ministerio de Producci\u00f3n y Desarrollo Econ\u00f3mico, Ministerio de Salud P\u00fablica y Cannabis Medicinal San Juan Sociedad del Estado.<\/li>\n<li>Aprobar el Acta de Implementaci\u00f3n e Intenci\u00f3n suscripta entre la Secretar\u00eda de la Peque\u00f1a y Mediana Empresa y los Emprendedores del Ministerio de Desarrollo Productivo de la Naci\u00f3n, y el Gobierno de la provincia de San Juan.<\/li>\n<li>Ratificar el convenio de asistencia financiera suscripto entre el Ente Nacional de Obras H\u00eddricas de Saneamiento y el Gobierno de la provincia de San Juan.<\/li>\n<li>Aprobar la Carta Acuerdo Complementaria N\u00b0 4 (Ley Nacional N\u00b0 27.233) en el marco del Programa Nacional de Prevenci\u00f3n y Erradicaci\u00f3n de la Polilla de la Vid (Lobesia Botrana) y Anexos I y II.<\/li>\n<li>Ratificar el Convenio Espec\u00edfico suscripto entre el Gobierno de la provincia de San Juan y el Instituto Nacional de Cine y Artes Visuales (INCAA).<\/li>\n<\/ul>\n<p>Adem\u00e1s, ingresar\u00e1 a comisiones los siguientes proyectos de Ley presentados por diputados que proponen:<\/p>\n<ul>\n<li>Crear la Ventanilla \u00danica Online de habilitaci\u00f3n comercial e industrial. (Diputado Enzo Cornejo)<\/li>\n<li>Crear el Instituto Provincial del Primer Empleo. (Diputado Enzo Cornejo)<\/li>\n<li>Crear el Consejo interdepartamental para el desarrollo econ\u00f3mico sustentable minero. (Diputado Enrique Monta\u00f1o)<\/li>\n<li>Promover el cuidado integral de la salud de las personas con fibromialgia. (Diputada Celina Ramella)<\/li>\n<\/ul>\n<p>Asimismo, ser\u00e1n enviados a sus respectivas comisiones los siguientes proyectos de Resoluci\u00f3n que proponen declarar de inter\u00e9s:<\/p>\n<ul>\n<li>Social, Cultural y Educativos los actos a realizarse por el 150 aniversario de la Biblioteca Domingo Faustino Sarmiento. (Diputado Silvio Atencio)<\/li>\n<li>Art\u00edstico, Social y Cultural la participaci\u00f3n de la academia AcercArte en el festival \u00abCosqu\u00edn Abraza al IDAF\u00bb. (Diputado Enrique Monta\u00f1o)<\/li>\n<li>Social y Cultural el \u00abIll Encuentro de Pintores Paisajistas\u00bb. (Diputada Fernanda Paredes)<\/li>\n<li>Cient\u00edfico, Educativo y Social el 1\u00b0 Congreso Cuyano de Enfermer\u00eda denominado \u00abAvance Profesional: liderando el cambio\u00bb. (Diputada Celina Ramella)<\/li>\n<li>Educativo y Cultural la Jornada Taller \u00abIntroducci\u00f3n a la Mediaci\u00f3n Escolar entre Padres T\u00e9cnicas de resoluci\u00f3n de conflictos en forma pac\u00edfica\u00bb. (Diputada Celina Ramella)<\/li>\n<li>Cient\u00edfico, Tecnol\u00f3gico y Social la IX Exposici\u00f3n Internacional \u00abSan Juan, factor de desarrollo de la Miner\u00eda Argentina\u00bb. (Diputada Celina Ramella)<\/li>\n<li>Cient\u00edfico, Educativo y Social el Congreso \u00abLas Infancias puestas bajo la lupa\u00bb. (Diputada Celina Ramella)<\/li>\n<li>Social y Estrat\u00e9gico para el desarrollo local, la ampliaci\u00f3n de la red para provisi\u00f3n del servicio de gas a los vecinos de la ruta 40 y Sarmiento. (Diputado Juan Carlos Abarca)<\/li>\n<li>Educativo, Social, Cultural y Religioso el evento \u00abJuntos San Juan 2022: Hay Esperanza\u00bb. (Diputado Juan Carlos Abarca)<\/li>\n<li>Cultural y Educativo el \u00abPrimer Encuentro de Investigaci\u00f3n e Interculturalidad en San Juan: Divulgaci\u00f3n e Intercambio de Experiencias, Narrativas y Proyectos en Territorios Diversos\u00bb. (Diputada Graciela Seva)<\/li>\n<li>Educativo, Social y Cultural el concurso de deletreo denominado \u00abCapital deletrea\u00bb. (Diputada Celina Ramella)<\/li>\n<\/ul>\n<p>Por \u00faltimo, ingresar\u00e1n a las respectivas comisiones dos proyectos de Comunicaci\u00f3n que solicitan al Poder Ejecutivo:<\/p>\n<ul>\n<li>Concretar la urbanizaci\u00f3n de la traza de calle General Acha en el tramo comprendido entre Agust\u00edn G\u00f3mez (calle 5) y Ruta Nacional N\u00b0 40, departamento Rawson. (Diputados Juan Carlos Gioja, Graciela Seva, Leonardo Gioja)<\/li>\n<li>Arbitrar los medios necesarios para la construcci\u00f3n de una pista de aterrizaje en el Departamento de Valle F\u00e9rtil. (Diputado Silvio Atencio)<\/li>\n<\/ul>\n<p>Publicado el Mi\u00e9rcoles, 21 de Septiembre de 2022<\/p>\n<\/div>\n","protected":false},"excerpt":{"rendered":"<p>Tras el despacho favorable de las comisiones de Justicia y Seguridad, y Legislaci\u00f3n y Asuntos Constitucionales, es tratado en el<\/p>\n","protected":false},"author":3,"featured_media":37951,"comment_status":"closed","ping_status":"closed","sticky":false,"template":"","format":"standard","meta":{"_acf_changed":false,"_seopress_robots_primary_cat":"none","_seopress_titles_title":"","_seopress_titles_desc":"","_seopress_robots_index":"","colormag_page_container_layout":"default_layout","colormag_page_sidebar_layout":"default_layout","footnotes":""},"categories":[1],"tags":[],"class_list":["post-52830","post","type-post","status-publish","format-standard","has-post-thumbnail","hentry","category-destacadas"],"acf":[],"_links":{"self":[{"href":"https:\/\/vocesparalelas.com.ar\/sitio\/wp-json\/wp\/v2\/posts\/52830","targetHints":{"allow":["GET"]}}],"collection":[{"href":"https:\/\/vocesparalelas.com.ar\/sitio\/wp-json\/wp\/v2\/posts"}],"about":[{"href":"https:\/\/vocesparalelas.com.ar\/sitio\/wp-json\/wp\/v2\/types\/post"}],"author":[{"embeddable":true,"href":"https:\/\/vocesparalelas.com.ar\/sitio\/wp-json\/wp\/v2\/users\/3"}],"replies":[{"embeddable":true,"href":"https:\/\/vocesparalelas.com.ar\/sitio\/wp-json\/wp\/v2\/comments?post=52830"}],"version-history":[{"count":1,"href":"https:\/\/vocesparalelas.com.ar\/sitio\/wp-json\/wp\/v2\/posts\/52830\/revisions"}],"predecessor-version":[{"id":52834,"href":"https:\/\/vocesparalelas.com.ar\/sitio\/wp-json\/wp\/v2\/posts\/52830\/revisions\/52834"}],"wp:featuredmedia":[{"embeddable":true,"href":"https:\/\/vocesparalelas.com.ar\/sitio\/wp-json\/wp\/v2\/media\/37951"}],"wp:attachment":[{"href":"https:\/\/vocesparalelas.com.ar\/sitio\/wp-json\/wp\/v2\/media?parent=52830"}],"wp:term":[{"taxonomy":"category","embeddable":true,"href":"https:\/\/vocesparalelas.com.ar\/sitio\/wp-json\/wp\/v2\/categories?post=52830"},{"taxonomy":"post_tag","embeddable":true,"href":"https:\/\/vocesparalelas.com.ar\/sitio\/wp-json\/wp\/v2\/tags?post=52830"}],"curies":[{"name":"wp","href":"https:\/\/api.w.org\/{rel}","templated":true}]}}