{"id":52827,"date":"2022-09-22T12:35:49","date_gmt":"2022-09-22T15:35:49","guid":{"rendered":"https:\/\/vocesparalelas.com.ar\/sitio\/?p=52827"},"modified":"2022-09-26T23:17:00","modified_gmt":"2022-09-27T02:17:00","slug":"diplomatura-regulacion-en-mercados-de-energia-electrica-y-redes-inteligentes","status":"publish","type":"post","link":"https:\/\/vocesparalelas.com.ar\/sitio\/diplomatura-regulacion-en-mercados-de-energia-electrica-y-redes-inteligentes\/","title":{"rendered":"Diplomatura \u00abRegulaci\u00f3n en Mercados de Energ\u00eda El\u00e9ctrica y Redes Inteligentes\u00bb"},"content":{"rendered":"<p>El Instituto de Energ\u00eda El\u00e9ctrica \u2013 IEE -, UNSJ-CONICET, informa que ofrece una nueva propuesta acad\u00e9mica Diplomatura \u00abRegulaci\u00f3n en Mercados de Energ\u00eda El\u00e9ctrica y Redes Inteligentes\u00bb, 100% a Distancia e inicia el 24 de Octubre de 2022.<\/p>\n<p><strong><span style=\"color: #339966;\">Dirigido a:<\/span><\/strong><\/p>\n<ul>\n<li>Ingenieros el\u00e9ctricos,<\/li>\n<li>Ingenieros electromec\u00e1nicos y<\/li>\n<li>Profesionales afines a la industria el\u00e9ctrica.<\/li>\n<\/ul>\n<p><span style=\"color: #339966;\"><strong>M\u00e1s informaci\u00f3n<\/strong><\/span><\/p>\n<p><a href=\"https:\/\/diploregmereeri.unsj.edu.ar\">https:\/\/diploregmereeri.unsj.edu.ar<\/a><\/p>\n<p><strong><span style=\"color: #339966;\">Preinscripciones<\/span><\/strong><\/p>\n<p><a href=\"https:\/\/forms.gle\/LCCaxW2guUo1n6RMA\">https:\/\/forms.gle\/LCCaxW2guUo1n6RMA<\/a><\/p>\n<p><span style=\"color: #339966;\"><strong>Contacto<\/strong><\/span><\/p>\n<p><a href=\"mailto:apedrozo@iee-unsjconicet.org\">apedrozo@iee-unsjconicet.org<\/a><\/p>\n<p>\u00abEs una diplomatura integral en cuanto a los desaf\u00edos que hoy las redes el\u00e9ctricas inteligentes plantean a los paradigmas tradicionales de la distribuci\u00f3n y del suministro de energ\u00eda el\u00e9ctrica en su conjunto. Somos un equipo interdisciplinario de profesionales cada uno especialista en una tem\u00e1tica\u00bb. Dr. Ing. Mauricio Samper.<\/p>\n<p><img loading=\"lazy\" decoding=\"async\" class=\"alignnone size-full wp-image-52971\" src=\"https:\/\/vocesparalelas.com.ar\/sitio\/wp-content\/uploads\/2022\/09\/FI-Logo-DiploMATURA-01.jpeg\" alt=\"\" width=\"800\" height=\"772\" srcset=\"https:\/\/vocesparalelas.com.ar\/sitio\/wp-content\/uploads\/2022\/09\/FI-Logo-DiploMATURA-01.jpeg 800w, https:\/\/vocesparalelas.com.ar\/sitio\/wp-content\/uploads\/2022\/09\/FI-Logo-DiploMATURA-01-300x290.jpeg 300w, https:\/\/vocesparalelas.com.ar\/sitio\/wp-content\/uploads\/2022\/09\/FI-Logo-DiploMATURA-01-768x741.jpeg 768w\" sizes=\"auto, (max-width: 800px) 100vw, 800px\" \/><\/p>\n<p><img loading=\"lazy\" decoding=\"async\" class=\"alignnone size-large wp-image-7801\" src=\"https:\/\/vocesparalelas.com.ar\/sitio\/wp-content\/uploads\/2017\/11\/CONICET-UNSJ-FI-LOGO-800x534.jpg\" alt=\"\" width=\"800\" height=\"534\" srcset=\"https:\/\/vocesparalelas.com.ar\/sitio\/wp-content\/uploads\/2017\/11\/CONICET-UNSJ-FI-LOGO-800x534.jpg 800w, https:\/\/vocesparalelas.com.ar\/sitio\/wp-content\/uploads\/2017\/11\/CONICET-UNSJ-FI-LOGO-300x200.jpg 300w, https:\/\/vocesparalelas.com.ar\/sitio\/wp-content\/uploads\/2017\/11\/CONICET-UNSJ-FI-LOGO-768x512.jpg 768w, https:\/\/vocesparalelas.com.ar\/sitio\/wp-content\/uploads\/2017\/11\/CONICET-UNSJ-FI-LOGO.jpg 1000w\" sizes=\"auto, (max-width: 800px) 100vw, 800px\" \/><\/p>\n<figure id=\"attachment_23028\" aria-describedby=\"caption-attachment-23028\" style=\"width: 800px\" class=\"wp-caption alignnone\"><img loading=\"lazy\" decoding=\"async\" class=\"size-large wp-image-23028\" src=\"https:\/\/vocesparalelas.com.ar\/sitio\/wp-content\/uploads\/2019\/08\/FI-UNSJ-EDIFICIO-800x600.jpg\" alt=\"\" width=\"800\" height=\"600\" srcset=\"https:\/\/vocesparalelas.com.ar\/sitio\/wp-content\/uploads\/2019\/08\/FI-UNSJ-EDIFICIO-800x600.jpg 800w, https:\/\/vocesparalelas.com.ar\/sitio\/wp-content\/uploads\/2019\/08\/FI-UNSJ-EDIFICIO-300x225.jpg 300w, https:\/\/vocesparalelas.com.ar\/sitio\/wp-content\/uploads\/2019\/08\/FI-UNSJ-EDIFICIO-768x576.jpg 768w, https:\/\/vocesparalelas.com.ar\/sitio\/wp-content\/uploads\/2019\/08\/FI-UNSJ-EDIFICIO.jpg 888w\" sizes=\"auto, (max-width: 800px) 100vw, 800px\" \/><figcaption id=\"caption-attachment-23028\" class=\"wp-caption-text\">Facultad de Ingenier\u00eda de la Universidad Nacional de San Juan, Argentina<\/figcaption><\/figure>\n<p>Publicado el Jueves, 22 de Septiembre de 2022<\/p>\n","protected":false},"excerpt":{"rendered":"<p>El Instituto de Energ\u00eda El\u00e9ctrica \u2013 IEE -, UNSJ-CONICET, informa que ofrece una nueva propuesta acad\u00e9mica Diplomatura \u00abRegulaci\u00f3n en Mercados<\/p>\n","protected":false},"author":3,"featured_media":25439,"comment_status":"closed","ping_status":"closed","sticky":false,"template":"","format":"standard","meta":{"_acf_changed":false,"_seopress_robots_primary_cat":"none","_seopress_titles_title":"","_seopress_titles_desc":"","_seopress_robots_index":"","colormag_page_container_layout":"default_layout","colormag_page_sidebar_layout":"default_layout","footnotes":""},"categories":[15],"tags":[],"class_list":["post-52827","post","type-post","status-publish","format-standard","has-post-thumbnail","hentry","category-posgrados"],"acf":[],"_links":{"self":[{"href":"https:\/\/vocesparalelas.com.ar\/sitio\/wp-json\/wp\/v2\/posts\/52827","targetHints":{"allow":["GET"]}}],"collection":[{"href":"https:\/\/vocesparalelas.com.ar\/sitio\/wp-json\/wp\/v2\/posts"}],"about":[{"href":"https:\/\/vocesparalelas.com.ar\/sitio\/wp-json\/wp\/v2\/types\/post"}],"author":[{"embeddable":true,"href":"https:\/\/vocesparalelas.com.ar\/sitio\/wp-json\/wp\/v2\/users\/3"}],"replies":[{"embeddable":true,"href":"https:\/\/vocesparalelas.com.ar\/sitio\/wp-json\/wp\/v2\/comments?post=52827"}],"version-history":[{"count":3,"href":"https:\/\/vocesparalelas.com.ar\/sitio\/wp-json\/wp\/v2\/posts\/52827\/revisions"}],"predecessor-version":[{"id":52973,"href":"https:\/\/vocesparalelas.com.ar\/sitio\/wp-json\/wp\/v2\/posts\/52827\/revisions\/52973"}],"wp:featuredmedia":[{"embeddable":true,"href":"https:\/\/vocesparalelas.com.ar\/sitio\/wp-json\/wp\/v2\/media\/25439"}],"wp:attachment":[{"href":"https:\/\/vocesparalelas.com.ar\/sitio\/wp-json\/wp\/v2\/media?parent=52827"}],"wp:term":[{"taxonomy":"category","embeddable":true,"href":"https:\/\/vocesparalelas.com.ar\/sitio\/wp-json\/wp\/v2\/categories?post=52827"},{"taxonomy":"post_tag","embeddable":true,"href":"https:\/\/vocesparalelas.com.ar\/sitio\/wp-json\/wp\/v2\/tags?post=52827"}],"curies":[{"name":"wp","href":"https:\/\/api.w.org\/{rel}","templated":true}]}}