{"id":52823,"date":"2022-09-21T22:23:00","date_gmt":"2022-09-22T01:23:00","guid":{"rendered":"https:\/\/vocesparalelas.com.ar\/sitio\/?p=52823"},"modified":"2022-09-22T01:29:39","modified_gmt":"2022-09-22T04:29:39","slug":"se-desarrolla-el-viii-congreso-de-cuaternario-y-geomorfologia","status":"publish","type":"post","link":"https:\/\/vocesparalelas.com.ar\/sitio\/se-desarrolla-el-viii-congreso-de-cuaternario-y-geomorfologia\/","title":{"rendered":"Se desarrolla el VIII Congreso de Cuaternario y Geomorfolog\u00eda"},"content":{"rendered":"<p>Del 20 al 23 de septiembre se desarrolla el VIII Congreso de Cuaternario y Geomorfolog\u00eda en San Juan siendo la instituci\u00f3n anfitriona la Facultad de Ciencias Exactas F\u00edsicas y Naturales de la Universidad Nacional de San Juan.<\/p>\n<p>El acto de apertura se realiz\u00f3 en el Auditorio Gobernador Eloy Camus del Centro C\u00edvico de San Juan. El evento es organizado en esta oportunidad a partir del esfuerzo conjunto entre la Asociaci\u00f3n Argentina De Cuaternario y Geomorfolog\u00eda (AACYG) y del Instituto De Geolog\u00eda \u201cEmiliano Pedro Aparicio\u201d (INGEO), autoridades, investigadores y docentes de la Facultad de Ciencias Exactas F\u00edsicas y Naturales de la Universidad Nacional de San Juan que conforman la comisi\u00f3n organizadora local.<\/p>\n<p>Esta actividad acad\u00e9mica tiene car\u00e1cter internacional y se extender\u00e1 hasta el 23 de septiembre del 2022. Para conocer m\u00e1s sobre el cronograma completo, se puede visitar el sitio <a href=\"https:\/\/cacyg2022sj.com.ar\/\" target=\"_blank\" rel=\"noopener\">https:\/\/cacyg2022sj.com.ar\/<\/a><\/p>\n<p>Conformaron la mesa de autoridades, el Decano de la Facultad de Ciencias Exactas, F\u00edsicas y Naturales, Ing. Rodolfo Bloch; el Rector de la Universidad Nacional de San Juan, Mgter. Ing. Tadeo Berenguer; la Secretaria de Estado de Ciencia, Tecnolog\u00eda e Innovaci\u00f3n, Ing. Mar\u00eda Ver\u00f3nica Benavente; el Presidente de la AACYG, Dr. Pablo Bouza y la Presidenta del Comit\u00e9 Organizador Del VIII Congreso de Cuaternario y Geomorfolog\u00eda, Dra. Laura Perucca.<\/p>\n<p>El coro vocacional de la FCEFN, dirigido por Roberto Villegas interpret\u00f3 dos canciones para amenizar la jornada.<\/p>\n<p>Los congresos de La Asociaci\u00f3n Argentina De Cuaternario Y Geomorfolog\u00eda se celebran cada 3 a\u00f1os en diferentes puntos del pa\u00eds, congregan a distintas regiones, incluyen a especialistas nacionales e internacionales, profesionales,\u00a0 estudiantes avanzados y de posgrado de Geolog\u00eda, Geof\u00edsica, Biolog\u00eda,\u00a0 Paleontolog\u00eda y dem\u00e1s Ciencias de la Tierra; tanto del exterior como de la Argentina, vinculados a la Geomorfolog\u00eda y al estudio del cuaternario, para presentar los avances en estas \u00e1reas y debatir temas de inter\u00e9s com\u00fan relacionados con los procesos de formaci\u00f3n de monta\u00f1as, Neotect\u00f3nica, Morfotect\u00f3nica, Estratigraf\u00eda, procesos de remoci\u00f3n en masa, peligros geol\u00f3gicos, arqueolog\u00eda, paleontolog\u00eda, ordenamiento territorial, suelos, temas ambientales y geotecnias, entre otros.<\/p>\n<p>Dra. Laura Perucca:\u00a0\u201cEstamos muy orgullosos de haber podido reunir un grupo tan selecto y numeroso de estudiantes y docentes de Argentina y de otros pa\u00edses, a pesar de las numerosas dificultades que nos obligaron a diferir un a\u00f1o este evento. Ten\u00edamos una tremenda necesidad de hacer este evento presencial para poder reunirnos nuevamente despu\u00e9s de la pandemia\u201c. La organizadora, agreg\u00f3:\u00a0\u201cQueremos ofrecerles una grilla atractiva que permita la actualizaci\u00f3n sobre los \u00faltimos avances en distintos t\u00f3picos de la especialidad, deseamos que quienes pasen por nuestro congreso regresen con la grata sensaci\u00f3n de haber acrecentado sus conocimientos y amistades\u201d.\u00a0Finalmente, agradeci\u00f3 la colaboraci\u00f3n de todos y todas quienes participaron en la organizaci\u00f3n del evento.<\/p>\n<p>Dr. Pablo Bouza:\u00a0\u201cEl objetivo de nuestros congresos es reunir a la mayor cantidad de j\u00f3venes estudiantes y graduados, nos pone muy contentos volver a encontrarnos, despu\u00e9s de los malos momentos que pasamos, sobre todo, estudiantes en universidades que tuvieron que atravesar la virtualidad y resistir.\u00a0 Poder tener este momento de estar compartiendo y en contacto es muy grato\u201d.\u00a0Finaliz\u00f3 su discurso diciendo: Esta comunidad cient\u00edfica es muy diversa, porque re\u00fane no solo ge\u00f3logos, sino antrop\u00f3logos, bi\u00f3logos, geof\u00edsicos, paleont\u00f3logos, de alguna forma hemos aprendido a integrar estas disciplinas para encontrarnos en estos eventos.\u201d<\/p>\n<p>Ing. Mar\u00eda Ver\u00f3nica Benavente:\u00a0\u201cEl Estado Provincial est\u00e1 presente acompa\u00f1ando este congreso, no solo este, sino muchas actividades, estamos viviendo como un boom post pandemia, muchas iniciativas para volver a encontrarnos que surgen desde la Universidad y para nosotros eso es muy energizante y estimulante. El conocimiento fluye si hay cercania con el objeto de estudio, no hay forma de que fluya solo desde la teor\u00eda y la distancia, por eso armar estas redes es esencial para que fluya la energ\u00eda, el potencial humano y as\u00ed nos vamos encontrando y el conocimiento crece y por lo tanto el capital humano de la provincia tambi\u00e9n, asi es que celebro este encuentro, muchas gracias.\u201d<\/p>\n<p>Ing. Rodolfo Bloch:\u00a0\u201cMi reconocimiento a Patricia, Pablo y todo el equipo que ha puesto el hombro para que esto sea una realidad. Como decano es una satisfacci\u00f3n enorme que se realicen estos eventos, la Geolog\u00eda tiene una fortaleza en sus distintas \u00e1reas y esto es una muestra de lo que se puede lograr, adem\u00e1s ya sabemos que San Juan es un laboratorio natural para la disciplina y pienso que podr\u00e1n aprovechar al m\u00e1ximo ese beneficio\u201d. \u201cPara quienes creemos que la ciencia tiene su raz\u00f3n de ser cuando son aplicadas al mejoramiento de la calidad de vida de la poblaci\u00f3n, un congreso que trabaja interdisciplinariamente en un tema central para brindar informaci\u00f3n para definiciones de nuestra sociedad en distintas \u00e1reas, es un orgullo\u201d.<\/p>\n<p>Ing. Tadeo Berenguer: <strong>\u201c<\/strong>Para la Universidad es realmente muy importante que se desarrollen estos eventos, el cuaternario es la era m\u00e1s corta de nuestra historia geol\u00f3gica, pero es la que mantiene y la que muestra los \u00faltimos efectos de nuestro planeta, en esta era aparece el hombre y muchas de las cosas que construyen nuestro ambiente hoy en d\u00eda\u201d.<\/p>\n<p>Publicado el Mi\u00e9rcoles, 21 de Septiembre de 2022<\/p>\n","protected":false},"excerpt":{"rendered":"<p>Del 20 al 23 de septiembre se desarrolla el VIII Congreso de Cuaternario y Geomorfolog\u00eda en San Juan siendo la<\/p>\n","protected":false},"author":3,"featured_media":52825,"comment_status":"closed","ping_status":"closed","sticky":false,"template":"","format":"standard","meta":{"_acf_changed":false,"_seopress_robots_primary_cat":"none","_seopress_titles_title":"","_seopress_titles_desc":"","_seopress_robots_index":"","colormag_page_container_layout":"default_layout","colormag_page_sidebar_layout":"default_layout","footnotes":""},"categories":[1],"tags":[],"class_list":["post-52823","post","type-post","status-publish","format-standard","has-post-thumbnail","hentry","category-destacadas"],"acf":[],"_links":{"self":[{"href":"https:\/\/vocesparalelas.com.ar\/sitio\/wp-json\/wp\/v2\/posts\/52823","targetHints":{"allow":["GET"]}}],"collection":[{"href":"https:\/\/vocesparalelas.com.ar\/sitio\/wp-json\/wp\/v2\/posts"}],"about":[{"href":"https:\/\/vocesparalelas.com.ar\/sitio\/wp-json\/wp\/v2\/types\/post"}],"author":[{"embeddable":true,"href":"https:\/\/vocesparalelas.com.ar\/sitio\/wp-json\/wp\/v2\/users\/3"}],"replies":[{"embeddable":true,"href":"https:\/\/vocesparalelas.com.ar\/sitio\/wp-json\/wp\/v2\/comments?post=52823"}],"version-history":[{"count":1,"href":"https:\/\/vocesparalelas.com.ar\/sitio\/wp-json\/wp\/v2\/posts\/52823\/revisions"}],"predecessor-version":[{"id":52826,"href":"https:\/\/vocesparalelas.com.ar\/sitio\/wp-json\/wp\/v2\/posts\/52823\/revisions\/52826"}],"wp:featuredmedia":[{"embeddable":true,"href":"https:\/\/vocesparalelas.com.ar\/sitio\/wp-json\/wp\/v2\/media\/52825"}],"wp:attachment":[{"href":"https:\/\/vocesparalelas.com.ar\/sitio\/wp-json\/wp\/v2\/media?parent=52823"}],"wp:term":[{"taxonomy":"category","embeddable":true,"href":"https:\/\/vocesparalelas.com.ar\/sitio\/wp-json\/wp\/v2\/categories?post=52823"},{"taxonomy":"post_tag","embeddable":true,"href":"https:\/\/vocesparalelas.com.ar\/sitio\/wp-json\/wp\/v2\/tags?post=52823"}],"curies":[{"name":"wp","href":"https:\/\/api.w.org\/{rel}","templated":true}]}}