{"id":52814,"date":"2022-09-22T00:26:00","date_gmt":"2022-09-22T03:26:00","guid":{"rendered":"https:\/\/vocesparalelas.com.ar\/sitio\/?p=52814"},"modified":"2022-09-22T00:27:18","modified_gmt":"2022-09-22T03:27:18","slug":"san-juan-redujo-la-desocupacion-al-3","status":"publish","type":"post","link":"https:\/\/vocesparalelas.com.ar\/sitio\/san-juan-redujo-la-desocupacion-al-3\/","title":{"rendered":"San Juan redujo la desocupaci\u00f3n al 3%"},"content":{"rendered":"<p>el Instituto Nacional de Estad\u00edstica y Censos &#8211; Indec &#8211; public\u00f3 un nuevo informe sobre indicadores socioecon\u00f3micos que ubica San Juan, con un 3%, entre las provincias con menos desocupaci\u00f3n del pa\u00eds.<\/p>\n<p>Los datos indican que en el segundo trimestre de 2022 la desocupaci\u00f3n en la Provincia se redujo 1 %, ya que en el primer trimestre el \u00edndice marc\u00f3 un 4%, mientras que nivel nacional la tasa de desempleo registr\u00f3 un 6,9% en la medici\u00f3n realizada por el organismo nacional.<\/p>\n<p>El gobernador U\u00f1ac destac\u00f3 la cifra alcanzada por la Provincia y puso de relieve \u201clas pol\u00edticas de protecci\u00f3n y desarrollo del empleo implementadas por el Gobierno para que los sanjuaninos puedan pasar del desempleo al empleo y dignificarlos como habitantes de esta provincia y este pa\u00eds\u201d.<\/p>\n<p>En ese sentido, el mandatario ratific\u00f3 el rumbo econ\u00f3mico de su gesti\u00f3n, basado en la generaci\u00f3n de oportunidades por parte del Estado para apuntalar el crecimiento de la actividad privada: \u201cVamos a seguir en esta l\u00ednea, d\u00e1ndole al sector privado herramientas concretas para poder invertir y crecer. Como conclusi\u00f3n final, vale la pena seguir apostando por este modelo en la provincia de San Juan\u201d, se\u00f1al\u00f3.<\/p>\n<p>&nbsp;<\/p>\n<p><img loading=\"lazy\" decoding=\"async\" class=\"alignnone size-large wp-image-52816\" src=\"https:\/\/vocesparalelas.com.ar\/sitio\/wp-content\/uploads\/2022\/09\/SAN-JUAN-EMPLEO-631x800.jpg\" alt=\"\" width=\"631\" height=\"800\" srcset=\"https:\/\/vocesparalelas.com.ar\/sitio\/wp-content\/uploads\/2022\/09\/SAN-JUAN-EMPLEO-631x800.jpg 631w, https:\/\/vocesparalelas.com.ar\/sitio\/wp-content\/uploads\/2022\/09\/SAN-JUAN-EMPLEO-237x300.jpg 237w, https:\/\/vocesparalelas.com.ar\/sitio\/wp-content\/uploads\/2022\/09\/SAN-JUAN-EMPLEO-768x973.jpg 768w, https:\/\/vocesparalelas.com.ar\/sitio\/wp-content\/uploads\/2022\/09\/SAN-JUAN-EMPLEO.jpg 800w\" sizes=\"auto, (max-width: 631px) 100vw, 631px\" \/><\/p>\n<div class=\"itemFullText\">\n<p>Cabe destacar que San Juan se mantiene como la provincia con menor desempleo de la regi\u00f3n, ya que en Mendoza el \u00edndice alcanz\u00f3 el 5,6% y en San Luis, el 3,6%.<\/p>\n<p>De esta manera, la Provincia registr\u00f3 cifras considerablemente por debajo de la media nacional y se ubica entre los cinco distritos con menor \u00edndice desempleo junto a R\u00edo Negro, Chubut, Santiago del Estero y Misiones.<\/p>\n<p>En cuanto a los distritos con mayor desocupaci\u00f3n, se encuentran C\u00f3rdoba (8,7%), Buenos Aires (8,5%) y Mar del Plata (8,6%).<\/p>\n<p>El relevamiento efectuado por el ente nacional abarc\u00f3 31 distritos y arroj\u00f3 que la tasa de actividad se ubic\u00f3 en 47,9%, la tasa de empleo en 44,6% y la tasa de desocupaci\u00f3n en 6,9% a nivel pa\u00eds.<\/p>\n<\/div>\n<div class=\"clr\"><\/div>\n<div class=\"itemContentFooter\"><span class=\"itemDateModified\">Publicado el Mi\u00e9rcoles, 21 de Septiembre de 2022\u00a0<\/span><\/div>\n","protected":false},"excerpt":{"rendered":"<p>el Instituto Nacional de Estad\u00edstica y Censos &#8211; Indec &#8211; public\u00f3 un nuevo informe sobre indicadores socioecon\u00f3micos que ubica San<\/p>\n","protected":false},"author":3,"featured_media":13536,"comment_status":"closed","ping_status":"closed","sticky":false,"template":"","format":"standard","meta":{"_acf_changed":false,"_seopress_robots_primary_cat":"none","_seopress_titles_title":"","_seopress_titles_desc":"","_seopress_robots_index":"","colormag_page_container_layout":"default_layout","colormag_page_sidebar_layout":"default_layout","footnotes":""},"categories":[1],"tags":[],"class_list":["post-52814","post","type-post","status-publish","format-standard","has-post-thumbnail","hentry","category-destacadas"],"acf":[],"_links":{"self":[{"href":"https:\/\/vocesparalelas.com.ar\/sitio\/wp-json\/wp\/v2\/posts\/52814","targetHints":{"allow":["GET"]}}],"collection":[{"href":"https:\/\/vocesparalelas.com.ar\/sitio\/wp-json\/wp\/v2\/posts"}],"about":[{"href":"https:\/\/vocesparalelas.com.ar\/sitio\/wp-json\/wp\/v2\/types\/post"}],"author":[{"embeddable":true,"href":"https:\/\/vocesparalelas.com.ar\/sitio\/wp-json\/wp\/v2\/users\/3"}],"replies":[{"embeddable":true,"href":"https:\/\/vocesparalelas.com.ar\/sitio\/wp-json\/wp\/v2\/comments?post=52814"}],"version-history":[{"count":1,"href":"https:\/\/vocesparalelas.com.ar\/sitio\/wp-json\/wp\/v2\/posts\/52814\/revisions"}],"predecessor-version":[{"id":52817,"href":"https:\/\/vocesparalelas.com.ar\/sitio\/wp-json\/wp\/v2\/posts\/52814\/revisions\/52817"}],"wp:featuredmedia":[{"embeddable":true,"href":"https:\/\/vocesparalelas.com.ar\/sitio\/wp-json\/wp\/v2\/media\/13536"}],"wp:attachment":[{"href":"https:\/\/vocesparalelas.com.ar\/sitio\/wp-json\/wp\/v2\/media?parent=52814"}],"wp:term":[{"taxonomy":"category","embeddable":true,"href":"https:\/\/vocesparalelas.com.ar\/sitio\/wp-json\/wp\/v2\/categories?post=52814"},{"taxonomy":"post_tag","embeddable":true,"href":"https:\/\/vocesparalelas.com.ar\/sitio\/wp-json\/wp\/v2\/tags?post=52814"}],"curies":[{"name":"wp","href":"https:\/\/api.w.org\/{rel}","templated":true}]}}