{"id":52808,"date":"2022-09-21T23:49:00","date_gmt":"2022-09-22T02:49:00","guid":{"rendered":"https:\/\/vocesparalelas.com.ar\/sitio\/?p=52808"},"modified":"2022-09-23T20:16:19","modified_gmt":"2022-09-23T23:16:19","slug":"concurso-diseno-isologo-del-50o-aniversario-de-la-unsj","status":"publish","type":"post","link":"https:\/\/vocesparalelas.com.ar\/sitio\/concurso-diseno-isologo-del-50o-aniversario-de-la-unsj\/","title":{"rendered":"Concurso \u00abDise\u00f1o isologo del 50\u00ba aniversario de la UNSJ\u00bb"},"content":{"rendered":"<p>El 2023 la Universidad Nacional de San Juan celebra el cincuentenario de su creaci\u00f3n y entre las numerosas actividades previstas en el marco de los festejos, se abre el concurso para el dise\u00f1o del isologo del aniversario. La convocatoria la realiza Rectorado, a trav\u00e9s de la Secretar\u00eda de Extensi\u00f3n Universitaria y la Secretar\u00eda de Comunicaci\u00f3n de la UNSJ.<\/p>\n<p>Si bien la apertura del concurso se realiza este 21 de setiembre, la admisi\u00f3n de los trabajos es desde el 3\u00a0hasta el 19 de octubre. Los resultados se conocer\u00e1n a fines de octubre.<\/p>\n<p>El autor o autora de la propuesta ganadora recibir\u00e1 $100.000. La convocatoria est\u00e1 dirigida a estudiantes, docentes y profesionales egresados\/as de las carreras de Dise\u00f1o, Artes Visuales, y Comunicaci\u00f3n de la UNSJ, y se ajusta a una serie de requisitos, que est\u00e1n contenidos en las bases que acompa\u00f1an esta noticia.<\/p>\n<p>Tambi\u00e9n figuran en este llamado los formularios que deber\u00e1n descargar los participantes y que contienen la declaraci\u00f3n jurada de autor\u00eda y la declaraci\u00f3n jurada de cesi\u00f3n de derechos.<\/p>\n<p>Como se sabe, la UNSJ es la concreci\u00f3n del anhelo de la comunidad sanjuanina, que en la d\u00e9cada del 70 impuls\u00f3 su creaci\u00f3n a partir de la Universidad Provincial Domingo Faustino Sarmiento, del Instituto del Profesorado y de la facultad de Ingenier\u00eda, que por entonces depend\u00eda de la Universidad Nacional de Cuyo.<\/p>\n<p>El proceso de integraci\u00f3n fue arduo y cuidadoso, complet\u00e1ndose precisamente el 10 de octubre de 1973. Desde entonces, la UNSJ forma a sanjuaninas y sanjuaninos en una amplia y variada oferta de carreras de pregrado, grado y posgrado.<\/p>\n<p>El a\u00f1o 2023 ser\u00e1 una excelente ocasi\u00f3n para repasar su historia y celebrar los logros alcanzados, as\u00ed como proyectar hacia el futuro.<\/p>\n<p><strong><span style=\"color: #339966;\">Documentos Adjuntos<\/span><\/strong><\/p>\n<p><a href=\"https:\/\/vocesparalelas.com.ar\/sitio\/wp-content\/uploads\/2022\/09\/Bases_concurso_Logo_UNSJ_50_aniversario_6482_0.pdf\">Bases_concurso_Logo_UNSJ_50_aniversario_6482_0<\/a><\/p>\n<p><a href=\"https:\/\/vocesparalelas.com.ar\/sitio\/wp-content\/uploads\/2022\/09\/Declaracion_Jurada_Autoria_y_Titularidad_Concurso_Isologo_50_aniversario_6482_1.pdf\">Declaracion_Jurada_Autoria_y_Titularidad_Concurso_Isologo_50_aniversario_6482_1<\/a><\/p>\n<p><a href=\"https:\/\/vocesparalelas.com.ar\/sitio\/wp-content\/uploads\/2022\/09\/Declaracion_Jurada_Cesion_Derechos_6482_2.pdf\">Declaracion_Jurada_Cesion_Derechos_6482_2<\/a><\/p>\n<p>Publicado el Mi\u00e9rcoles, 21 de Septiembre de 2022<\/p>\n","protected":false},"excerpt":{"rendered":"<p>El 2023 la Universidad Nacional de San Juan celebra el cincuentenario de su creaci\u00f3n y entre las numerosas actividades previstas<\/p>\n","protected":false},"author":3,"featured_media":39681,"comment_status":"closed","ping_status":"closed","sticky":false,"template":"","format":"standard","meta":{"_acf_changed":false,"_seopress_robots_primary_cat":"none","_seopress_titles_title":"","_seopress_titles_desc":"","_seopress_robots_index":"","colormag_page_container_layout":"default_layout","colormag_page_sidebar_layout":"default_layout","footnotes":""},"categories":[8],"tags":[],"class_list":["post-52808","post","type-post","status-publish","format-standard","has-post-thumbnail","hentry","category-concursos"],"acf":[],"_links":{"self":[{"href":"https:\/\/vocesparalelas.com.ar\/sitio\/wp-json\/wp\/v2\/posts\/52808","targetHints":{"allow":["GET"]}}],"collection":[{"href":"https:\/\/vocesparalelas.com.ar\/sitio\/wp-json\/wp\/v2\/posts"}],"about":[{"href":"https:\/\/vocesparalelas.com.ar\/sitio\/wp-json\/wp\/v2\/types\/post"}],"author":[{"embeddable":true,"href":"https:\/\/vocesparalelas.com.ar\/sitio\/wp-json\/wp\/v2\/users\/3"}],"replies":[{"embeddable":true,"href":"https:\/\/vocesparalelas.com.ar\/sitio\/wp-json\/wp\/v2\/comments?post=52808"}],"version-history":[{"count":1,"href":"https:\/\/vocesparalelas.com.ar\/sitio\/wp-json\/wp\/v2\/posts\/52808\/revisions"}],"predecessor-version":[{"id":52813,"href":"https:\/\/vocesparalelas.com.ar\/sitio\/wp-json\/wp\/v2\/posts\/52808\/revisions\/52813"}],"wp:featuredmedia":[{"embeddable":true,"href":"https:\/\/vocesparalelas.com.ar\/sitio\/wp-json\/wp\/v2\/media\/39681"}],"wp:attachment":[{"href":"https:\/\/vocesparalelas.com.ar\/sitio\/wp-json\/wp\/v2\/media?parent=52808"}],"wp:term":[{"taxonomy":"category","embeddable":true,"href":"https:\/\/vocesparalelas.com.ar\/sitio\/wp-json\/wp\/v2\/categories?post=52808"},{"taxonomy":"post_tag","embeddable":true,"href":"https:\/\/vocesparalelas.com.ar\/sitio\/wp-json\/wp\/v2\/tags?post=52808"}],"curies":[{"name":"wp","href":"https:\/\/api.w.org\/{rel}","templated":true}]}}