{"id":52778,"date":"2022-09-20T21:24:21","date_gmt":"2022-09-21T00:24:21","guid":{"rendered":"https:\/\/vocesparalelas.com.ar\/sitio\/?p=52778"},"modified":"2022-09-20T21:24:21","modified_gmt":"2022-09-21T00:24:21","slug":"se-entrego-planes-estrategicos-departamentales-a-4-municipalidades-de-san-juan","status":"publish","type":"post","link":"https:\/\/vocesparalelas.com.ar\/sitio\/se-entrego-planes-estrategicos-departamentales-a-4-municipalidades-de-san-juan\/","title":{"rendered":"Se entreg\u00f3 Planes Estrat\u00e9gicos departamentales a 4 Municipalidades de San Juan"},"content":{"rendered":"<p>El gobernador de San Juan, Dr. Sergio U\u00f1ac hizo entrega de los informes de avance de Planificaci\u00f3n Estrat\u00e9gica de los primeros 9 departamentos, entre 2017 y 2019, en el marco del Plan Estrat\u00e9gico San Juan \u2013 CoPESJ.<\/p>\n<p>Tambi\u00e9n entreg\u00f3 los Planes Estrat\u00e9gicos a 4 Municipalidades de Albard\u00f3n, Caucete, 9 de Julio y San Mart\u00edn.<\/p>\n<p>Acompa\u00f1aron el vicegobernador, CPN Roberto Gattoni; la vicesecretaria General de la Uni\u00f3n Iberoamericana de Municipalistas (UIM), Lic. Mar\u00eda Garc\u00eda Pizarro; los ministros de Gobierno, Dr. Alberto Hensel; de Hacienda y Finanzas, CPN Marisa L\u00f3pez, presidenta del CoPESJ, Lic. Graciela Mart\u00edn; secretario de Hacienda, CPN Gerardo Torrent; de la Gesti\u00f3n P\u00fablica Dra. Lorena L\u00f3pez.<\/p>\n<p><span style=\"color: #339966;\"><strong>Intendente de la Municipalidad <\/strong><\/span><\/p>\n<ul>\n<li>de Capital, Dr. Emilio Baistrocchi;<\/li>\n<li>de Rawson, Tec. Rub\u00e9n Garc\u00eda;<\/li>\n<li>de Chimbas, Fabi\u00e1n Gramajo;<\/li>\n<li>de Pocito, Armando S\u00e1nchez;<\/li>\n<li>de Caucete, Lic. Romina Rosas;<\/li>\n<li>de Albard\u00f3n, Arq.\u00a0 Jorge Palmero;<\/li>\n<li>de Angaco, Carlos Mazza;<\/li>\n<li>de J\u00e1chal, CPN Miguel Vega;<\/li>\n<li>de Iglesia, Dr. Jorge Espejo;<\/li>\n<li>de Calingasta, Jorge Casta\u00f1eda y<\/li>\n<li>de San Mart\u00edn, CPN Cristian Andino;<\/li>\n<\/ul>\n<p>En el marco de este encuentro tambi\u00e9n firmaron convenios entre la Provincia, junto a los municipios de Capital, Chimbas, Pocito, Rawson, Rivadavia y Santa Lucia, con la UIM, en el \u00e1mbito del plan mencionado.<\/p>\n<p>Los procesos de planificaci\u00f3n participativa en los departamentos promueven el desarrollo del territorio sanjuanino de manera equilibrada, equitativa y sostenible desde una l\u00f3gica individual y sin\u00e9rgica con el conjunto de la provincia. La validez de una estrategia se relaciona directamente con el avance del modelo de ciudad que tiene que incorporar una propuesta econ\u00f3mica, social, ambiental, urbana y cultural.<\/p>\n<p>&nbsp;<\/p>\n<p><iframe loading=\"lazy\" title=\"El gobernador entreg\u00f3 Planes Estrat\u00e9gicos departamentales a cuatro municipios\" width=\"800\" height=\"450\" src=\"https:\/\/www.youtube.com\/embed\/nYX7f46MZow?feature=oembed\" frameborder=\"0\" allow=\"accelerometer; autoplay; clipboard-write; encrypted-media; gyroscope; picture-in-picture\" allowfullscreen><\/iframe><\/p>\n<p>&nbsp;<\/p>\n<p>As\u00ed, y con el impulso y articulaci\u00f3n del Gobierno provincial, a trav\u00e9s del Ministerio de Hacienda y Finanzas, el equipo del CoPESJ realiz\u00f3 junto a las autoridades municipales, el monitoreo de las matrices estrat\u00e9gicas de sus planes departamentales, como tambi\u00e9n su actualizaci\u00f3n con la incorporaci\u00f3n de nuevos proyectos alineados al Plan Estrat\u00e9gico San Juan.<\/p>\n<p>En el comienzo del acto, el gobernador destac\u00f3 el municipalismo, la planificaci\u00f3n y agradeci\u00f3 a los intendentes por \u00abdejar que cada uno de los integrantes del Consejo de Planificaci\u00f3n, que la UIM y el Gobierno provincial puedan trabajar con ustedes y su ciudadan\u00eda\u00bb.<\/p>\n<p>Luego realiz\u00f3 un repaso de su trabajo con la UIM, instituci\u00f3n de la que fue presidente por tres a\u00f1os, y agradeci\u00f3 la predisposici\u00f3n para planificar cada uno de los municipios de San Juan.<\/p>\n<p>\u00abLo que estamos haciendo es traer el futuro al presente y que cada uno de los ciudadanos sienta que es un part\u00edcipe necesario en la construcci\u00f3n del presente y el futuro de cada uno de los municipios\u00bb, dijo.<\/p>\n<p>Seguidamente, la Ministro de de Hacienda y Finanzas, CPN Marisa L\u00f3pezMarisa L\u00f3pez puso relevancia en estas actividades porque \u00abel trabajar en el d\u00eda a d\u00eda muchas veces hace perder de vista lo que es importante y lo importante es poder encontrar entre todos un modelo de bienestar y desarrollo para nosotros y las futuras generaciones\u00bb.<\/p>\n<p>En ese sentido destac\u00f3 el compromiso de solidaridad intergeneracional y asegur\u00f3 que \u00abestamos transitando un camino que seguir\u00e1n evolucionando los que nos siguen, por eso es muy importante la visi\u00f3n colectiva a la hora de planificar\u00bb.<\/p>\n<p>Finalmente dijo que \u00abla expectativa era que estuvi\u00e9semos finalizando los 19 departamentos, pero no tuvimos en cuenta el imprevisto que fue la pandemia. Pero hoy podemos concretar estos 4 departamentos y firmar el convenio por los 6 restantes para que los 19 departamentos cuenten con sus planes estrat\u00e9gicos de desarrollo local que muestran la visi\u00f3n colectiva del San Juan que queremos\u00bb.<\/p>\n<p>A continuaci\u00f3n, la presidenta del CoPESJ, Lic. Graciela Mart\u00edn puso en valor los planes estrat\u00e9gicos que se est\u00e1n entregando y destac\u00f3 la participaci\u00f3n ciudadana en cada planificaci\u00f3n.<\/p>\n<p>En ese sentido puso en valor el trabajo mancomunado entre el ente que comanda, los municipios, la Uni\u00f3n Iberoamericana de Municipalistas y el Gobierno provincial.<\/p>\n<p>Tambi\u00e9n, explic\u00f3 las particularidades del trabajo en proceso de pandemia y asegur\u00f3 que \u00abel Plan estrat\u00e9gico es un proyecto de la ciudadan\u00eda elaborado por y para la ciudadan\u00eda\u00bb.<\/p>\n<p>\u00abProyectamos un futuro mejor con la ilusi\u00f3n de hacer de cada uno de nuestros territorios de nuestra provincia el mejor lugar para vivir\u00bb.<\/p>\n<p>Por su parte, Garc\u00eda Pizarro habl\u00f3 sobre el trabajo de la UIM con San Juan, desde hace 14 a\u00f1os.<\/p>\n<p>En este contexto, algunos de los conceptos de la funcionaria municipalista fueron:<\/p>\n<ul>\n<li>Situar el futuro de la provincia en las agendas del presente.<\/li>\n<li>La Pandemia introdujo modificaciones en lo social, modos de vida, econom\u00eda, medioambiente y otros a nivel mundial.<\/li>\n<li>Dentro del panorama global, desde comienzos dela pandemia, San Juan trabaj\u00f3 desde el municipalismo, a diferencia de otros pa\u00edses del mundo.<\/li>\n<li>En San Juan se construy\u00f3 una nueva realidad teniendo como protagonista a la gente, centrada en los departamentos antes, durante y despu\u00e9s de la Pandemia.<\/li>\n<li>Se abordaron los problemas sociales sin distinci\u00f3n de ideas pol\u00edticas, solo teniendo en cuenta la aplicaci\u00f3n de leyes y necesidades, haciendo hincapi\u00e9 a la proximidad a los hombres y mujeres que necesitan del estado.<\/li>\n<li>Escuchar la voz de la ciudadan\u00eda est\u00e1 en el centro de \u00e9sta planificaci\u00f3n y San Juan est\u00e1 haci\u00e9ndolo, con la fuerza de tres motores: reconocimiento del valor de lo local; la planificaci\u00f3n y liderazgo de los gobiernos locales para desplegar el municipalismo.<\/li>\n<li>Es necesario tener a un gobernador que fue intendente ayuda a desarrollar un buen gobierno desde la transparencia, participaci\u00f3n, cooperaci\u00f3n, rendici\u00f3n de cuentas y combate de la corrupci\u00f3n, para lograr municipalismo pleno.<\/li>\n<li>Otro par\u00e1metro es la ciudadan\u00eda comprometida, poniendo el foco en el largo plazo, que sea exigente y a la vez, parte de la soluci\u00f3n, comprometida en el hoy y en el futuro de San Juan.<\/li>\n<\/ul>\n<p>\u201cHay m\u00e1s de 200.000 funcionarios de todo el mundo interioriz\u00e1ndose del trabajo de San Juan a trav\u00e9s de nuestra comunicaci\u00f3n internacional; la Provincia estuvo presente en eventos internacionales como la Cumbre de G\u00e9nero, en el foros Internacionales, en el G20, en temas medioambientales y otros. San Juan est\u00e1 presente en Colombia, Ecuador, Rep\u00fablica Dominicana, M\u00e9jico, Espa\u00f1a y El Salvador\u201d, dijo.<\/p>\n<p>Finalmente, Garc\u00eda Pizarro concluy\u00f3 agradeciendo la gesti\u00f3n del gobernador y del CoPESJ \u201cpara lograr respuestas adecuadas para contextos distintos. Llevo a San Juan en coraz\u00f3n, me alegra ver el cari\u00f1o con el que siempre me reciben\u201d.<\/p>\n<p>A su turno y en representaci\u00f3n de los cuatro intendentes del tercer grupo habl\u00f3 el intendente de San Mart\u00edn, Cristian Andino, quien destac\u00f3 la Ley de Coparticipaci\u00f3n impulsada por el gobernador Sergio U\u00f1ac. \u00abEs muy importante tener una hoja de ruta dise\u00f1ada por los vecinos y vecinas, acompa\u00f1ados por el Estado. Hay que valorar el esfuerzo de cada uno de ellos que quitaron tiempo de su vida para participar de los distintos foros\u00bb.<\/p>\n<div class=\"itemFullText\">\n<p>Cabe destacar que la planificaci\u00f3n estrat\u00e9gica que lleva adelante la provincia de San Juan, se realiza en forma simult\u00e1nea con los departamentos y teniendo en cuenta la Agenda 2030 de Desarrollo Sostenible.<\/p>\n<p>Este proceso, que desde 2016 el gobierno de la provincia realiza en forma sostenida y continua, fortalece la cultura de gesti\u00f3n estrat\u00e9gica participativa y multinivel.<\/p>\n<\/div>\n<div class=\"clr\">Publicado el Martes, 20 de Septiembre de 2022<\/div>\n","protected":false},"excerpt":{"rendered":"<p>El gobernador de San Juan, Dr. Sergio U\u00f1ac hizo entrega de los informes de avance de Planificaci\u00f3n Estrat\u00e9gica de los<\/p>\n","protected":false},"author":3,"featured_media":52780,"comment_status":"closed","ping_status":"closed","sticky":false,"template":"","format":"video","meta":{"_acf_changed":false,"_seopress_robots_primary_cat":"none","_seopress_titles_title":"","_seopress_titles_desc":"","_seopress_robots_index":"","colormag_page_container_layout":"default_layout","colormag_page_sidebar_layout":"default_layout","footnotes":""},"categories":[1,7],"tags":[],"class_list":["post-52778","post","type-post","status-publish","format-video","has-post-thumbnail","hentry","category-destacadas","category-videos","post_format-post-format-video"],"acf":[],"_links":{"self":[{"href":"https:\/\/vocesparalelas.com.ar\/sitio\/wp-json\/wp\/v2\/posts\/52778","targetHints":{"allow":["GET"]}}],"collection":[{"href":"https:\/\/vocesparalelas.com.ar\/sitio\/wp-json\/wp\/v2\/posts"}],"about":[{"href":"https:\/\/vocesparalelas.com.ar\/sitio\/wp-json\/wp\/v2\/types\/post"}],"author":[{"embeddable":true,"href":"https:\/\/vocesparalelas.com.ar\/sitio\/wp-json\/wp\/v2\/users\/3"}],"replies":[{"embeddable":true,"href":"https:\/\/vocesparalelas.com.ar\/sitio\/wp-json\/wp\/v2\/comments?post=52778"}],"version-history":[{"count":1,"href":"https:\/\/vocesparalelas.com.ar\/sitio\/wp-json\/wp\/v2\/posts\/52778\/revisions"}],"predecessor-version":[{"id":52781,"href":"https:\/\/vocesparalelas.com.ar\/sitio\/wp-json\/wp\/v2\/posts\/52778\/revisions\/52781"}],"wp:featuredmedia":[{"embeddable":true,"href":"https:\/\/vocesparalelas.com.ar\/sitio\/wp-json\/wp\/v2\/media\/52780"}],"wp:attachment":[{"href":"https:\/\/vocesparalelas.com.ar\/sitio\/wp-json\/wp\/v2\/media?parent=52778"}],"wp:term":[{"taxonomy":"category","embeddable":true,"href":"https:\/\/vocesparalelas.com.ar\/sitio\/wp-json\/wp\/v2\/categories?post=52778"},{"taxonomy":"post_tag","embeddable":true,"href":"https:\/\/vocesparalelas.com.ar\/sitio\/wp-json\/wp\/v2\/tags?post=52778"}],"curies":[{"name":"wp","href":"https:\/\/api.w.org\/{rel}","templated":true}]}}