{"id":52759,"date":"2022-09-20T15:55:02","date_gmt":"2022-09-20T18:55:02","guid":{"rendered":"https:\/\/vocesparalelas.com.ar\/sitio\/?p=52759"},"modified":"2022-09-22T00:01:07","modified_gmt":"2022-09-22T03:01:07","slug":"curso-de-diseno-de-vestuario-para-teatro-en-san-juan","status":"publish","type":"post","link":"https:\/\/vocesparalelas.com.ar\/sitio\/curso-de-diseno-de-vestuario-para-teatro-en-san-juan\/","title":{"rendered":"Curso de dise\u00f1o de vestuario para teatro en San Juan"},"content":{"rendered":"<p>Un nuevo trayecto de formaci\u00f3n dio comienzo en el marco de la Escuela de Educaci\u00f3n Profesional de la Universidad Nacional de San Juan. Se trata del\u00a0Curso de dise\u00f1o de vestuario para teatro, en coordinaci\u00f3n con el Ministerio de Turismo y Cultura de la Provincia de San Juan y el Teatro del Bicentenario.<\/p>\n<p>Tiene como docente invitada a Luciana Rafti, dise\u00f1adora proveniente de Buenos Aires, que se desempe\u00f1a principalmente en los Talleres Argentinos de La Plata, convocada por la UNSJ y el Teatro del Bicentenario.<\/p>\n<p>La tem\u00e1tica del curso\u00a0es sobre dise\u00f1o de vestuario. Corte y confecci\u00f3n y t\u00e9cnicas esc\u00e9nicas, orientado a lo teatral. Este trayecto parte desde los conceptos b\u00e1sicos, otorgando idea de costura, corte, tela, hilos, etc., hasta llegar a lo espec\u00edfico. La formaci\u00f3n intensiva se desarrollar\u00e1 en todo el mes de septiembre.<\/p>\n<p>Para referirse al curso, la coordinadora de la Escuela de Educaci\u00f3n Profesional UNSJ, DI Rosa Figueroa manifest\u00f3 que \u201csurge en el marco del v\u00ednculo de la Escuela de Educaci\u00f3n Profesional de la Universidad con el Teatro del Bicentenario. Este curso de dise\u00f1o de vestuario para teatro, viene a dar respuesta a un \u00e1rea de vacancia en la formaci\u00f3n para el trabajo, con una gran demanda en la provincia. En la preinscripci\u00f3n tuvimos una convocatoria de 45 personas, pero finalmente s\u00f3lo 20 fueron seleccionados para esta edici\u00f3n\u201d. Continu\u00f3 diciendo que \u201caunque est\u00e1 previsto por \u00fanica vez, debido a la demanda puede haber posibilidades de hacer nuevas ediciones\u201d. Agreg\u00f3 que se est\u00e1 trabajando fuertemente en coordinaci\u00f3n con el teatro, para futuras capacitaciones.<\/p>\n<p>Sobre este \u00faltimo tema la directora del Teatro del Bicentenario, Lic. Silvana Moreno dijo que \u201ccon el objeto de fortalecer el v\u00ednculo entre la UNSJ y el Ministerio de Turismo y Cultura, se est\u00e1 trabajando en dos acciones conjuntas, vinculadas a la formaci\u00f3n y capacitaci\u00f3n de profesi\u00f3n y oficio vinculados con el quehacer art\u00edstico y teatral. La primera es este taller de sastrer\u00eda en curso y la pr\u00f3xima ser\u00e1 sobre Iluminaci\u00f3n. El nuevo curso de Iluminaci\u00f3n, abordar\u00e1 un poco, la parte de dise\u00f1o lum\u00ednico que en cualquier puesta art\u00edstica teatral es un elemento de desarrollo creativo muy importante\u201d.<\/p>\n<p><img loading=\"lazy\" decoding=\"async\" class=\"alignnone size-full wp-image-37900\" src=\"https:\/\/vocesparalelas.com.ar\/sitio\/wp-content\/uploads\/2021\/05\/UNSJ-LOGOTIPO-01.jpg\" alt=\"\" width=\"800\" height=\"533\" srcset=\"https:\/\/vocesparalelas.com.ar\/sitio\/wp-content\/uploads\/2021\/05\/UNSJ-LOGOTIPO-01.jpg 800w, https:\/\/vocesparalelas.com.ar\/sitio\/wp-content\/uploads\/2021\/05\/UNSJ-LOGOTIPO-01-300x200.jpg 300w, https:\/\/vocesparalelas.com.ar\/sitio\/wp-content\/uploads\/2021\/05\/UNSJ-LOGOTIPO-01-768x512.jpg 768w\" sizes=\"auto, (max-width: 800px) 100vw, 800px\" \/><\/p>\n<p><img loading=\"lazy\" decoding=\"async\" class=\"alignnone size-full wp-image-32104\" src=\"https:\/\/vocesparalelas.com.ar\/sitio\/wp-content\/uploads\/2020\/10\/TEATRO-DEL-BICENTENARIO.jpg\" alt=\"\" width=\"800\" height=\"475\" srcset=\"https:\/\/vocesparalelas.com.ar\/sitio\/wp-content\/uploads\/2020\/10\/TEATRO-DEL-BICENTENARIO.jpg 800w, https:\/\/vocesparalelas.com.ar\/sitio\/wp-content\/uploads\/2020\/10\/TEATRO-DEL-BICENTENARIO-300x178.jpg 300w, https:\/\/vocesparalelas.com.ar\/sitio\/wp-content\/uploads\/2020\/10\/TEATRO-DEL-BICENTENARIO-768x456.jpg 768w\" sizes=\"auto, (max-width: 800px) 100vw, 800px\" \/><\/p>\n<p>Publicado el Martes, 20 de Septiembre de 2022<\/p>\n","protected":false},"excerpt":{"rendered":"<p>Un nuevo trayecto de formaci\u00f3n dio comienzo en el marco de la Escuela de Educaci\u00f3n Profesional de la Universidad Nacional<\/p>\n","protected":false},"author":3,"featured_media":52762,"comment_status":"closed","ping_status":"closed","sticky":false,"template":"","format":"standard","meta":{"_acf_changed":false,"_seopress_robots_primary_cat":"none","_seopress_titles_title":"","_seopress_titles_desc":"","_seopress_robots_index":"","colormag_page_container_layout":"default_layout","colormag_page_sidebar_layout":"default_layout","footnotes":""},"categories":[9],"tags":[],"class_list":["post-52759","post","type-post","status-publish","format-standard","has-post-thumbnail","hentry","category-cursos"],"acf":[],"_links":{"self":[{"href":"https:\/\/vocesparalelas.com.ar\/sitio\/wp-json\/wp\/v2\/posts\/52759","targetHints":{"allow":["GET"]}}],"collection":[{"href":"https:\/\/vocesparalelas.com.ar\/sitio\/wp-json\/wp\/v2\/posts"}],"about":[{"href":"https:\/\/vocesparalelas.com.ar\/sitio\/wp-json\/wp\/v2\/types\/post"}],"author":[{"embeddable":true,"href":"https:\/\/vocesparalelas.com.ar\/sitio\/wp-json\/wp\/v2\/users\/3"}],"replies":[{"embeddable":true,"href":"https:\/\/vocesparalelas.com.ar\/sitio\/wp-json\/wp\/v2\/comments?post=52759"}],"version-history":[{"count":3,"href":"https:\/\/vocesparalelas.com.ar\/sitio\/wp-json\/wp\/v2\/posts\/52759\/revisions"}],"predecessor-version":[{"id":52765,"href":"https:\/\/vocesparalelas.com.ar\/sitio\/wp-json\/wp\/v2\/posts\/52759\/revisions\/52765"}],"wp:featuredmedia":[{"embeddable":true,"href":"https:\/\/vocesparalelas.com.ar\/sitio\/wp-json\/wp\/v2\/media\/52762"}],"wp:attachment":[{"href":"https:\/\/vocesparalelas.com.ar\/sitio\/wp-json\/wp\/v2\/media?parent=52759"}],"wp:term":[{"taxonomy":"category","embeddable":true,"href":"https:\/\/vocesparalelas.com.ar\/sitio\/wp-json\/wp\/v2\/categories?post=52759"},{"taxonomy":"post_tag","embeddable":true,"href":"https:\/\/vocesparalelas.com.ar\/sitio\/wp-json\/wp\/v2\/tags?post=52759"}],"curies":[{"name":"wp","href":"https:\/\/api.w.org\/{rel}","templated":true}]}}