{"id":52756,"date":"2022-09-20T10:21:45","date_gmt":"2022-09-20T13:21:45","guid":{"rendered":"https:\/\/vocesparalelas.com.ar\/sitio\/?p=52756"},"modified":"2022-09-23T20:57:32","modified_gmt":"2022-09-23T23:57:32","slug":"aumento-a-contratados-y-subsidio-a-municipios-de-san-juan","status":"publish","type":"post","link":"https:\/\/vocesparalelas.com.ar\/sitio\/aumento-a-contratados-y-subsidio-a-municipios-de-san-juan\/","title":{"rendered":"Aumento a contratados y subsidio a municipios de San Juan"},"content":{"rendered":"<div class=\"itemFullText\">\n<p>El Martes, 20 de Septiembre de 2022, la ministro de Hacienda y Finanzas del Gobierno de San Juan, CPN Marisa L\u00f3pez, acompa\u00f1ada por el secretario y subsecretaria de esa cartera, CPN Gerardo Torrent y CPN Eliana Mattar, dieron a conocer dos importantes medidas del Ejecutivo provincial:<\/p>\n<ul>\n<li>aumento de sueldo a contratados y<\/li>\n<li>un subsidio para que en los 19 municipios de la provincia se pueda hacer frente a la suba salarial ya dispuesta para los trabajadores estatales de la provincia.<\/li>\n<\/ul>\n<p>La ministro de Hacienda y Finanzas del Gobierno de San Juan, CPN Marisa L\u00f3pez destac\u00f3 que \u201cel gobernador, Dr. Sergio U\u00f1ac, ha decidido asistir a los municipios con un subsidio para poder hacer frente a los incrementos salariales con el mismo alcance con el que lo hizo el gobierno para los estatales, que a diciembre de 2022 llega al 100 %\u201d.<\/p>\n<p>Esto implica la elaboraci\u00f3n de un proyecto de Ley que establece un subsidio de car\u00e1cter extraordinario por la suma de $202 millones, los que ser\u00e1n distribuidos entre los 19 municipios.<\/p>\n<p>Dicho subsidio ha sido calculado en un 50 % en base a las n\u00f3minas salariales de cada uno de los municipios y el otro 50 % en base al coeficiente de distribuci\u00f3n secundaria de coparticipaci\u00f3n Municipal.<\/p>\n<p>Este aporte se suma al entregado cuando el Ejecutivo dispuso el incremento salarial del 65 %, con un aumento del 40 % en un solo tramo, desde el mes de junio, y se asisti\u00f3 con recursos del Fondo de Emergencias Municipales por $700 millones a los municipios, suma que se est\u00e1 transfiriendo mensualmente.<\/p>\n<p>En esta oportunidad se hace uso de la v\u00eda legislativa a los efectos de asistir en un 50 % de los costos estimados que tendr\u00e1n las comunas si otorgan el mismo incremento salarial que dio la Provincia, partiendo del principio de costos compartidos.<\/p>\n<p><span style=\"color: #339966;\"><strong>Para contratados<\/strong><\/span><\/p>\n<p>El otro anuncio realizado por los funcionarios de Hacienda tiene como protagonistas a los contratados de la provincia, quienes, a partir del mes de octubre van a tener un incremento en sus contratos administrativos de servicios de colaboraci\u00f3n de casi un 25%.<\/p>\n<p>De esta forma, los montos seg\u00fan las funciones que cada contratado realiza quedan de la siguiente manera:<\/p>\n<ul>\n<li>Servicios generales: $51.000,00<\/li>\n<li>Administrativos: $71.000,00<\/li>\n<li>Profesionales: $110.000,00<\/li>\n<\/ul>\n<p>Cabe destacar que los contratados hab\u00edan recibido un aumento del 30% en el mes de enero y un 35% de aumento a partir del mes de agosto, a estos montos se le suma un nuevo aumento del 25% hasta diciembre 2022.<\/p>\n<p>Esta medida tiene un costo aproximado de $ 146 Millones por los meses de octubre, noviembre y diciembre, y beneficia a unos 3.700 contratados.<\/p>\n<\/div>\n<div class=\"clr\"><\/div>\n<div class=\"itemContentFooter\"><span class=\"itemDateModified\">Publicado el Martes, 20 de Septiembre de 2022<\/span><\/div>\n","protected":false},"excerpt":{"rendered":"<p>El Martes, 20 de Septiembre de 2022, la ministro de Hacienda y Finanzas del Gobierno de San Juan, CPN Marisa<\/p>\n","protected":false},"author":3,"featured_media":49936,"comment_status":"closed","ping_status":"closed","sticky":false,"template":"","format":"standard","meta":{"_acf_changed":false,"_seopress_robots_primary_cat":"none","_seopress_titles_title":"","_seopress_titles_desc":"","_seopress_robots_index":"","colormag_page_container_layout":"default_layout","colormag_page_sidebar_layout":"default_layout","footnotes":""},"categories":[6],"tags":[],"class_list":["post-52756","post","type-post","status-publish","format-standard","has-post-thumbnail","hentry","category-eventos"],"acf":[],"_links":{"self":[{"href":"https:\/\/vocesparalelas.com.ar\/sitio\/wp-json\/wp\/v2\/posts\/52756","targetHints":{"allow":["GET"]}}],"collection":[{"href":"https:\/\/vocesparalelas.com.ar\/sitio\/wp-json\/wp\/v2\/posts"}],"about":[{"href":"https:\/\/vocesparalelas.com.ar\/sitio\/wp-json\/wp\/v2\/types\/post"}],"author":[{"embeddable":true,"href":"https:\/\/vocesparalelas.com.ar\/sitio\/wp-json\/wp\/v2\/users\/3"}],"replies":[{"embeddable":true,"href":"https:\/\/vocesparalelas.com.ar\/sitio\/wp-json\/wp\/v2\/comments?post=52756"}],"version-history":[{"count":1,"href":"https:\/\/vocesparalelas.com.ar\/sitio\/wp-json\/wp\/v2\/posts\/52756\/revisions"}],"predecessor-version":[{"id":52758,"href":"https:\/\/vocesparalelas.com.ar\/sitio\/wp-json\/wp\/v2\/posts\/52756\/revisions\/52758"}],"wp:featuredmedia":[{"embeddable":true,"href":"https:\/\/vocesparalelas.com.ar\/sitio\/wp-json\/wp\/v2\/media\/49936"}],"wp:attachment":[{"href":"https:\/\/vocesparalelas.com.ar\/sitio\/wp-json\/wp\/v2\/media?parent=52756"}],"wp:term":[{"taxonomy":"category","embeddable":true,"href":"https:\/\/vocesparalelas.com.ar\/sitio\/wp-json\/wp\/v2\/categories?post=52756"},{"taxonomy":"post_tag","embeddable":true,"href":"https:\/\/vocesparalelas.com.ar\/sitio\/wp-json\/wp\/v2\/tags?post=52756"}],"curies":[{"name":"wp","href":"https:\/\/api.w.org\/{rel}","templated":true}]}}