{"id":52749,"date":"2022-09-19T22:27:43","date_gmt":"2022-09-20T01:27:43","guid":{"rendered":"https:\/\/vocesparalelas.com.ar\/sitio\/?p=52749"},"modified":"2022-09-20T22:38:29","modified_gmt":"2022-09-21T01:38:29","slug":"aumento-salarial-en-paritaria-docente-de-san-juan","status":"publish","type":"post","link":"https:\/\/vocesparalelas.com.ar\/sitio\/aumento-salarial-en-paritaria-docente-de-san-juan\/","title":{"rendered":"Aumento Salarial en Paritaria Docente de San Juan"},"content":{"rendered":"<p>El Secretariado Ejecutivo de la Uni\u00f3n Docentes Agremiados Provinciales &#8211; UDAP &#8211; comunica a todos los docentes de los distintos niveles y modalidades del Sistema Educativo de Gesti\u00f3n P\u00fablica, estatal y privada, que el d\u00eda jueves 15 de septiembre\/22 en la provincia de San Juan, se llev\u00f3 a cabo el acuerdo paritario entre el gobierno y los tres gremios docentes habilitados; de igual manera en el \u00e1mbito nacional, se acord\u00f3 un nuevo piso salarial para el cargo testigo.<\/p>\n<p><img loading=\"lazy\" decoding=\"async\" class=\"alignnone size-full wp-image-52583\" src=\"https:\/\/vocesparalelas.com.ar\/sitio\/wp-content\/uploads\/2022\/09\/PARITARI-EMPLEADOS-01.jpg\" alt=\"\" width=\"800\" height=\"533\" srcset=\"https:\/\/vocesparalelas.com.ar\/sitio\/wp-content\/uploads\/2022\/09\/PARITARI-EMPLEADOS-01.jpg 800w, https:\/\/vocesparalelas.com.ar\/sitio\/wp-content\/uploads\/2022\/09\/PARITARI-EMPLEADOS-01-300x200.jpg 300w, https:\/\/vocesparalelas.com.ar\/sitio\/wp-content\/uploads\/2022\/09\/PARITARI-EMPLEADOS-01-768x512.jpg 768w\" sizes=\"auto, (max-width: 800px) 100vw, 800px\" \/><\/p>\n<p>De tales \u00e1mbitos, surge que:<\/p>\n<p>A- Naci\u00f3n:<\/p>\n<p>1- Incremento a diciembre\/22; 82% en tres tramos.<\/p>\n<ol>\n<li>Septiembre-Octubre\/22; 64,7%.<\/li>\n<li>Noviembre\/22; 76,8%.<\/li>\n<li>Diciembre\/22; 82%.<\/li>\n<\/ol>\n<p>2- Piso salarial P\/cargo testigo: Para la provincia de San Juan al piso que fija naci\u00f3n, se incrementa en un 30%.<\/p>\n<table>\n<tbody>\n<tr>\n<td width=\"189\"><\/td>\n<td width=\"189\">Naci\u00f3n<\/td>\n<td width=\"189\">En San Juan<\/td>\n<\/tr>\n<tr>\n<td width=\"189\">1. Septiembre- Octubre\/22<\/p>\n<p>&nbsp;<\/td>\n<td width=\"189\">$70.000<\/p>\n<p>&nbsp;<\/td>\n<td width=\"189\">$91.000<\/p>\n<p>&nbsp;<\/td>\n<\/tr>\n<tr>\n<td width=\"189\">2. Noviembre\/22<\/p>\n<p>&nbsp;<\/td>\n<td width=\"189\">$ 75.000<\/p>\n<p>&nbsp;<\/td>\n<td width=\"189\">$97.500<\/p>\n<p>&nbsp;<\/td>\n<\/tr>\n<tr>\n<td width=\"189\">3. Diciembre\/22<\/p>\n<p>&nbsp;<\/td>\n<td width=\"189\">$77.137<\/p>\n<p>&nbsp;<\/td>\n<td width=\"189\">$ 100.278<\/p>\n<p>&nbsp;<\/td>\n<\/tr>\n<\/tbody>\n<\/table>\n<p>B- Provincia San Juan:<\/p>\n<p>1- Incremento a diciembre\/22; 100%.<\/p>\n<ol>\n<li>Septiembre\/22; 7%.<\/li>\n<li>Octubre\/22; 11%.<\/li>\n<li>Noviembre\/22; 7%<\/li>\n<li>Diciembre\/22; 10%<\/li>\n<\/ol>\n<p>2- Se fija el incremento en todos los tramos, sobre el valor \u00edndice del mes de febrero\/22.<\/p>\n<table>\n<tbody>\n<tr>\n<td width=\"113\"><\/td>\n<td width=\"113\">VI<\/p>\n<p>&nbsp;<\/td>\n<td width=\"113\">B\u00e1sico (A01)<\/p>\n<p>&nbsp;<\/td>\n<td width=\"113\">HC NM<\/p>\n<p>&nbsp;<\/td>\n<td width=\"113\">HC NS<\/p>\n<p>&nbsp;<\/td>\n<\/tr>\n<tr>\n<td width=\"113\">1.Sep.\/22<\/p>\n<p>&nbsp;<\/td>\n<td width=\"113\">99,5022<\/p>\n<p>&nbsp;<\/td>\n<td width=\"113\">$ 40.795,90<\/p>\n<p>&nbsp;<\/td>\n<td width=\"113\">$2.719,73<\/p>\n<p>&nbsp;<\/td>\n<td width=\"113\">$3.399,66<\/p>\n<p>&nbsp;<\/td>\n<\/tr>\n<tr>\n<td width=\"113\">2.Oct.\/22<\/td>\n<td width=\"113\">105,8657<\/p>\n<p>&nbsp;<\/td>\n<td width=\"113\">$ 43.404,94<\/p>\n<p>&nbsp;<\/td>\n<td width=\"113\">$2.893,66<\/p>\n<p>&nbsp;<\/td>\n<td width=\"113\">$3.617,08<\/p>\n<p>&nbsp;<\/td>\n<\/tr>\n<tr>\n<td width=\"113\">3. Nov.\/22<\/td>\n<td width=\"113\">109,9152<\/p>\n<p>&nbsp;<\/td>\n<td width=\"113\">$ 45.065,23<\/p>\n<p>&nbsp;<\/td>\n<td width=\"113\">$3.004,35<\/p>\n<p>&nbsp;<\/td>\n<td width=\"113\">$3.755,44<\/p>\n<p>&nbsp;<\/td>\n<\/tr>\n<tr>\n<td width=\"113\">4.Dic.\/22<\/td>\n<td width=\"113\">115,7002<\/p>\n<p>&nbsp;<\/td>\n<td width=\"113\">$ 47.437,08<\/p>\n<p>&nbsp;<\/td>\n<td width=\"113\">$3.162,47<\/p>\n<p>&nbsp;<\/td>\n<td width=\"113\">$3.953,09<\/p>\n<p>&nbsp;<\/td>\n<\/tr>\n<\/tbody>\n<\/table>\n<p>3- Asignaci\u00f3n A56 (Estado Docente)<\/p>\n<ol>\n<li>\/22 $7.005<\/li>\n<li>\/22 $7.512<\/li>\n<li>\/22 $7.835<\/li>\n<li>\/22 $8.296<\/li>\n<\/ol>\n<p>4- Garant\u00eda de la Paritaria Docente Nacional:<\/p>\n<p>Se ratifica el cumplimiento de todos los puntos de la Paritaria Nacional Docente acordada y por acordar en un futuro.<\/p>\n<p>5- SNDP (Salario Neto Docente Provincial) GARANTIZADO EN ADELANTE:<\/p>\n<p>El gobierno de la Provincia de San Juan, contin\u00faa garantizando el salario neto docente de 410 puntos correspondiente al cargo testigo, maestro de grado jornada simple, incrementado en un 30% o sus equivalentes en horas c\u00e1tedra.<\/p>\n<p>Se considera 12 horas c\u00e1tedra para el Nivel superior y 15 para el nivel medio.<\/p>\n<p>6- CLAUSULA DE AJUSTE ANUAL:<\/p>\n<p>Para enero y febrero\/23, se aplicar\u00e1 Cl\u00e1usula Gatillo, utilizando a tal efecto, el dato de la inflaci\u00f3n acumulada a diciembre\/22 y enero\/23, estos ajustes se tomar\u00e1n a cuenta de la paritaria\/2023.<\/p>\n<p>7- MECANISMO DE REVISION SALARIAL:<\/p>\n<p>De ser necesario conforme acuerdo paritario, en el marco del acumulado inflacionario que determina INDEC, se iniciar\u00e1 la paritaria de revisi\u00f3n salarial a los 3 d\u00edas h\u00e1biles de conocerse el mismo.<\/p>\n<p>8- CONVOCATORIA A PARITARIA:<\/p>\n<p>Se acuerda entre las partes, una nueva convocatoria para la primera quincena de octubre\/22 a los efectos de finalizar con las revisiones del texto ordenado del Decreto 155-2011.<\/p>\n<p style=\"text-align: right;\">San Juan, 19 de Septiembre de 2022<\/p>\n<p style=\"text-align: right;\">Secretariado Ejecutivo<\/p>\n<p style=\"text-align: right;\">Luis Lucero Secretario General<\/p>\n<p>Publicado el Lunes, 19 de Septiembre de 2022<\/p>\n","protected":false},"excerpt":{"rendered":"<p>El Secretariado Ejecutivo de la Uni\u00f3n Docentes Agremiados Provinciales &#8211; UDAP &#8211; comunica a todos los docentes de los distintos<\/p>\n","protected":false},"author":3,"featured_media":52636,"comment_status":"closed","ping_status":"closed","sticky":false,"template":"","format":"standard","meta":{"_acf_changed":false,"_seopress_robots_primary_cat":"none","_seopress_titles_title":"","_seopress_titles_desc":"","_seopress_robots_index":"","colormag_page_container_layout":"default_layout","colormag_page_sidebar_layout":"default_layout","footnotes":""},"categories":[6],"tags":[],"class_list":["post-52749","post","type-post","status-publish","format-standard","has-post-thumbnail","hentry","category-eventos"],"acf":[],"_links":{"self":[{"href":"https:\/\/vocesparalelas.com.ar\/sitio\/wp-json\/wp\/v2\/posts\/52749","targetHints":{"allow":["GET"]}}],"collection":[{"href":"https:\/\/vocesparalelas.com.ar\/sitio\/wp-json\/wp\/v2\/posts"}],"about":[{"href":"https:\/\/vocesparalelas.com.ar\/sitio\/wp-json\/wp\/v2\/types\/post"}],"author":[{"embeddable":true,"href":"https:\/\/vocesparalelas.com.ar\/sitio\/wp-json\/wp\/v2\/users\/3"}],"replies":[{"embeddable":true,"href":"https:\/\/vocesparalelas.com.ar\/sitio\/wp-json\/wp\/v2\/comments?post=52749"}],"version-history":[{"count":2,"href":"https:\/\/vocesparalelas.com.ar\/sitio\/wp-json\/wp\/v2\/posts\/52749\/revisions"}],"predecessor-version":[{"id":52789,"href":"https:\/\/vocesparalelas.com.ar\/sitio\/wp-json\/wp\/v2\/posts\/52749\/revisions\/52789"}],"wp:featuredmedia":[{"embeddable":true,"href":"https:\/\/vocesparalelas.com.ar\/sitio\/wp-json\/wp\/v2\/media\/52636"}],"wp:attachment":[{"href":"https:\/\/vocesparalelas.com.ar\/sitio\/wp-json\/wp\/v2\/media?parent=52749"}],"wp:term":[{"taxonomy":"category","embeddable":true,"href":"https:\/\/vocesparalelas.com.ar\/sitio\/wp-json\/wp\/v2\/categories?post=52749"},{"taxonomy":"post_tag","embeddable":true,"href":"https:\/\/vocesparalelas.com.ar\/sitio\/wp-json\/wp\/v2\/tags?post=52749"}],"curies":[{"name":"wp","href":"https:\/\/api.w.org\/{rel}","templated":true}]}}