{"id":52665,"date":"2022-09-16T20:38:24","date_gmt":"2022-09-16T23:38:24","guid":{"rendered":"https:\/\/vocesparalelas.com.ar\/sitio\/?p=52665"},"modified":"2022-09-16T21:38:40","modified_gmt":"2022-09-17T00:38:40","slug":"disfruta-oeste-expo-tatto-en-san-juan","status":"publish","type":"post","link":"https:\/\/vocesparalelas.com.ar\/sitio\/disfruta-oeste-expo-tatto-en-san-juan\/","title":{"rendered":"Disfruta Oeste Expo Tatto en San Juan"},"content":{"rendered":"<div class=\"itemFullText\">\n<p>El Centro Cultural Conte Grand de San Juan es el espacio para la Oeste Expo Tattoo. En esta primera edici\u00f3n, el p\u00fablico puede conocer a distintos expositores de todo el pa\u00eds que participan de este evento cargado de propuestas.<\/p>\n<p>El S\u00e1bado, 17 y el Domingo, 18 de Septiembre, desde las 12 hs.; durante ambas jornadas los artistas nacionales e internacionales,\u00a0se desarrollan competencias de los tatuadores en cada estilo, tales como black and grey, full color, black work, tradicional, neotradicional, dotwork, new school, oriental, libre y lettering.<\/p>\n<p>Los interesados son parte de los seminarios privados\u00a0de tattoo realismo full color, black work bot\u00e1nico y piercing.<\/p>\n<p>Oeste Expo Tattoo cuenta con la conducci\u00f3n de CTRL.G y con djs en vivo\u00a0de la mano de Lucas Dayz y Nicaragua, adem\u00e1s de\u00a0m\u00fasica\u00a0a cargo de Putrefactos, Skaraboom Lucrelove, Abducidos y Bomba Kill.<\/p>\n<p>Por su parte, Circo Flama brinda un show y Leticia Mallea realiza una intervenci\u00f3n art\u00edstica con graffitti\u00a0en vivo.<\/p>\n<p>Los mejores trabajos tienen premios y son elegidos por un jurado de lujo integrado por Adri\u00e1n Binda y Marcelo D&#8217;aloisio desde Buenos Aires, y, desde Mendoza, Ver\u00f3nica Blackmont.<\/p>\n<p>De esta manera, llega la primera edici\u00f3n con dos jornadas para disfrutar del arte del tatuaje.<\/p>\n<p>Las entradas anticipadas se consiguen con un valor de $800 en Cultura Under, Mala Sangre, Bad Fish y Nico Moragues. En el ingreso al evento se abona $1000.<\/p>\n<p>Para m\u00e1s consultas, comunicarse al 2644167265\u00a0o por Instagram en Oeste Expo Tatoo.<\/p>\n<p><img loading=\"lazy\" decoding=\"async\" class=\"alignnone size-large wp-image-22523\" src=\"https:\/\/vocesparalelas.com.ar\/sitio\/wp-content\/uploads\/2019\/07\/CENTRO-CULTURAL-CONTE-GRAND-800x601.jpg\" alt=\"\" width=\"800\" height=\"601\" srcset=\"https:\/\/vocesparalelas.com.ar\/sitio\/wp-content\/uploads\/2019\/07\/CENTRO-CULTURAL-CONTE-GRAND-800x601.jpg 800w, https:\/\/vocesparalelas.com.ar\/sitio\/wp-content\/uploads\/2019\/07\/CENTRO-CULTURAL-CONTE-GRAND-300x225.jpg 300w, https:\/\/vocesparalelas.com.ar\/sitio\/wp-content\/uploads\/2019\/07\/CENTRO-CULTURAL-CONTE-GRAND-768x577.jpg 768w, https:\/\/vocesparalelas.com.ar\/sitio\/wp-content\/uploads\/2019\/07\/CENTRO-CULTURAL-CONTE-GRAND.jpg 1000w\" sizes=\"auto, (max-width: 800px) 100vw, 800px\" \/><\/p>\n<\/div>\n<div class=\"clr\">Publicado el Viernes, 16 de Septiembre de 2022<\/div>\n","protected":false},"excerpt":{"rendered":"<p>El Centro Cultural Conte Grand de San Juan es el espacio para la Oeste Expo Tattoo. En esta primera edici\u00f3n,<\/p>\n","protected":false},"author":3,"featured_media":52667,"comment_status":"closed","ping_status":"closed","sticky":false,"template":"","format":"standard","meta":{"_acf_changed":false,"_seopress_robots_primary_cat":"none","_seopress_titles_title":"","_seopress_titles_desc":"","_seopress_robots_index":"","colormag_page_container_layout":"default_layout","colormag_page_sidebar_layout":"default_layout","footnotes":""},"categories":[1],"tags":[],"class_list":["post-52665","post","type-post","status-publish","format-standard","has-post-thumbnail","hentry","category-destacadas"],"acf":[],"_links":{"self":[{"href":"https:\/\/vocesparalelas.com.ar\/sitio\/wp-json\/wp\/v2\/posts\/52665","targetHints":{"allow":["GET"]}}],"collection":[{"href":"https:\/\/vocesparalelas.com.ar\/sitio\/wp-json\/wp\/v2\/posts"}],"about":[{"href":"https:\/\/vocesparalelas.com.ar\/sitio\/wp-json\/wp\/v2\/types\/post"}],"author":[{"embeddable":true,"href":"https:\/\/vocesparalelas.com.ar\/sitio\/wp-json\/wp\/v2\/users\/3"}],"replies":[{"embeddable":true,"href":"https:\/\/vocesparalelas.com.ar\/sitio\/wp-json\/wp\/v2\/comments?post=52665"}],"version-history":[{"count":1,"href":"https:\/\/vocesparalelas.com.ar\/sitio\/wp-json\/wp\/v2\/posts\/52665\/revisions"}],"predecessor-version":[{"id":52668,"href":"https:\/\/vocesparalelas.com.ar\/sitio\/wp-json\/wp\/v2\/posts\/52665\/revisions\/52668"}],"wp:featuredmedia":[{"embeddable":true,"href":"https:\/\/vocesparalelas.com.ar\/sitio\/wp-json\/wp\/v2\/media\/52667"}],"wp:attachment":[{"href":"https:\/\/vocesparalelas.com.ar\/sitio\/wp-json\/wp\/v2\/media?parent=52665"}],"wp:term":[{"taxonomy":"category","embeddable":true,"href":"https:\/\/vocesparalelas.com.ar\/sitio\/wp-json\/wp\/v2\/categories?post=52665"},{"taxonomy":"post_tag","embeddable":true,"href":"https:\/\/vocesparalelas.com.ar\/sitio\/wp-json\/wp\/v2\/tags?post=52665"}],"curies":[{"name":"wp","href":"https:\/\/api.w.org\/{rel}","templated":true}]}}