{"id":52647,"date":"2022-09-15T22:45:58","date_gmt":"2022-09-16T01:45:58","guid":{"rendered":"https:\/\/vocesparalelas.com.ar\/sitio\/?p=52647"},"modified":"2022-09-15T23:46:15","modified_gmt":"2022-09-16T02:46:15","slug":"capacitacion-presencial-sobre-concursos-simplificados-de-fm-de-san-juan","status":"publish","type":"post","link":"https:\/\/vocesparalelas.com.ar\/sitio\/capacitacion-presencial-sobre-concursos-simplificados-de-fm-de-san-juan\/","title":{"rendered":"Capacitaci\u00f3n presencial sobre concursos simplificados de FM de San Juan"},"content":{"rendered":"<p>El Viernes, 16 de Septiembre, a las 10 hs.; 2\u00b0 Piso del Edificio Correo, el personal de la Direcci\u00f3n Nacional de Servicios Audiovisuales del ENACOM realiza una capacitaci\u00f3n sobre los concursos simplificados de FM en la provincia de San Juan en el marco de la apertura del concurso simplificado para dicha provincia establecida por la Resoluci\u00f3n 1317\/2022.<\/p>\n<p>La apertura del mencionado concurso fue aprobado por la resoluci\u00f3n 1317\/2022 la cual llam\u00f3 a Concurso P\u00fablico para la adjudicaci\u00f3n de licencias a personas humanas, personas jur\u00eddicas con fines de lucro constituidas o en formaci\u00f3n y personas jur\u00eddicas sin fines de lucro regularmente constituidas, para la instalaci\u00f3n, funcionamiento y explotaci\u00f3n de servicios de comunicaci\u00f3n audiovisual por modulaci\u00f3n de frecuencia, categor\u00edas E y F para las provincias CHUBUT, C\u00d3RDOBA, ENTRE R\u00cdOS, MISIONES, NEUQU\u00c9N, R\u00cdO NEGRO, SALTA, SAN JUAN y SANTIAGO DEL ESTERO.<\/p>\n<p><strong><span style=\"color: #99cc00;\">Leer m\u00e1s informaci\u00f3n sobre el Concurso<\/span><\/strong><\/p>\n<p><a href=\"https:\/\/www.enacom.gob.ar\/concursos-publicos-fm_p5401\">https:\/\/www.enacom.gob.ar\/concursos-publicos-fm_p5401<\/a><\/p>\n<p>Publicado el Jueves, 15 de Septiembre de 2022<\/p>\n","protected":false},"excerpt":{"rendered":"<p>El Viernes, 16 de Septiembre, a las 10 hs.; 2\u00b0 Piso del Edificio Correo, el personal de la Direcci\u00f3n Nacional<\/p>\n","protected":false},"author":3,"featured_media":52649,"comment_status":"closed","ping_status":"closed","sticky":false,"template":"","format":"standard","meta":{"_acf_changed":false,"_seopress_robots_primary_cat":"none","_seopress_titles_title":"","_seopress_titles_desc":"","_seopress_robots_index":"","colormag_page_container_layout":"default_layout","colormag_page_sidebar_layout":"default_layout","footnotes":""},"categories":[1],"tags":[],"class_list":["post-52647","post","type-post","status-publish","format-standard","has-post-thumbnail","hentry","category-destacadas"],"acf":[],"_links":{"self":[{"href":"https:\/\/vocesparalelas.com.ar\/sitio\/wp-json\/wp\/v2\/posts\/52647","targetHints":{"allow":["GET"]}}],"collection":[{"href":"https:\/\/vocesparalelas.com.ar\/sitio\/wp-json\/wp\/v2\/posts"}],"about":[{"href":"https:\/\/vocesparalelas.com.ar\/sitio\/wp-json\/wp\/v2\/types\/post"}],"author":[{"embeddable":true,"href":"https:\/\/vocesparalelas.com.ar\/sitio\/wp-json\/wp\/v2\/users\/3"}],"replies":[{"embeddable":true,"href":"https:\/\/vocesparalelas.com.ar\/sitio\/wp-json\/wp\/v2\/comments?post=52647"}],"version-history":[{"count":1,"href":"https:\/\/vocesparalelas.com.ar\/sitio\/wp-json\/wp\/v2\/posts\/52647\/revisions"}],"predecessor-version":[{"id":52650,"href":"https:\/\/vocesparalelas.com.ar\/sitio\/wp-json\/wp\/v2\/posts\/52647\/revisions\/52650"}],"wp:featuredmedia":[{"embeddable":true,"href":"https:\/\/vocesparalelas.com.ar\/sitio\/wp-json\/wp\/v2\/media\/52649"}],"wp:attachment":[{"href":"https:\/\/vocesparalelas.com.ar\/sitio\/wp-json\/wp\/v2\/media?parent=52647"}],"wp:term":[{"taxonomy":"category","embeddable":true,"href":"https:\/\/vocesparalelas.com.ar\/sitio\/wp-json\/wp\/v2\/categories?post=52647"},{"taxonomy":"post_tag","embeddable":true,"href":"https:\/\/vocesparalelas.com.ar\/sitio\/wp-json\/wp\/v2\/tags?post=52647"}],"curies":[{"name":"wp","href":"https:\/\/api.w.org\/{rel}","templated":true}]}}