{"id":52619,"date":"2022-09-15T18:50:58","date_gmt":"2022-09-15T21:50:58","guid":{"rendered":"https:\/\/vocesparalelas.com.ar\/sitio\/?p=52619"},"modified":"2022-09-20T18:07:58","modified_gmt":"2022-09-20T21:07:58","slug":"acciones-de-prevencion-y-postvencion-en-las-escuelas-preuniversitarias-de-la-unsj","status":"publish","type":"post","link":"https:\/\/vocesparalelas.com.ar\/sitio\/acciones-de-prevencion-y-postvencion-en-las-escuelas-preuniversitarias-de-la-unsj\/","title":{"rendered":"Acciones de prevenci\u00f3n y postvenci\u00f3n en las escuelas preuniversitarias de la UNSJ"},"content":{"rendered":"<p>Desde Secretar\u00eda Acad\u00e9mica de la UNSJ se dieron a conocer las acciones de prevenci\u00f3n y postvenci\u00f3n realizadas por los Equipos de Orientaci\u00f3n de los Institutos Preuniversitarios de la Escuela Industrial, Escuela de Comercio y Colegio Central, acciones que se han profundizado y diversificado y que seguir\u00e1n actualiz\u00e1ndose en funci\u00f3n de las necesidades que surjan.<\/p>\n<p>El detalle de lo actuado y lo programado pone el foco en el manejo de las emociones de las y los adolescentes y el trabajo articulado entre todos los equipos de orientaci\u00f3n. Cabe se\u00f1alar que esta acci\u00f3n de articulaci\u00f3n ya se ven\u00eda desarrollando desde 2015 y se intensific\u00f3 despu\u00e9s de la pandemia.<\/p>\n<p>Las profesionales integrantes de estos equipos se\u00f1alaron que estas reuniones permitieron sistematizar \u201cprotocolos\u201d de actuaci\u00f3n que permitieron responder de manera adecuada a cada situaci\u00f3n. Explicaron que, si bien son cambios necesarios, tambi\u00e9n son complejos, ya que las y los estudiantes requieren en muchos casos respuestas inmediatas.<\/p>\n<p>Es por ello que, en plan de concretar el \u201cponer en palabras las emociones\u201d, se trabaja tambi\u00e9n con los docentes y en especial con adolescentes que quieren saber c\u00f3mo activar la escucha ante alg\u00fan o alguna compa\u00f1era que necesita ayuda. Manifestaron tambi\u00e9n que son ellos y ellas quienes est\u00e1n pidiendo a los equipos la adquisici\u00f3n de herramientas para la ayuda entre pares, que tambi\u00e9n incluye acciones recreativas para facilitar la vinculaci\u00f3n.<\/p>\n<p>En plan de s\u00edntesis, las acciones prevenci\u00f3n y postvenci\u00f3n incluyen el dise\u00f1o del programa \u201cEscuelas que ejercitan pr\u00e1cticas de cuidado\u201d, que comprende talleres y jornadas de reflexi\u00f3n con estudiantes y docentes en tem\u00e1ticas como acoso escolar, prevenci\u00f3n y postvenci\u00f3n del suicidio, manejo de las emociones, Educaci\u00f3n Sexual Integral &#8211; ESI -, trastornos de conductas alimentarias, reuniones con las familias, acciones articuladas con los Centros de Estudiantes, reuniones con el Equipo Provincial de Prevenci\u00f3n del Suicidio de la provincia y difusi\u00f3n a trav\u00e9s de los medios de comunicaci\u00f3n de las distintas etapas de programa.<\/p>\n<p><img loading=\"lazy\" decoding=\"async\" class=\"alignnone size-full wp-image-37900\" src=\"https:\/\/vocesparalelas.com.ar\/sitio\/wp-content\/uploads\/2021\/05\/UNSJ-LOGOTIPO-01.jpg\" alt=\"\" width=\"800\" height=\"533\" srcset=\"https:\/\/vocesparalelas.com.ar\/sitio\/wp-content\/uploads\/2021\/05\/UNSJ-LOGOTIPO-01.jpg 800w, https:\/\/vocesparalelas.com.ar\/sitio\/wp-content\/uploads\/2021\/05\/UNSJ-LOGOTIPO-01-300x200.jpg 300w, https:\/\/vocesparalelas.com.ar\/sitio\/wp-content\/uploads\/2021\/05\/UNSJ-LOGOTIPO-01-768x512.jpg 768w\" sizes=\"auto, (max-width: 800px) 100vw, 800px\" \/><\/p>\n<p>Publicado el Jueves, 15 de Septiembre de 2022<\/p>\n","protected":false},"excerpt":{"rendered":"<p>Desde Secretar\u00eda Acad\u00e9mica de la UNSJ se dieron a conocer las acciones de prevenci\u00f3n y postvenci\u00f3n realizadas por los Equipos<\/p>\n","protected":false},"author":3,"featured_media":14441,"comment_status":"closed","ping_status":"closed","sticky":false,"template":"","format":"standard","meta":{"_acf_changed":false,"_seopress_robots_primary_cat":"none","_seopress_titles_title":"","_seopress_titles_desc":"","_seopress_robots_index":"","colormag_page_container_layout":"default_layout","colormag_page_sidebar_layout":"default_layout","footnotes":""},"categories":[5],"tags":[],"class_list":["post-52619","post","type-post","status-publish","format-standard","has-post-thumbnail","hentry","category-ofrecimientos"],"acf":[],"_links":{"self":[{"href":"https:\/\/vocesparalelas.com.ar\/sitio\/wp-json\/wp\/v2\/posts\/52619","targetHints":{"allow":["GET"]}}],"collection":[{"href":"https:\/\/vocesparalelas.com.ar\/sitio\/wp-json\/wp\/v2\/posts"}],"about":[{"href":"https:\/\/vocesparalelas.com.ar\/sitio\/wp-json\/wp\/v2\/types\/post"}],"author":[{"embeddable":true,"href":"https:\/\/vocesparalelas.com.ar\/sitio\/wp-json\/wp\/v2\/users\/3"}],"replies":[{"embeddable":true,"href":"https:\/\/vocesparalelas.com.ar\/sitio\/wp-json\/wp\/v2\/comments?post=52619"}],"version-history":[{"count":1,"href":"https:\/\/vocesparalelas.com.ar\/sitio\/wp-json\/wp\/v2\/posts\/52619\/revisions"}],"predecessor-version":[{"id":52621,"href":"https:\/\/vocesparalelas.com.ar\/sitio\/wp-json\/wp\/v2\/posts\/52619\/revisions\/52621"}],"wp:featuredmedia":[{"embeddable":true,"href":"https:\/\/vocesparalelas.com.ar\/sitio\/wp-json\/wp\/v2\/media\/14441"}],"wp:attachment":[{"href":"https:\/\/vocesparalelas.com.ar\/sitio\/wp-json\/wp\/v2\/media?parent=52619"}],"wp:term":[{"taxonomy":"category","embeddable":true,"href":"https:\/\/vocesparalelas.com.ar\/sitio\/wp-json\/wp\/v2\/categories?post=52619"},{"taxonomy":"post_tag","embeddable":true,"href":"https:\/\/vocesparalelas.com.ar\/sitio\/wp-json\/wp\/v2\/tags?post=52619"}],"curies":[{"name":"wp","href":"https:\/\/api.w.org\/{rel}","templated":true}]}}