{"id":52585,"date":"2022-09-14T20:05:14","date_gmt":"2022-09-14T23:05:14","guid":{"rendered":"https:\/\/vocesparalelas.com.ar\/sitio\/?p=52585"},"modified":"2022-09-15T23:31:00","modified_gmt":"2022-09-16T02:31:00","slug":"capacitaciones-virtuales-y-gratuitas-para-docentes-del-nivel-secundario-de-san-juan","status":"publish","type":"post","link":"https:\/\/vocesparalelas.com.ar\/sitio\/capacitaciones-virtuales-y-gratuitas-para-docentes-del-nivel-secundario-de-san-juan\/","title":{"rendered":"Capacitaciones virtuales y gratuitas para docentes del Nivel Secundario de San Juan"},"content":{"rendered":"<p>En la sala de Vicegobernadores de la Legislatura de San Juan con la participaci\u00f3n de supervisores, directivos y docentes se realiz\u00f3 la capacitaci\u00f3n en el marco del programa INTEL skills for innovation, sobre tecnolog\u00eda y habilidades digitales<\/p>\n<p>El prop\u00f3sito es que los educadores puedan crear experiencias de aprendizaje innovadoras que involucren activamente a los estudiantes.<\/p>\n<p>La metodolog\u00eda es \u201caprender haciendo\u201d, es una interacci\u00f3n din\u00e1mica entre docente y estudiante, as\u00ed como tambi\u00e9n entre pares, con foco en que los participantes puedan trabajar con cada herramienta tecnol\u00f3gica en su vinculaci\u00f3n con diferentes disciplinas.<\/p>\n<p>El director de Asuntos P\u00fablicos para Latinoam\u00e9rica de INTEL, Lic. Hern\u00e1n Muhafara, , que puntualiz\u00f3 que \u00abINTEL es un programa que naci\u00f3 en Singapur y se est\u00e1 llevando a diversos pa\u00edses. Lo que hace es trabajar desde cualquier edad, primaria y secundaria para ayudar a los docentes a generar habilidades en los estudiantes. Esta invitaci\u00f3n es para que aprovechen en curso de octubre, con una plataforma gratuita para que puedan acceder desde cualquier lugar cuando, quieran, como quieran para poder apropiarse de contenidos. No solo aprender con esos contenidos adem\u00e1s poder colaborar con otros docentes, sumando e enriqueciendo como ya lo hemos hecho en otros pa\u00edses. Esa plataforma va a permitir a l Ministerio ver el avance de cada docente. Adem\u00e1s con la ministra acordamos que se le de puntaje al docente que le ayudar\u00e1 en su carrera profesional\u201d.<\/p>\n<div class=\"itemFullText\">\n<p>A continuaci\u00f3n la subsecretaria de Planeamiento Educativo Prof. Silvia Pelizzari, expres\u00f3 que \u00abla tecnolog\u00eda nos abre las puertas a un futuro que ya estamos viviendo. Esto nos muestra un mundo diferente y con posibilidades diferentes. Cuando hay j\u00f3venes que no ven futuro, que no ven el lugar donde vale la pena estar, creo que estamos conminados necesariamente los docentes a hacer algo por los chicos y demostrarles que la escuela es un espacio que vale ser vivido. Que la escuela le va a dar las herramientas que necesita para desenvolverse en la vida. Para eso nosotros como docentes nos tenemos que formar. Esta es una puerta que se abre la de la tecnolog\u00eda y que siempre hay que actualizar, INTEL nos ofrece esta oportunidad gratuita, virtual que cada uno podr\u00e1 realizar de acuerdo a sus tiempos, enriqueciendo su trayectoria y fundamentalmente los procesos de ense\u00f1anza en el aula. Los docentes secundarios podr\u00e1n inscribirse a trav\u00e9s de un formulario para participar en esta formaci\u00f3n\u201d.<\/p>\n<\/div>\n<div class=\"clr\"><\/div>\n<div class=\"itemContentFooter\"><span class=\"itemDateModified\">Publicado, el Mi\u00e9rcoles, 14 de Septiembre de 2022\u00a0<\/span><\/div>\n","protected":false},"excerpt":{"rendered":"<p>En la sala de Vicegobernadores de la Legislatura de San Juan con la participaci\u00f3n de supervisores, directivos y docentes se<\/p>\n","protected":false},"author":3,"featured_media":52587,"comment_status":"closed","ping_status":"closed","sticky":false,"template":"","format":"standard","meta":{"_acf_changed":false,"_seopress_robots_primary_cat":"none","_seopress_titles_title":"","_seopress_titles_desc":"","_seopress_robots_index":"","colormag_page_container_layout":"default_layout","colormag_page_sidebar_layout":"default_layout","footnotes":""},"categories":[9],"tags":[],"class_list":["post-52585","post","type-post","status-publish","format-standard","has-post-thumbnail","hentry","category-cursos"],"acf":[],"_links":{"self":[{"href":"https:\/\/vocesparalelas.com.ar\/sitio\/wp-json\/wp\/v2\/posts\/52585","targetHints":{"allow":["GET"]}}],"collection":[{"href":"https:\/\/vocesparalelas.com.ar\/sitio\/wp-json\/wp\/v2\/posts"}],"about":[{"href":"https:\/\/vocesparalelas.com.ar\/sitio\/wp-json\/wp\/v2\/types\/post"}],"author":[{"embeddable":true,"href":"https:\/\/vocesparalelas.com.ar\/sitio\/wp-json\/wp\/v2\/users\/3"}],"replies":[{"embeddable":true,"href":"https:\/\/vocesparalelas.com.ar\/sitio\/wp-json\/wp\/v2\/comments?post=52585"}],"version-history":[{"count":3,"href":"https:\/\/vocesparalelas.com.ar\/sitio\/wp-json\/wp\/v2\/posts\/52585\/revisions"}],"predecessor-version":[{"id":52600,"href":"https:\/\/vocesparalelas.com.ar\/sitio\/wp-json\/wp\/v2\/posts\/52585\/revisions\/52600"}],"wp:featuredmedia":[{"embeddable":true,"href":"https:\/\/vocesparalelas.com.ar\/sitio\/wp-json\/wp\/v2\/media\/52587"}],"wp:attachment":[{"href":"https:\/\/vocesparalelas.com.ar\/sitio\/wp-json\/wp\/v2\/media?parent=52585"}],"wp:term":[{"taxonomy":"category","embeddable":true,"href":"https:\/\/vocesparalelas.com.ar\/sitio\/wp-json\/wp\/v2\/categories?post=52585"},{"taxonomy":"post_tag","embeddable":true,"href":"https:\/\/vocesparalelas.com.ar\/sitio\/wp-json\/wp\/v2\/tags?post=52585"}],"curies":[{"name":"wp","href":"https:\/\/api.w.org\/{rel}","templated":true}]}}