{"id":52572,"date":"2022-09-13T23:11:17","date_gmt":"2022-09-14T02:11:17","guid":{"rendered":"https:\/\/vocesparalelas.com.ar\/sitio\/?p=52572"},"modified":"2022-09-15T15:55:01","modified_gmt":"2022-09-15T18:55:01","slug":"sumate-a-la-semana-del-estudiante-en-el-cuim-de-la-unsj","status":"publish","type":"post","link":"https:\/\/vocesparalelas.com.ar\/sitio\/sumate-a-la-semana-del-estudiante-en-el-cuim-de-la-unsj\/","title":{"rendered":"Sumate a la Semana del Estudiante en el CUIM de la UNSJ"},"content":{"rendered":"<p>La Facultad de Ciencias Exactas, F\u00edsicas y Naturales y la Facultad de Ciencias Sociales de la Universidad Nacional de San Juan, a trav\u00e9s de sus Secretar\u00edas de Asuntos Estudiantiles, han organizado actividades destinadas a los estudiantes en su semana.<\/p>\n<p>Por un lado, el 15 de Septiembre se lleva a cabo el Festival Estudiantil de Sociales para celebrar la llegada de la Primavera y la Semana del Estudiante.<\/p>\n<p>Entre las actividades planeadas hay trivias, freestyle, DJ y artistas en vivo; se realizan torneos de truco, ping pong, f\u00fatbol y tenis, quienes quieran participar de estos torneos deben inscribirse previamente en<\/p>\n<p><a href=\"https:\/\/docs.google.com\/forms\/d\/1bko7kGmie1kDYjYOdVP1BSzSWANMwDB4-CjNUJOgfow\/viewform?edit_requested=true\">https:\/\/docs.google.com\/forms\/d\/1bko7kGmie1kDYjYOdVP1BSzSWANMwDB4-CjNUJOgfow\/viewform?edit_requested=true<\/a><\/p>\n<p>Tambi\u00e9n, hay un espacio para estudiantes que quieran participar como feriantes y para ello, deben inscribirse previamente en<\/p>\n<p><a href=\"https:\/\/docs.google.com\/forms\/d\/1bko7kGmie1kDYjYOdVP1BSzSWANMwDB4-CjNUJOgfow\/viewform?edit_requested=true\">https:\/\/docs.google.com\/forms\/d\/1bko7kGmie1kDYjYOdVP1BSzSWANMwDB4-CjNUJOgfow\/viewform?edit_requested=true<\/a><\/p>\n<p>Este festival es el Jueves, 15 de Septiembre, por la tarde en los jardines de la FACSO del CUIM. Tambi\u00e9n en el marco de este Festival, el Viernes, 16 se realiza un Taller de t\u00e9cnicas de estudio y organizaci\u00f3n del tiempo<\/p>\n<p><a href=\"https:\/\/www.facso.unsj.edu.ar\/noticias\/noticia\/207\/taller-de-tecnicas-de-estudio-y-organizacion-del-tiempo-\">https:\/\/www.facso.unsj.edu.ar\/noticias\/noticia\/207\/taller-de-tecnicas-de-estudio-y-organizacion-del-tiempo-<\/a><\/p>\n<p>Por el otro lado, del 14 al 20 de Septiembre en los jardines del CUIM, se realiza la Semana del Estudiante de la FCEFN de la UNSJ. El evento cuenta con charlas, torneos, feria y mucho m\u00e1s. Para las charlas no hay que realizar inscripci\u00f3n previa.<\/p>\n<p>Para participar como artista, en la feria o en los torneos, est\u00e1 disponible un\u00a0formulario de inscripci\u00f3n<\/p>\n<p><a href=\"https:\/\/docs.google.com\/forms\/d\/e\/1FAIpQLSeKfgTjUUnAUkAsMUAL5_wcR4z7LZvC9qijbv0OD_-Hlb76MA\/viewform\">https:\/\/docs.google.com\/forms\/d\/e\/1FAIpQLSeKfgTjUUnAUkAsMUAL5_wcR4z7LZvC9qijbv0OD_-Hlb76MA\/viewform<\/a><\/p>\n<p>Cronograma de actividades<\/p>\n<p><img loading=\"lazy\" decoding=\"async\" class=\"alignnone size-full wp-image-52574\" src=\"https:\/\/vocesparalelas.com.ar\/sitio\/wp-content\/uploads\/2022\/09\/FCEFN-ESTUDIANTINA-01.jpg\" alt=\"\" width=\"800\" height=\"489\" srcset=\"https:\/\/vocesparalelas.com.ar\/sitio\/wp-content\/uploads\/2022\/09\/FCEFN-ESTUDIANTINA-01.jpg 800w, https:\/\/vocesparalelas.com.ar\/sitio\/wp-content\/uploads\/2022\/09\/FCEFN-ESTUDIANTINA-01-300x183.jpg 300w, https:\/\/vocesparalelas.com.ar\/sitio\/wp-content\/uploads\/2022\/09\/FCEFN-ESTUDIANTINA-01-768x469.jpg 768w\" sizes=\"auto, (max-width: 800px) 100vw, 800px\" \/><\/p>\n<p>&nbsp;<\/p>\n<p><iframe loading=\"lazy\" title=\"Festival estudiantil en la FACSO 09\/09\/2022\" width=\"800\" height=\"450\" src=\"https:\/\/www.youtube.com\/embed\/EXgMpID606M?feature=oembed\" frameborder=\"0\" allow=\"accelerometer; autoplay; clipboard-write; encrypted-media; gyroscope; picture-in-picture\" allowfullscreen><\/iframe><\/p>\n<p>&nbsp;<\/p>\n<p>Publicado el Martes, 13 de Septiembre de 2022<\/p>\n","protected":false},"excerpt":{"rendered":"<p>La Facultad de Ciencias Exactas, F\u00edsicas y Naturales y la Facultad de Ciencias Sociales de la Universidad Nacional de San<\/p>\n","protected":false},"author":3,"featured_media":50351,"comment_status":"closed","ping_status":"closed","sticky":false,"template":"","format":"video","meta":{"_acf_changed":false,"_seopress_robots_primary_cat":"none","_seopress_titles_title":"","_seopress_titles_desc":"","_seopress_robots_index":"","colormag_page_container_layout":"default_layout","colormag_page_sidebar_layout":"default_layout","footnotes":""},"categories":[6,7],"tags":[],"class_list":["post-52572","post","type-post","status-publish","format-video","has-post-thumbnail","hentry","category-eventos","category-videos","post_format-post-format-video"],"acf":[],"_links":{"self":[{"href":"https:\/\/vocesparalelas.com.ar\/sitio\/wp-json\/wp\/v2\/posts\/52572","targetHints":{"allow":["GET"]}}],"collection":[{"href":"https:\/\/vocesparalelas.com.ar\/sitio\/wp-json\/wp\/v2\/posts"}],"about":[{"href":"https:\/\/vocesparalelas.com.ar\/sitio\/wp-json\/wp\/v2\/types\/post"}],"author":[{"embeddable":true,"href":"https:\/\/vocesparalelas.com.ar\/sitio\/wp-json\/wp\/v2\/users\/3"}],"replies":[{"embeddable":true,"href":"https:\/\/vocesparalelas.com.ar\/sitio\/wp-json\/wp\/v2\/comments?post=52572"}],"version-history":[{"count":1,"href":"https:\/\/vocesparalelas.com.ar\/sitio\/wp-json\/wp\/v2\/posts\/52572\/revisions"}],"predecessor-version":[{"id":52575,"href":"https:\/\/vocesparalelas.com.ar\/sitio\/wp-json\/wp\/v2\/posts\/52572\/revisions\/52575"}],"wp:featuredmedia":[{"embeddable":true,"href":"https:\/\/vocesparalelas.com.ar\/sitio\/wp-json\/wp\/v2\/media\/50351"}],"wp:attachment":[{"href":"https:\/\/vocesparalelas.com.ar\/sitio\/wp-json\/wp\/v2\/media?parent=52572"}],"wp:term":[{"taxonomy":"category","embeddable":true,"href":"https:\/\/vocesparalelas.com.ar\/sitio\/wp-json\/wp\/v2\/categories?post=52572"},{"taxonomy":"post_tag","embeddable":true,"href":"https:\/\/vocesparalelas.com.ar\/sitio\/wp-json\/wp\/v2\/tags?post=52572"}],"curies":[{"name":"wp","href":"https:\/\/api.w.org\/{rel}","templated":true}]}}