{"id":52563,"date":"2022-09-13T22:58:03","date_gmt":"2022-09-14T01:58:03","guid":{"rendered":"https:\/\/vocesparalelas.com.ar\/sitio\/?p=52563"},"modified":"2022-09-14T01:12:23","modified_gmt":"2022-09-14T04:12:23","slug":"se-realizo-una-reunion-multisectorial-para-prevenir-situaciones-complejas-en-la-poblacion-de-san-juan","status":"publish","type":"post","link":"https:\/\/vocesparalelas.com.ar\/sitio\/se-realizo-una-reunion-multisectorial-para-prevenir-situaciones-complejas-en-la-poblacion-de-san-juan\/","title":{"rendered":"Se realiz\u00f3 una reuni\u00f3n Multisectorial para prevenir situaciones complejas en la poblaci\u00f3n de San Juan"},"content":{"rendered":"<p>En Anexo de Legislatura de San Juan, el Gabinetes T\u00e9cnicos con referentes de Colegios de Psic\u00f3logos y Psicopedagogos se reunieron para analizar situaciones complejas como adicciones, suicidio, bullying, entre otras<\/p>\n<p>Fue una reuni\u00f3n Multisectorial integrado por Colegios Profesionales, Poder Judicial, universidades, direcci\u00f3n de Ni\u00f1ez y Adolescencia, Pastoral Social, Educaci\u00f3n, Salud entre otros.<\/p>\n<p>Por ello, Voces Paralelas entrevist\u00f3 a la Directora de Educaci\u00f3n Secundaria Orientada y Art\u00edstica del Ministerio de Educaci\u00f3n del Gobierno de San Juan, Prof. Mar\u00eda Buttazzoni, quien explic\u00f3 la intenci\u00f3n de la reuni\u00f3n y marc\u00f3 la necesidad de buscar debilidades y fortalecer la prevenci\u00f3n para estar alertas de cualquier comportamiento de la poblaci\u00f3n.<\/p>\n<p><iframe loading=\"lazy\" title=\"MARIA\" width=\"800\" height=\"450\" src=\"https:\/\/www.youtube.com\/embed\/AIQspDhkQIo?feature=oembed\" frameborder=\"0\" allow=\"accelerometer; autoplay; clipboard-write; encrypted-media; gyroscope; picture-in-picture\" allowfullscreen><\/iframe><\/p>\n<figure id=\"attachment_52569\" aria-describedby=\"caption-attachment-52569\" style=\"width: 800px\" class=\"wp-caption alignnone\"><img loading=\"lazy\" decoding=\"async\" class=\"size-full wp-image-52569\" src=\"https:\/\/vocesparalelas.com.ar\/sitio\/wp-content\/uploads\/2022\/09\/REUNION-MULTESECTORIAL.jpg\" alt=\"\" width=\"800\" height=\"533\" srcset=\"https:\/\/vocesparalelas.com.ar\/sitio\/wp-content\/uploads\/2022\/09\/REUNION-MULTESECTORIAL.jpg 800w, https:\/\/vocesparalelas.com.ar\/sitio\/wp-content\/uploads\/2022\/09\/REUNION-MULTESECTORIAL-300x200.jpg 300w, https:\/\/vocesparalelas.com.ar\/sitio\/wp-content\/uploads\/2022\/09\/REUNION-MULTESECTORIAL-768x512.jpg 768w\" sizes=\"auto, (max-width: 800px) 100vw, 800px\" \/><figcaption id=\"caption-attachment-52569\" class=\"wp-caption-text\">Algunos referentes de la reuni\u00f3n Multisectorial de San Juan<\/figcaption><\/figure>\n<p>&nbsp;<\/p>\n<p><img loading=\"lazy\" decoding=\"async\" class=\"alignnone size-full wp-image-44316\" src=\"https:\/\/vocesparalelas.com.ar\/sitio\/wp-content\/uploads\/2021\/11\/CDSJ-ANEXO-10.jpg\" alt=\"\" width=\"736\" height=\"409\" srcset=\"https:\/\/vocesparalelas.com.ar\/sitio\/wp-content\/uploads\/2021\/11\/CDSJ-ANEXO-10.jpg 736w, https:\/\/vocesparalelas.com.ar\/sitio\/wp-content\/uploads\/2021\/11\/CDSJ-ANEXO-10-300x167.jpg 300w\" sizes=\"auto, (max-width: 736px) 100vw, 736px\" \/><\/p>\n<p>Publicado el Martes, 13 de Septiembre de 2022<\/p>\n","protected":false},"excerpt":{"rendered":"<p>En Anexo de Legislatura de San Juan, el Gabinetes T\u00e9cnicos con referentes de Colegios de Psic\u00f3logos y Psicopedagogos se reunieron<\/p>\n","protected":false},"author":3,"featured_media":52568,"comment_status":"closed","ping_status":"closed","sticky":false,"template":"","format":"video","meta":{"_acf_changed":false,"_seopress_robots_primary_cat":"none","_seopress_titles_title":"","_seopress_titles_desc":"","_seopress_robots_index":"","colormag_page_container_layout":"default_layout","colormag_page_sidebar_layout":"default_layout","footnotes":""},"categories":[1,7],"tags":[],"class_list":["post-52563","post","type-post","status-publish","format-video","has-post-thumbnail","hentry","category-destacadas","category-videos","post_format-post-format-video"],"acf":[],"_links":{"self":[{"href":"https:\/\/vocesparalelas.com.ar\/sitio\/wp-json\/wp\/v2\/posts\/52563","targetHints":{"allow":["GET"]}}],"collection":[{"href":"https:\/\/vocesparalelas.com.ar\/sitio\/wp-json\/wp\/v2\/posts"}],"about":[{"href":"https:\/\/vocesparalelas.com.ar\/sitio\/wp-json\/wp\/v2\/types\/post"}],"author":[{"embeddable":true,"href":"https:\/\/vocesparalelas.com.ar\/sitio\/wp-json\/wp\/v2\/users\/3"}],"replies":[{"embeddable":true,"href":"https:\/\/vocesparalelas.com.ar\/sitio\/wp-json\/wp\/v2\/comments?post=52563"}],"version-history":[{"count":2,"href":"https:\/\/vocesparalelas.com.ar\/sitio\/wp-json\/wp\/v2\/posts\/52563\/revisions"}],"predecessor-version":[{"id":52577,"href":"https:\/\/vocesparalelas.com.ar\/sitio\/wp-json\/wp\/v2\/posts\/52563\/revisions\/52577"}],"wp:featuredmedia":[{"embeddable":true,"href":"https:\/\/vocesparalelas.com.ar\/sitio\/wp-json\/wp\/v2\/media\/52568"}],"wp:attachment":[{"href":"https:\/\/vocesparalelas.com.ar\/sitio\/wp-json\/wp\/v2\/media?parent=52563"}],"wp:term":[{"taxonomy":"category","embeddable":true,"href":"https:\/\/vocesparalelas.com.ar\/sitio\/wp-json\/wp\/v2\/categories?post=52563"},{"taxonomy":"post_tag","embeddable":true,"href":"https:\/\/vocesparalelas.com.ar\/sitio\/wp-json\/wp\/v2\/tags?post=52563"}],"curies":[{"name":"wp","href":"https:\/\/api.w.org\/{rel}","templated":true}]}}