{"id":52558,"date":"2022-09-13T23:43:27","date_gmt":"2022-09-14T02:43:27","guid":{"rendered":"https:\/\/vocesparalelas.com.ar\/sitio\/?p=52558"},"modified":"2022-09-15T23:47:56","modified_gmt":"2022-09-16T02:47:56","slug":"se-desarrolla-san-juan-factor-de-desarrollo-de-la-mineria-argentina-en-octubre-de-2022","status":"publish","type":"post","link":"https:\/\/vocesparalelas.com.ar\/sitio\/se-desarrolla-san-juan-factor-de-desarrollo-de-la-mineria-argentina-en-octubre-de-2022\/","title":{"rendered":"Se desarrolla \u201cSan Juan, Factor de Desarrollo de la Miner\u00eda Argentina\u201d en Octubre de 2022"},"content":{"rendered":"<p>El gobernador de San Juan, Dr. Sergio U\u00f1ac anunci\u00f3 la puesta en marcha de una exhibici\u00f3n minera que se desarrolla en la provincia de San Juan como principal exponente.<\/p>\n<p>Lo acompa\u00f1aron en este acto el ministro de Miner\u00eda, Ing. Carlos Astudillo; intendentes de Calingasta, Jorge Casta\u00f1eda; de J\u00e1chal, CPN Miguel Vega y de Albard\u00f3n, Arq. Jorge Palmero; los diputados provinciales Juan Carlos Abarca y Andr\u00e9s Chanampa; el secretario de Turismo, Roberto Ju\u00e1rez; el secretario de Desarrollo Sustentable Minero, Juan Pinto; la directora del Bureau de Eventos y Convenciones San Juan, Carolina Turcato y el director period\u00edstico de Panorama Minero, Alejandro Colombo, adem\u00e1s de invitados del sector.<\/p>\n<p>\u201cSan Juan, Factor de Desarrollo de la Miner\u00eda Argentina\u201d es el nombre del evento que tendr\u00e1 a la provincia de San Juan como principal exponente. Se trata de una exposici\u00f3n internacional organizada por la revista especializada \u201cPanorama Minero\u201d, que re\u00fane cada dos a\u00f1os a los actores m\u00e1s importantes del sector.<\/p>\n<p>&nbsp;<\/p>\n<p><iframe loading=\"lazy\" title=\"San Juan ser\u00e1 el centro minero del pa\u00eds y el mundo en una gran exposici\u00f3n internacional\" width=\"800\" height=\"450\" src=\"https:\/\/www.youtube.com\/embed\/JXYWeIPP14Y?feature=oembed\" frameborder=\"0\" allow=\"accelerometer; autoplay; clipboard-write; encrypted-media; gyroscope; picture-in-picture\" allowfullscreen><\/iframe><\/p>\n<p>&nbsp;<\/p>\n<p>Contar\u00e1 con actividades destinadas a toda la comunidad, con la presencia de empresas, c\u00e1maras de proveedores, especialistas y representantes de las principales provincias mineras del pa\u00eds, como as\u00ed tambi\u00e9n de los pa\u00edses de la regi\u00f3n. La entrada ser\u00e1 libre y gratuita.<\/p>\n<p>El Complejo Ferial Costanera del departamento de Chimbas es el lugar elegido para oficiar de sede del encuentro, que se desarrollar\u00e1 los d\u00edas 12, 13 y 14 de octubre.<\/p>\n<p>A su vez, de manera virtual y en simultaneo, el 12 y 13 de octubre se realizar\u00e1 la feria \u201cSan Juan Tierra Minera: Negocios Reales\u201d. El evento tiene sus primeros antecedentes en el Acuerdo San Juan, donde la sociedad local elev\u00f3 a la miner\u00eda como actividad productiva fundamental para el desarrollo social y econ\u00f3mico de la provincia.<\/p>\n<p>En la apertura, el gobernador destac\u00f3 el trabajo mancomunado entre la Provincia y los distintos municipios, se\u00f1alando que \u00absin el aporte municipal la miner\u00eda no ser\u00eda factible en todo el territorio provincial\u00bb.<\/p>\n<p>Tambi\u00e9n puso en valor que la feria se realiza desde el a\u00f1o 2006 de manera casi ininterrumpida y manifest\u00f3 que San Juan cuenta con la mayor credibilidad en el contexto latinoamericano, incluso por encima de Chile y Per\u00fa, seg\u00fan las estad\u00edsticas del \u00edndice Fraser.<\/p>\n<p>En este sentido, U\u00f1ac puso en valor la habilidad de San Juan para sumar actividades y la diversificaci\u00f3n de la matriz econ\u00f3mica productiva: \u00abSan Juan es viable por la determinaci\u00f3n y el trabajo de los sanjuaninos\u00bb.<\/p>\n<p>Luego, asegur\u00f3 que \u00abhabr\u00e1 exposiciones en m\u00e1s de 270 stands ubicados en el Predio Ferial de Chimbas. Con estas actividades buscamos que la provincia sea eje de la inversi\u00f3n minera internacional\u00bb.<\/p>\n<p>Finalmente, el primer mandatario manifest\u00f3 que \u00abhemos asistido a grandes ferias mineras como en Canad\u00e1 u otras partes del mundo, pero es importante que ese mundo venga a San Juan para que observe c\u00f3mo el Gobierno, en conjunto con la sociedad y mucha licencia social, trabaja la miner\u00eda como factor de desarrollo econ\u00f3mico\u00bb.<\/p>\n<p>Seguidamente,\u00a0Astudillo\u00a0tom\u00f3 la palabra para decir que a trav\u00e9s de ambos eventos \u00absalimos al mundo a mostrar lo que tenemos, una riqueza extraordinaria para mostrar y desarrollar, creciendo juntos\u201d.<\/p>\n<p>Continuando, el ministro expres\u00f3 que \u201ctenemos un San Juan que crece, diversificado en sus riquezas, no solamente desde la olivicultura y la energ\u00eda solar que se pone en valor cada vez m\u00e1s, sino fundamentalmente con la miner\u00eda y el futuro verde, ese mejor futuro que queremos cada uno de nosotros. Hoy la miner\u00eda quiere consolidarse con la ciudadan\u00eda de San Juan y de Argentina, mostr\u00e1ndose al mundo a trav\u00e9s de estos cuatro pilares: cuidado del ambiente, miner\u00eda participativa, distribuci\u00f3n de la renta, enmarcado en un Estado transparente. Con estos cuatro ejes hemos podido llegar a ser representantes en Latinoam\u00e9rica en miner\u00eda. Creemos que lo hemos logrado con el apoyo de cada uno de ustedes\u201d.<\/p>\n<p>Finalmente, el funcionario cerr\u00f3 aportando que est\u00e1n confirmadas m\u00e1s de 180 empresas expositoras del resto del pa\u00eds.<\/p>\n<p>Por su parte,\u00a0Colombo\u00a0agreg\u00f3 que \u201cesta ser\u00e1 una expoferia abierta a la gente para mostrar d\u00f3nde est\u00e1 San Juan y la miner\u00eda de la Naci\u00f3n dentro de esta actividad; la denominamos &#8216;la expo de la gente&#8217;, declarada de inter\u00e9s por los ministerios de Turismo y Cultura y de Educaci\u00f3n, enfocados en el San Juan del corto plazo\u201d.<\/p>\n<div class=\"itemFullText\">\n<p>Adem\u00e1s, el profesional inform\u00f3 que en la feria se encontrar\u00e1n ocho carpas distribuidas en tres pabellones con actividades para estudiantes, ge\u00f3logos, ingenieros y p\u00fablico en general, sumado a shows y \u201cSan Juan Tierra Minera: Negocios Reales\u201d, Jornada de Mujeres en la Miner\u00eda, feria de sabores y otros.<\/p>\n<p>Para terminar, Colombo destac\u00f3 el apoyo internacional para la feria, del \u00e1mbito educativo y de gobierno para el desarrollo de la muestra.<\/p>\n<p>En la edici\u00f3n 2021 del evento participaron m\u00e1s 20 embajadas con sede en la Argentina y m\u00e1s de 40 fondos de inversi\u00f3n que vieron un gran potencial en la provincia para el desarrollo de la miner\u00eda.<\/p>\n<p><span style=\"color: #339966;\"><strong>M\u00e1s sobre la miner\u00eda en San Juan<\/strong><\/span><\/p>\n<p>Recientemente, la Provincia fue posicionada como la regi\u00f3n n\u00famero uno de toda Latinoam\u00e9rica en el \u00edndice Fraser de inversiones mineras.<\/p>\n<p>En este sentido, San Juan ofrece un potencial geol\u00f3gico destacado, con infraestructura de base que permite el desarrollo de los proyectos mineros, con consenso social sostenido debido al trabajo participativo y el v\u00ednculo estrecho que se mantiene con las comunidades.<\/p>\n<p>Adem\u00e1s, la provincia lidera las inversiones en exploraci\u00f3n minera en todo el pa\u00eds con un 55%, posicion\u00e1ndose como la mayor en oferta cupr\u00edfera nacional.<\/p>\n<p>Es por ello que el objetivo de este ciclo de seminarios busca acercar la oferta minera sanjuanina a todo el mundo, y contar\u00e1 con la participaci\u00f3n de autoridades y referentes tanto provinciales como internacionales.<\/p>\n<p>El objetivo es acercar a inversores de todo el globo, una muestra de la cantidad de proyectos a gran escala que posee San Juan, as\u00ed como las oportunidades de negocios que presenta una econom\u00eda en desarrollo, con pol\u00edticas de estado definidas, con consenso social.<\/p>\n<p>&nbsp;<\/p>\n<\/div>\n<div class=\"clr\">Publicado el Martes, 13 de Septiembre de 2022<\/div>\n","protected":false},"excerpt":{"rendered":"<p>El gobernador de San Juan, Dr. Sergio U\u00f1ac anunci\u00f3 la puesta en marcha de una exhibici\u00f3n minera que se desarrolla<\/p>\n","protected":false},"author":3,"featured_media":52560,"comment_status":"closed","ping_status":"closed","sticky":false,"template":"","format":"video","meta":{"_acf_changed":false,"_seopress_robots_primary_cat":"none","_seopress_titles_title":"","_seopress_titles_desc":"","_seopress_robots_index":"","colormag_page_container_layout":"default_layout","colormag_page_sidebar_layout":"default_layout","footnotes":""},"categories":[2,7],"tags":[],"class_list":["post-52558","post","type-post","status-publish","format-video","has-post-thumbnail","hentry","category-convocatorias","category-videos","post_format-post-format-video"],"acf":[],"_links":{"self":[{"href":"https:\/\/vocesparalelas.com.ar\/sitio\/wp-json\/wp\/v2\/posts\/52558","targetHints":{"allow":["GET"]}}],"collection":[{"href":"https:\/\/vocesparalelas.com.ar\/sitio\/wp-json\/wp\/v2\/posts"}],"about":[{"href":"https:\/\/vocesparalelas.com.ar\/sitio\/wp-json\/wp\/v2\/types\/post"}],"author":[{"embeddable":true,"href":"https:\/\/vocesparalelas.com.ar\/sitio\/wp-json\/wp\/v2\/users\/3"}],"replies":[{"embeddable":true,"href":"https:\/\/vocesparalelas.com.ar\/sitio\/wp-json\/wp\/v2\/comments?post=52558"}],"version-history":[{"count":1,"href":"https:\/\/vocesparalelas.com.ar\/sitio\/wp-json\/wp\/v2\/posts\/52558\/revisions"}],"predecessor-version":[{"id":52561,"href":"https:\/\/vocesparalelas.com.ar\/sitio\/wp-json\/wp\/v2\/posts\/52558\/revisions\/52561"}],"wp:featuredmedia":[{"embeddable":true,"href":"https:\/\/vocesparalelas.com.ar\/sitio\/wp-json\/wp\/v2\/media\/52560"}],"wp:attachment":[{"href":"https:\/\/vocesparalelas.com.ar\/sitio\/wp-json\/wp\/v2\/media?parent=52558"}],"wp:term":[{"taxonomy":"category","embeddable":true,"href":"https:\/\/vocesparalelas.com.ar\/sitio\/wp-json\/wp\/v2\/categories?post=52558"},{"taxonomy":"post_tag","embeddable":true,"href":"https:\/\/vocesparalelas.com.ar\/sitio\/wp-json\/wp\/v2\/tags?post=52558"}],"curies":[{"name":"wp","href":"https:\/\/api.w.org\/{rel}","templated":true}]}}