{"id":52553,"date":"2022-09-13T23:27:22","date_gmt":"2022-09-14T02:27:22","guid":{"rendered":"https:\/\/vocesparalelas.com.ar\/sitio\/?p=52553"},"modified":"2022-09-15T22:51:23","modified_gmt":"2022-09-16T01:51:23","slug":"lanzaron-creditos-de-produccion-y-ampliacion-de-la-linea-para-los-comercios-de-san-juan","status":"publish","type":"post","link":"https:\/\/vocesparalelas.com.ar\/sitio\/lanzaron-creditos-de-produccion-y-ampliacion-de-la-linea-para-los-comercios-de-san-juan\/","title":{"rendered":"Lanzaron cr\u00e9ditos de producci\u00f3n y ampliaci\u00f3n de la l\u00ednea para los comercios de San Juan"},"content":{"rendered":"<p>En el marco del D\u00eda de la Industria, el gobernador de San Juan, Dr. Sergio U\u00f1ac presidi\u00f3 el acto de lanzamiento de dos cr\u00e9ditos de hasta $ 10.000.000 para microempresas locales y anunci\u00f3 la ampliaci\u00f3n en $200.000.000 de la l\u00ednea para el comercio.<\/p>\n<p>Lo acompa\u00f1aron el ministro de Producci\u00f3n y Desarrollo Econ\u00f3mico, Ariel Lucero; la secretaria de Industria y Comercio, Adriana Vargas; el presidente de Calidad San Juan, Eduardo D&#8217;Anna; la presidenta de Fiduciaria San Juan, Claudia Gonz\u00e1lez; el vicepresidente de la Uni\u00f3n Industrial, Alejandro Mestre; el intendente de Calingasta, Jorge Casta\u00f1eda; autoridades del Ministerio de Producci\u00f3n y Desarrollo Econ\u00f3mico, c\u00e1maras de comercio, empresarios y comerciantes.<\/p>\n<p>La Provincia de San Juan, desde el Ministerio de Producci\u00f3n y Desarrollo Econ\u00f3mico, a trav\u00e9s de la Agencia Calidad San Juan y Fiduciaria San Juan, pusieron a disposici\u00f3n dos l\u00edneas de cr\u00e9dito para pymes encuadradas en la categor\u00eda microempresas sanjuaninas, con o sin empleados, apuntando a mejorar la producci\u00f3n por medio de la compra de bienes de capital o el desarrollo de productos de inversi\u00f3n.<\/p>\n<p>En la apertura del acto, U\u00f1ac reflexion\u00f3 sobre \u201clo que los sanjuaninos tenemos que cuidar, que es lo logrado\u201d y se refiri\u00f3 a la\u00a0feria minera que se desarrollar\u00e1 en San Juan del 12 al 14 de Octubre de 2022.<\/p>\n<p>En este marco, U\u00f1ac destac\u00f3 las cifras del Instituto Fraser, que coloc\u00f3 a San Juan en el primer destino de inversi\u00f3n minera en el pa\u00eds y en Latinoam\u00e9rica, por encima de Chile y Per\u00fa.<\/p>\n<p>\u201cHemos dado un salto significativo en ese aspecto, que para San Juan es muy importante. Hoy hacemos una valoraci\u00f3n en este sentido, porque en solo seis a\u00f1os logramos ser el primer destino de inversi\u00f3n minera internacional en Latinoam\u00e9rica\u201d. Siguiendo, U\u00f1ac record\u00f3 los dos derrames de la Mina Veladero e hizo hincapi\u00e9 en la reconstrucci\u00f3n de la confianza, basada en la aplicaci\u00f3n de leyes dictadas para la actividad minera. \u201cEsto es a lo que nos animamos los sanjuaninos. Tenemos mucho que mejorar desde el Estado provincial, pero tambi\u00e9n que festejar: un sector que genera actividad econ\u00f3mica y mucho empleo, un articulador social que permite que un ciudadano viva dignamente, un nivelador ascendente que nosotros estamos fortaleciendo\u201d.<\/p>\n<p>Otros conceptos del gobernador estuvieron referidos al \u00abcrecimiento del sector privado a trav\u00e9s de una herramienta de cr\u00e9dito, con 29,90 por ciento de inter\u00e9s sobre el pr\u00e9stamo, en comparaci\u00f3n con el sector privado, que se mueve en un margen del 50 por ciento del inter\u00e9s para los mismos conceptos\u201d.<\/p>\n<p>En otro tramo de su discurso, U\u00f1ac agreg\u00f3 que \u201cel programa que lanzamos hoy, en continuidad con lo que ya hemos hecho anteriormente, tiene que ver con dispensarnos entre todos la confianza de que si San Juan contin\u00faa trabajando de esta manera, tendr\u00e1 mucho futuro. La manera en que se crece es con el desarrollo de estas l\u00edneas y mucha inversi\u00f3n del sector privado. En conjunto podremos analizar situaciones y proponer herramientas para su desarrollo\u201d.<\/p>\n<p>Seguidamente, Ariel Lucero explic\u00f3 que las dos l\u00edneas de cr\u00e9dito apuntan a cubrir las necesidades que tiene el sector: \u201cBuscamos articular con todos los brazos financieros que tiene la provincia\u201d, se\u00f1alo.<\/p>\n<p>A continuaci\u00f3n, el ministro brind\u00f3 detalles de los cr\u00e9ditos:<\/p>\n<ul>\n<li>Microempresas recibir\u00e1n hasta 2 millones de pesos a trav\u00e9s de Agencia Calidad San Juan, que otorgar\u00e1 cr\u00e9ditos para bienes de inversi\u00f3n. Como ejemplo, profesionales odont\u00f3logos van a poder cubrir esas inversiones que necesitan realizar con cr\u00e9ditos de la Agencia Calidad San Juan a sola firma. Tienen 36 meses de periodo total y 6 meses de gracia. Una tasa muy competitiva, que est\u00e1 por debajo del 50% de las tazas de mercado.<\/li>\n<li>Un cr\u00e9dito personal tiene que recurrir por sobre el 80% del sistema regional. Con estos cr\u00e9ditos y el esfuerzo del Gobierno, llegan al 29,9%.<\/li>\n<li>El fondeo de Garant\u00edas San Juan se ha llevado a mil millones de pesos en menos de nueve meses, partiendo en 300 millones de pesos. Garant\u00edas que se pod\u00edan conseguir en 12 millones hoy se consiguen por 50 millones de pesos.<\/li>\n<li>El 85% de los beneficiarios ha recibido por primera vez por parte del Estado una herramienta financiera.<\/li>\n<li>Con una visi\u00f3n federal, se busca que las herramientas lleguen a todos los departamentos: el 40% de los fondos fueron destinados a los departamentos m\u00e1s alejados pese a que la mayor concentraci\u00f3n de comercio est\u00e1 en Capital.<\/li>\n<\/ul>\n<p>Para cerrar, el ministro agreg\u00f3 que \u201cSe van cumpliendo los objetivos que tiene el Modelo San Juan, estamos disminuyendo el desempleo, los \u00faltimos datos hablan de que pasamos de un 5,2 a un 4% y eso es por los esfuerzos que realizan\u201d.<\/p>\n<div class=\"itemFullText\">\n<p>Por su parte,\u00a0Mestre\u00a0destac\u00f3 el D\u00eda de la Industria sanjuanina y puso en valor el anuncio del Gobierno provincial en la jornada de hoy.<\/p>\n<p>Luego asegur\u00f3 que \u00abgracias a la diversificaci\u00f3n de la matriz productiva y la expansi\u00f3n productiva el sector industrial puede ser cada vez m\u00e1s representativo y m\u00e1s fuerte\u00bb.<\/p>\n<p>Tambi\u00e9n recalc\u00f3 los cr\u00e9ditos que otorga el Gobierno, ya que \u00absolucionan problemas que se plantean permanentemente y eso es fruto del trabajo mancomunado entre las c\u00e1maras, el sector privado y el Gobierno de San Juan\u00bb.<\/p>\n<p><span style=\"color: #339966;\"><strong>Detalle de las l\u00edneas de cr\u00e9ditos<\/strong><\/span><\/p>\n<p>L\u00edneas de cr\u00e9dito para microempresas sanjuaninas (con o sin empleados).<\/p>\n<p><span style=\"color: #339966;\"><strong>Agencia Calidad San Juan<\/strong><\/span><\/p>\n<ul>\n<li>Monto: Hasta 2 millones de pesos<\/li>\n<li>Para: microempresas con o sin empleados.<\/li>\n<li>Destino bienes de capital y\/o proyectos de inversi\u00f3n.<\/li>\n<li>Tasa anual de 29,90 %<\/li>\n<li>Plazo: 36 meses con 6 de gracia.<\/li>\n<li>Garant\u00eda: Aval de Garant\u00eda SJ.<\/li>\n<\/ul>\n<p><span style=\"color: #339966;\"><strong>Fiduciaria San Juan<\/strong><\/span><\/p>\n<ul>\n<li>Monto: desde 2 hasta 10 millones de pesos.<\/li>\n<li>Para: microempresas con empleados.<\/li>\n<li>Destino: bienes de capital y\/o proyectos de inversi\u00f3n.<\/li>\n<li>Tasa: anual de 29;90 %.<\/li>\n<li>Plazo: 36 meses con 6 de gracia.<\/li>\n<li>Garant\u00eda: Aval de Garant\u00eda SJ.<\/li>\n<\/ul>\n<p>Destino de las l\u00edneas: por ejemplo, desde compra de maquinaria para la fabricaci\u00f3n de helado, hasta la implantaci\u00f3n de hect\u00e1reas de tomate, la mejora en las instalaciones de un local, hasta la adquisici\u00f3n de maquinaria.Estas l\u00edneas abarcan todos los sectores.<\/p>\n<p><img loading=\"lazy\" decoding=\"async\" class=\"alignnone size-full wp-image-52556\" src=\"https:\/\/vocesparalelas.com.ar\/sitio\/wp-content\/uploads\/2022\/09\/CREDITO-SAN-JUAN-04.jpg\" alt=\"\" width=\"800\" height=\"420\" srcset=\"https:\/\/vocesparalelas.com.ar\/sitio\/wp-content\/uploads\/2022\/09\/CREDITO-SAN-JUAN-04.jpg 800w, https:\/\/vocesparalelas.com.ar\/sitio\/wp-content\/uploads\/2022\/09\/CREDITO-SAN-JUAN-04-300x158.jpg 300w, https:\/\/vocesparalelas.com.ar\/sitio\/wp-content\/uploads\/2022\/09\/CREDITO-SAN-JUAN-04-768x403.jpg 768w, https:\/\/vocesparalelas.com.ar\/sitio\/wp-content\/uploads\/2022\/09\/CREDITO-SAN-JUAN-04-390x205.jpg 390w\" sizes=\"auto, (max-width: 800px) 100vw, 800px\" \/><\/p>\n<\/div>\n<div class=\"clr\">Publicado el Martes, 13 de Septiembre de 2022<\/div>\n","protected":false},"excerpt":{"rendered":"<p>En el marco del D\u00eda de la Industria, el gobernador de San Juan, Dr. Sergio U\u00f1ac presidi\u00f3 el acto de<\/p>\n","protected":false},"author":3,"featured_media":52555,"comment_status":"closed","ping_status":"closed","sticky":false,"template":"","format":"standard","meta":{"_acf_changed":false,"_seopress_robots_primary_cat":"none","_seopress_titles_title":"","_seopress_titles_desc":"","_seopress_robots_index":"","colormag_page_container_layout":"default_layout","colormag_page_sidebar_layout":"default_layout","footnotes":""},"categories":[2],"tags":[],"class_list":["post-52553","post","type-post","status-publish","format-standard","has-post-thumbnail","hentry","category-convocatorias"],"acf":[],"_links":{"self":[{"href":"https:\/\/vocesparalelas.com.ar\/sitio\/wp-json\/wp\/v2\/posts\/52553","targetHints":{"allow":["GET"]}}],"collection":[{"href":"https:\/\/vocesparalelas.com.ar\/sitio\/wp-json\/wp\/v2\/posts"}],"about":[{"href":"https:\/\/vocesparalelas.com.ar\/sitio\/wp-json\/wp\/v2\/types\/post"}],"author":[{"embeddable":true,"href":"https:\/\/vocesparalelas.com.ar\/sitio\/wp-json\/wp\/v2\/users\/3"}],"replies":[{"embeddable":true,"href":"https:\/\/vocesparalelas.com.ar\/sitio\/wp-json\/wp\/v2\/comments?post=52553"}],"version-history":[{"count":1,"href":"https:\/\/vocesparalelas.com.ar\/sitio\/wp-json\/wp\/v2\/posts\/52553\/revisions"}],"predecessor-version":[{"id":52557,"href":"https:\/\/vocesparalelas.com.ar\/sitio\/wp-json\/wp\/v2\/posts\/52553\/revisions\/52557"}],"wp:featuredmedia":[{"embeddable":true,"href":"https:\/\/vocesparalelas.com.ar\/sitio\/wp-json\/wp\/v2\/media\/52555"}],"wp:attachment":[{"href":"https:\/\/vocesparalelas.com.ar\/sitio\/wp-json\/wp\/v2\/media?parent=52553"}],"wp:term":[{"taxonomy":"category","embeddable":true,"href":"https:\/\/vocesparalelas.com.ar\/sitio\/wp-json\/wp\/v2\/categories?post=52553"},{"taxonomy":"post_tag","embeddable":true,"href":"https:\/\/vocesparalelas.com.ar\/sitio\/wp-json\/wp\/v2\/tags?post=52553"}],"curies":[{"name":"wp","href":"https:\/\/api.w.org\/{rel}","templated":true}]}}