{"id":52548,"date":"2022-09-13T22:49:48","date_gmt":"2022-09-14T01:49:48","guid":{"rendered":"https:\/\/vocesparalelas.com.ar\/sitio\/?p=52548"},"modified":"2022-09-13T22:49:48","modified_gmt":"2022-09-14T01:49:48","slug":"firmaron-un-convenio-de-cooperacion-e-intercambio-entre-san-juan-y-mendoza","status":"publish","type":"post","link":"https:\/\/vocesparalelas.com.ar\/sitio\/firmaron-un-convenio-de-cooperacion-e-intercambio-entre-san-juan-y-mendoza\/","title":{"rendered":"Firmaron un convenio de cooperaci\u00f3n e intercambio entre San Juan y Mendoza"},"content":{"rendered":"<div class=\"itemFullText\">\n<p>El gobernador de San Juan, Dr. Sergio U\u00f1ac recibi\u00f3 al intendente de Las Heras, Daniel Orosco, en la sala Camus y firmaron un convenio para que las dos municipalidades norte\u00f1as de Mendoza Las Heras y Lavalle junto a las del Sur de San Juan como Calingasta y Sarmiento trabajen en proyectos conjuntos.<\/p>\n<p>El intendente destac\u00f3 que el trabajo en conjunto ser\u00e1 para tener intercambio cultural, deportivo, tur\u00edstico, social y econ\u00f3mico, ya que los municipios mencionados colindan con la provincia y con Chile.<\/p>\n<p>Al finalizar el encuentro el intendente del Las Heras, Daniel Orosco se\u00f1al\u00f3 que \u201cle contamos al gobernador que quer\u00edamos reflotar un acuerdo que ten\u00edamos de las dos municipalidades norte\u00f1as de Las Heras junto con Lavalle y Calingasta y Sarmiento para tener un intercambio cultural, deportivo, social, tur\u00edstico, econ\u00f3mico y es fundamental porque no existen fronteras, somos hermanos\u201d.<\/p>\n<p>En ese sentido el intendente reconoci\u00f3 que encontr\u00f3 un \u00abeco muy importante para avanzar\u00bb. Adem\u00e1s dijo que \u201csabemos que el gobernador U\u00f1ac es un apasionados de los caminos sanmartinianos, quedamos en tener una nueva reuni\u00f3n con los intendentes de las comunas sanmartinianas en fechas pr\u00f3ximas para reunirnos en un lugar que lo definir\u00e1 el\u201d.<\/p>\n<p>\u00abSabemos la importancia de San Martin por el cruce de los Patos y nosotros tenemos el campo el Plumerillo, estamos hermanados en eso\u00bb, asegur\u00f3 Orosco.<\/p>\n<p>En este sentido dijo que \u201cen el caso de Mendoza, San Martin estuvo en Tunuyan, en otro campo en Las Heras, San Carlos en donde est\u00e1 el fort\u00edn donde estuvo la conferencia y en parte de Calingasta por donde pas\u00f3 el camino por el paso de los Patos\u201d.<\/p>\n<p>Por ultimo indico que \u201ces para reflotar y darle importancia al paso de los Patos que se quiere declarar patrimonio de la humanidad, queremos revalorizar y estamos en el buen camino\u00bb.<\/p>\n<p><iframe loading=\"lazy\" title=\"El gobernador U\u00f1ac recibi\u00f3 al intendente de las Heras, provincia de Mendoza\" width=\"800\" height=\"450\" src=\"https:\/\/www.youtube.com\/embed\/BzIk7Z5ABTk?feature=oembed\" frameborder=\"0\" allow=\"accelerometer; autoplay; clipboard-write; encrypted-media; gyroscope; picture-in-picture\" allowfullscreen><\/iframe><\/p>\n<\/div>\n<div class=\"clr\"><\/div>\n<div class=\"itemContentFooter\"><span class=\"itemDateModified\">Publicado el Martes, 13 de Septiembre de 2022\u00a0<\/span><\/div>\n","protected":false},"excerpt":{"rendered":"<p>El gobernador de San Juan, Dr. Sergio U\u00f1ac recibi\u00f3 al intendente de Las Heras, Daniel Orosco, en la sala Camus<\/p>\n","protected":false},"author":3,"featured_media":52550,"comment_status":"closed","ping_status":"closed","sticky":false,"template":"","format":"video","meta":{"_acf_changed":false,"_seopress_robots_primary_cat":"none","_seopress_titles_title":"","_seopress_titles_desc":"","_seopress_robots_index":"","colormag_page_container_layout":"default_layout","colormag_page_sidebar_layout":"default_layout","footnotes":""},"categories":[1,7],"tags":[],"class_list":["post-52548","post","type-post","status-publish","format-video","has-post-thumbnail","hentry","category-destacadas","category-videos","post_format-post-format-video"],"acf":[],"_links":{"self":[{"href":"https:\/\/vocesparalelas.com.ar\/sitio\/wp-json\/wp\/v2\/posts\/52548","targetHints":{"allow":["GET"]}}],"collection":[{"href":"https:\/\/vocesparalelas.com.ar\/sitio\/wp-json\/wp\/v2\/posts"}],"about":[{"href":"https:\/\/vocesparalelas.com.ar\/sitio\/wp-json\/wp\/v2\/types\/post"}],"author":[{"embeddable":true,"href":"https:\/\/vocesparalelas.com.ar\/sitio\/wp-json\/wp\/v2\/users\/3"}],"replies":[{"embeddable":true,"href":"https:\/\/vocesparalelas.com.ar\/sitio\/wp-json\/wp\/v2\/comments?post=52548"}],"version-history":[{"count":1,"href":"https:\/\/vocesparalelas.com.ar\/sitio\/wp-json\/wp\/v2\/posts\/52548\/revisions"}],"predecessor-version":[{"id":52551,"href":"https:\/\/vocesparalelas.com.ar\/sitio\/wp-json\/wp\/v2\/posts\/52548\/revisions\/52551"}],"wp:featuredmedia":[{"embeddable":true,"href":"https:\/\/vocesparalelas.com.ar\/sitio\/wp-json\/wp\/v2\/media\/52550"}],"wp:attachment":[{"href":"https:\/\/vocesparalelas.com.ar\/sitio\/wp-json\/wp\/v2\/media?parent=52548"}],"wp:term":[{"taxonomy":"category","embeddable":true,"href":"https:\/\/vocesparalelas.com.ar\/sitio\/wp-json\/wp\/v2\/categories?post=52548"},{"taxonomy":"post_tag","embeddable":true,"href":"https:\/\/vocesparalelas.com.ar\/sitio\/wp-json\/wp\/v2\/tags?post=52548"}],"curies":[{"name":"wp","href":"https:\/\/api.w.org\/{rel}","templated":true}]}}