{"id":52543,"date":"2022-09-13T22:05:06","date_gmt":"2022-09-14T01:05:06","guid":{"rendered":"https:\/\/vocesparalelas.com.ar\/sitio\/?p=52543"},"modified":"2022-09-15T16:02:22","modified_gmt":"2022-09-15T19:02:22","slug":"jornada-estudiantil-en-la-fi-de-la-unsj","status":"publish","type":"post","link":"https:\/\/vocesparalelas.com.ar\/sitio\/jornada-estudiantil-en-la-fi-de-la-unsj\/","title":{"rendered":"Jornada Estudiantil en la FI de la UNSJ"},"content":{"rendered":"<p>El Martes, 20 de Septiembre, de 16 a 20 horas, en Plaza Seca y Jardines circundantes del edificio central se realiza una Jornada Estudiantil para celebrar la llegada de la primavera y la semana del estudiante en la Facultad de Ingenier\u00eda de la UNSJ.<\/p>\n<p>Adem\u00e1s, la Agrupaci\u00f3n Estudiantil Hacer x Todos Ingenier\u00eda invita a la comunidad universitaria y de San Juan al Acto por el \u00abD\u00eda de la Juventud\u00bb, que se realiza el Viernes, 16 de Septiembre, a las 11 hs, en la Plaza Seca de esta unidad acad\u00e9mica.<\/p>\n<p>Posteriormente, se procede al descubrimiento de la placa en conmemoraci\u00f3n a V\u00edctor Hugo Garc\u00eda, ex-presidente del Centro de Estudiantes y estudiante desaparecido durante la \u00faltima dictadura c\u00edvico- militar.<\/p>\n<p>El 16 de septiembre fue declarado D\u00eda de los Derechos de los Estudiantes Secundarios, por decreto presidencial del a\u00f1o 2006, en recuerdo y como modo de reflexi\u00f3n de lo que signific\u00f3 \u00abla noche de los l\u00e1pices\u00bb ocurrida en 1976.<\/p>\n<p>Entre las actividades planeadas hay sorteos, artistas en vivo y un espacio para estudiantes que quieran participar como feriantes.<\/p>\n<p><span style=\"color: #33cccc;\"><strong>M\u00e1s informaci\u00f3n<\/strong><\/span><\/p>\n<p>Secretar\u00eda de Asuntos Estudiantiles- Facultad de Ingenier\u00eda- UNSJ.<\/p>\n<p><span style=\"color: #33cccc;\"><strong>Tel\u00e9fono<\/strong><\/span><\/p>\n<p>264 4211700\/ 2401\/1839 &#8211; interno 293.<\/p>\n<p><a href=\"saefi@fi.unsj.edu.ar\">saefi@fi.unsj.edu.ar<\/a><\/p>\n<p>Publicado el Martes, 13 de Septiembre de 2022<\/p>\n","protected":false},"excerpt":{"rendered":"<p>El Martes, 20 de Septiembre, de 16 a 20 horas, en Plaza Seca y Jardines circundantes del edificio central se<\/p>\n","protected":false},"author":3,"featured_media":23028,"comment_status":"closed","ping_status":"closed","sticky":false,"template":"","format":"standard","meta":{"_acf_changed":false,"_seopress_robots_primary_cat":"none","_seopress_titles_title":"","_seopress_titles_desc":"","_seopress_robots_index":"","colormag_page_container_layout":"default_layout","colormag_page_sidebar_layout":"default_layout","footnotes":""},"categories":[6],"tags":[],"class_list":["post-52543","post","type-post","status-publish","format-standard","has-post-thumbnail","hentry","category-eventos"],"acf":[],"_links":{"self":[{"href":"https:\/\/vocesparalelas.com.ar\/sitio\/wp-json\/wp\/v2\/posts\/52543","targetHints":{"allow":["GET"]}}],"collection":[{"href":"https:\/\/vocesparalelas.com.ar\/sitio\/wp-json\/wp\/v2\/posts"}],"about":[{"href":"https:\/\/vocesparalelas.com.ar\/sitio\/wp-json\/wp\/v2\/types\/post"}],"author":[{"embeddable":true,"href":"https:\/\/vocesparalelas.com.ar\/sitio\/wp-json\/wp\/v2\/users\/3"}],"replies":[{"embeddable":true,"href":"https:\/\/vocesparalelas.com.ar\/sitio\/wp-json\/wp\/v2\/comments?post=52543"}],"version-history":[{"count":3,"href":"https:\/\/vocesparalelas.com.ar\/sitio\/wp-json\/wp\/v2\/posts\/52543\/revisions"}],"predecessor-version":[{"id":52617,"href":"https:\/\/vocesparalelas.com.ar\/sitio\/wp-json\/wp\/v2\/posts\/52543\/revisions\/52617"}],"wp:featuredmedia":[{"embeddable":true,"href":"https:\/\/vocesparalelas.com.ar\/sitio\/wp-json\/wp\/v2\/media\/23028"}],"wp:attachment":[{"href":"https:\/\/vocesparalelas.com.ar\/sitio\/wp-json\/wp\/v2\/media?parent=52543"}],"wp:term":[{"taxonomy":"category","embeddable":true,"href":"https:\/\/vocesparalelas.com.ar\/sitio\/wp-json\/wp\/v2\/categories?post=52543"},{"taxonomy":"post_tag","embeddable":true,"href":"https:\/\/vocesparalelas.com.ar\/sitio\/wp-json\/wp\/v2\/tags?post=52543"}],"curies":[{"name":"wp","href":"https:\/\/api.w.org\/{rel}","templated":true}]}}