{"id":52514,"date":"2022-09-12T23:59:02","date_gmt":"2022-09-13T02:59:02","guid":{"rendered":"https:\/\/vocesparalelas.com.ar\/sitio\/?p=52514"},"modified":"2022-09-13T20:58:26","modified_gmt":"2022-09-13T23:58:26","slug":"una-intervencion-para-hablar-sobre-lo-sucedido-en-la-eclgsm-de-la-unsj","status":"publish","type":"post","link":"https:\/\/vocesparalelas.com.ar\/sitio\/una-intervencion-para-hablar-sobre-lo-sucedido-en-la-eclgsm-de-la-unsj\/","title":{"rendered":"Una intervenci\u00f3n para hablar sobre lo sucedido en la ECLGSM de la UNSJ"},"content":{"rendered":"<p>Debido al acontecido en la ma\u00f1ana del 12 de Septiembre, el equipo de conducci\u00f3n de la Escuela de Comercio Lib. Gral. San Mart\u00edn de la Universidad Nacional de San Juan, junto al equipo de orientaci\u00f3n de la instituci\u00f3n, organiz\u00f3 una intervenci\u00f3n para hablar sobre lo sucedido, invitando a participar a toda la comunidad escolar. Al mismo tiempo, los alumnos de la escuela tambi\u00e9n convocaron a una sentada en el patio.<\/p>\n<p>Esto dio lugar a un fruct\u00edfero encuentro en el que todos los que quisieron pudieron manifestar sus sentimientos, malestares y empat\u00edas; y tambi\u00e9n ejercitar una escucha activa.<\/p>\n<p>Ahora es necesario continuar este trabajo conjunto y bien cercano entre nuestros estudiantes, sus familias y la escuela para fortalecer las redes de contenci\u00f3n y acompa\u00f1amiento. Esta es nuestra prioridad institucional en este tiempo tan complejo que nos toca vivir.<\/p>\n<p>Expresamos nuestra solidaridad con la familia, amigos, compa\u00f1eros y docentes de la joven Antonella y los acompa\u00f1amos en este doloroso momento.<\/p>\n<p style=\"text-align: right;\">Equipo de conducci\u00f3n de la ECGSM de la UNSJ<\/p>\n<p><img loading=\"lazy\" decoding=\"async\" class=\"alignnone size-full wp-image-52529\" src=\"https:\/\/vocesparalelas.com.ar\/sitio\/wp-content\/uploads\/2022\/09\/UNSJ-ESCUELA-02.jpg\" alt=\"\" width=\"800\" height=\"600\" srcset=\"https:\/\/vocesparalelas.com.ar\/sitio\/wp-content\/uploads\/2022\/09\/UNSJ-ESCUELA-02.jpg 800w, https:\/\/vocesparalelas.com.ar\/sitio\/wp-content\/uploads\/2022\/09\/UNSJ-ESCUELA-02-300x225.jpg 300w, https:\/\/vocesparalelas.com.ar\/sitio\/wp-content\/uploads\/2022\/09\/UNSJ-ESCUELA-02-768x576.jpg 768w\" sizes=\"auto, (max-width: 800px) 100vw, 800px\" \/><\/p>\n<p><img loading=\"lazy\" decoding=\"async\" class=\"alignnone size-full wp-image-52516\" src=\"https:\/\/vocesparalelas.com.ar\/sitio\/wp-content\/uploads\/2022\/09\/ECGSM-UNSJ-01.jpg\" alt=\"\" width=\"800\" height=\"586\" srcset=\"https:\/\/vocesparalelas.com.ar\/sitio\/wp-content\/uploads\/2022\/09\/ECGSM-UNSJ-01.jpg 800w, https:\/\/vocesparalelas.com.ar\/sitio\/wp-content\/uploads\/2022\/09\/ECGSM-UNSJ-01-300x220.jpg 300w, https:\/\/vocesparalelas.com.ar\/sitio\/wp-content\/uploads\/2022\/09\/ECGSM-UNSJ-01-768x563.jpg 768w\" sizes=\"auto, (max-width: 800px) 100vw, 800px\" \/><\/p>\n<p><img loading=\"lazy\" decoding=\"async\" class=\"alignnone size-large wp-image-14441\" src=\"https:\/\/vocesparalelas.com.ar\/sitio\/wp-content\/uploads\/2018\/08\/UNSJ-EIDFS001-800x574.jpg\" alt=\"\" width=\"800\" height=\"574\" srcset=\"https:\/\/vocesparalelas.com.ar\/sitio\/wp-content\/uploads\/2018\/08\/UNSJ-EIDFS001-800x574.jpg 800w, https:\/\/vocesparalelas.com.ar\/sitio\/wp-content\/uploads\/2018\/08\/UNSJ-EIDFS001-300x215.jpg 300w, https:\/\/vocesparalelas.com.ar\/sitio\/wp-content\/uploads\/2018\/08\/UNSJ-EIDFS001-768x551.jpg 768w, https:\/\/vocesparalelas.com.ar\/sitio\/wp-content\/uploads\/2018\/08\/UNSJ-EIDFS001.jpg 1000w\" sizes=\"auto, (max-width: 800px) 100vw, 800px\" \/><\/p>\n<p>Publicado el Lunes, 12 de Septiembre de 2022<\/p>\n","protected":false},"excerpt":{"rendered":"<p>Debido al acontecido en la ma\u00f1ana del 12 de Septiembre, el equipo de conducci\u00f3n de la Escuela de Comercio Lib.<\/p>\n","protected":false},"author":3,"featured_media":52525,"comment_status":"closed","ping_status":"closed","sticky":false,"template":"","format":"standard","meta":{"_acf_changed":false,"_seopress_robots_primary_cat":"none","_seopress_titles_title":"","_seopress_titles_desc":"","_seopress_robots_index":"","colormag_page_container_layout":"default_layout","colormag_page_sidebar_layout":"default_layout","footnotes":""},"categories":[1],"tags":[],"class_list":["post-52514","post","type-post","status-publish","format-standard","has-post-thumbnail","hentry","category-destacadas"],"acf":[],"_links":{"self":[{"href":"https:\/\/vocesparalelas.com.ar\/sitio\/wp-json\/wp\/v2\/posts\/52514","targetHints":{"allow":["GET"]}}],"collection":[{"href":"https:\/\/vocesparalelas.com.ar\/sitio\/wp-json\/wp\/v2\/posts"}],"about":[{"href":"https:\/\/vocesparalelas.com.ar\/sitio\/wp-json\/wp\/v2\/types\/post"}],"author":[{"embeddable":true,"href":"https:\/\/vocesparalelas.com.ar\/sitio\/wp-json\/wp\/v2\/users\/3"}],"replies":[{"embeddable":true,"href":"https:\/\/vocesparalelas.com.ar\/sitio\/wp-json\/wp\/v2\/comments?post=52514"}],"version-history":[{"count":3,"href":"https:\/\/vocesparalelas.com.ar\/sitio\/wp-json\/wp\/v2\/posts\/52514\/revisions"}],"predecessor-version":[{"id":52530,"href":"https:\/\/vocesparalelas.com.ar\/sitio\/wp-json\/wp\/v2\/posts\/52514\/revisions\/52530"}],"wp:featuredmedia":[{"embeddable":true,"href":"https:\/\/vocesparalelas.com.ar\/sitio\/wp-json\/wp\/v2\/media\/52525"}],"wp:attachment":[{"href":"https:\/\/vocesparalelas.com.ar\/sitio\/wp-json\/wp\/v2\/media?parent=52514"}],"wp:term":[{"taxonomy":"category","embeddable":true,"href":"https:\/\/vocesparalelas.com.ar\/sitio\/wp-json\/wp\/v2\/categories?post=52514"},{"taxonomy":"post_tag","embeddable":true,"href":"https:\/\/vocesparalelas.com.ar\/sitio\/wp-json\/wp\/v2\/tags?post=52514"}],"curies":[{"name":"wp","href":"https:\/\/api.w.org\/{rel}","templated":true}]}}