{"id":52505,"date":"2022-09-12T22:38:43","date_gmt":"2022-09-13T01:38:43","guid":{"rendered":"https:\/\/vocesparalelas.com.ar\/sitio\/?p=52505"},"modified":"2022-09-12T22:38:43","modified_gmt":"2022-09-13T01:38:43","slug":"sumate-a-la-actividad-deportiva-y-de-sensibilizacion-eco-trekking-de-san-juan","status":"publish","type":"post","link":"https:\/\/vocesparalelas.com.ar\/sitio\/sumate-a-la-actividad-deportiva-y-de-sensibilizacion-eco-trekking-de-san-juan\/","title":{"rendered":"Sumate a la actividad deportiva y de sensibilizaci\u00f3n \u201cEco Trekking\u201d de San Juan"},"content":{"rendered":"<div class=\"itemFullText\">\n<p>En el marco de la campa\u00f1a \u201cA limpiar el Mundo\u201d, la Secretar\u00eda de Estado de Ambiente y Desarrollo Sustentable realizar\u00e1 el pr\u00f3ximo 24 de septiembre la actividad deportiva y de sensibilizaci\u00f3n \u201cEco Trekking\u201d.<\/p>\n<p>Este encuentro se desarrollar\u00e1 en el \u00e1rea protegida Loma de las Tapias, en el departamento Ullum, con la finalidad de integrar actividades orientadas a vincular objetivos ecol\u00f3gicos colectivos con actitudes individuales, generar conciencia sobre la responsabilidad del manejo y utilizaci\u00f3n de entornos naturales, de esparcimiento deportivo y utilizaci\u00f3n recreativa a trav\u00e9s de la recolecci\u00f3n y diferenciaci\u00f3n de los residuos que se encuentran dispersos en la zona, para unificarlos, centralizarlos y, posteriormente, trasladarlos al Parque de Tecnolog\u00edas Ambientales para su adecuado tratamiento.<\/p>\n<p>Durante el desarrollo del \u201cEco Trekking\u201d se instala en el ingreso al embarcadero un punto de recolecci\u00f3n base, que tambi\u00e9n, cumple la funci\u00f3n de punto de salida y encuentro final de los tres grupos de voluntarios, dificultad baja, media y alta, que saldan a los recorridos para la recolecci\u00f3n y limpieza del espacio programado.<\/p>\n<p>En el punto de recolecci\u00f3n base se dispondr\u00e1n los servicios necesarios para la asistencia de los participantes, tanto de emergencia como de seguridad.<\/p>\n<p><strong><span style=\"color: #339966;\">Para participar del evento, los interesados deben completar el\u00a0Formulario de Inscripci\u00f3n<\/span><\/strong><\/p>\n<p><a href=\"https:\/\/docs.google.com\/forms\/d\/e\/1FAIpQLScv9WfgrxcI8Ew5BZCpZ7ZRvvNBz02pO-DmSDGdyI131IvDtw\/viewform\">https:\/\/docs.google.com\/forms\/d\/e\/1FAIpQLScv9WfgrxcI8Ew5BZCpZ7ZRvvNBz02pO-DmSDGdyI131IvDtw\/viewform<\/a><\/p>\n<p>La adhesi\u00f3n a la campa\u00f1a \u00abA limpiar el Mundo\u00bb\u00a0fue presentada el 1 de septiembre, y de esta manera, el Gobierno de San Juan busca generar conciencia a trav\u00e9s de diferentes actividades que invitan a la sociedad a reducir la cantidad de desechos que generan diariamente y, a su vez, separarlos para su recolecci\u00f3n.<\/p>\n<\/div>\n<div class=\"clr\"><\/div>\n<div class=\"itemContentFooter\"><span class=\"itemDateModified\">Publicado el Lunes, 12 de Septiembre de 2022\u00a0<\/span><\/div>\n","protected":false},"excerpt":{"rendered":"<p>En el marco de la campa\u00f1a \u201cA limpiar el Mundo\u201d, la Secretar\u00eda de Estado de Ambiente y Desarrollo Sustentable realizar\u00e1<\/p>\n","protected":false},"author":3,"featured_media":33534,"comment_status":"closed","ping_status":"closed","sticky":false,"template":"","format":"standard","meta":{"_acf_changed":false,"_seopress_robots_primary_cat":"none","_seopress_titles_title":"","_seopress_titles_desc":"","_seopress_robots_index":"","colormag_page_container_layout":"default_layout","colormag_page_sidebar_layout":"default_layout","footnotes":""},"categories":[1],"tags":[],"class_list":["post-52505","post","type-post","status-publish","format-standard","has-post-thumbnail","hentry","category-destacadas"],"acf":[],"_links":{"self":[{"href":"https:\/\/vocesparalelas.com.ar\/sitio\/wp-json\/wp\/v2\/posts\/52505","targetHints":{"allow":["GET"]}}],"collection":[{"href":"https:\/\/vocesparalelas.com.ar\/sitio\/wp-json\/wp\/v2\/posts"}],"about":[{"href":"https:\/\/vocesparalelas.com.ar\/sitio\/wp-json\/wp\/v2\/types\/post"}],"author":[{"embeddable":true,"href":"https:\/\/vocesparalelas.com.ar\/sitio\/wp-json\/wp\/v2\/users\/3"}],"replies":[{"embeddable":true,"href":"https:\/\/vocesparalelas.com.ar\/sitio\/wp-json\/wp\/v2\/comments?post=52505"}],"version-history":[{"count":1,"href":"https:\/\/vocesparalelas.com.ar\/sitio\/wp-json\/wp\/v2\/posts\/52505\/revisions"}],"predecessor-version":[{"id":52507,"href":"https:\/\/vocesparalelas.com.ar\/sitio\/wp-json\/wp\/v2\/posts\/52505\/revisions\/52507"}],"wp:featuredmedia":[{"embeddable":true,"href":"https:\/\/vocesparalelas.com.ar\/sitio\/wp-json\/wp\/v2\/media\/33534"}],"wp:attachment":[{"href":"https:\/\/vocesparalelas.com.ar\/sitio\/wp-json\/wp\/v2\/media?parent=52505"}],"wp:term":[{"taxonomy":"category","embeddable":true,"href":"https:\/\/vocesparalelas.com.ar\/sitio\/wp-json\/wp\/v2\/categories?post=52505"},{"taxonomy":"post_tag","embeddable":true,"href":"https:\/\/vocesparalelas.com.ar\/sitio\/wp-json\/wp\/v2\/tags?post=52505"}],"curies":[{"name":"wp","href":"https:\/\/api.w.org\/{rel}","templated":true}]}}