{"id":52460,"date":"2022-09-11T20:03:29","date_gmt":"2022-09-11T23:03:29","guid":{"rendered":"https:\/\/vocesparalelas.com.ar\/sitio\/?p=52460"},"modified":"2022-09-11T20:03:29","modified_gmt":"2022-09-11T23:03:29","slug":"nuevos-edificios-educativos-para-los-departamentos-de-chimbas-iglesia-y-25-de-mayo-de-san-juan","status":"publish","type":"post","link":"https:\/\/vocesparalelas.com.ar\/sitio\/nuevos-edificios-educativos-para-los-departamentos-de-chimbas-iglesia-y-25-de-mayo-de-san-juan\/","title":{"rendered":"Nuevos edificios educativos para los departamentos de Chimbas, Iglesia y 25 de Mayo de San Juan"},"content":{"rendered":"<div class=\"itemFullText\">\n<p>Desde el Gobierno de San Juan se impulsa una fuerte pol\u00edtica p\u00fablica en materia de infraestructura educativa. En este sentido, durante septiembre y octubre la Subsecretar\u00eda de Arquitectura del Ministerio de Obras y Servicios P\u00fablicos licitar\u00e1 obras para escuelas de los departamentos Chimbas, Iglesia y 25 de Mayo.<\/p>\n<p>La primera licitaci\u00f3n es la correspondiente a la obra de \u201ctraslado y construcci\u00f3n de la Escuela Nivel Secundario Segundino Navarro\u201d, en 25 de Mayo, que se realizar\u00e1 el 29 de septiembre a las 9.00 horas. La obra contar\u00e1 con una superficie total de 1597 m2 y estar\u00e1 comprendida por los siguientes sectores:<\/p>\n<ul>\n<li>\u00c1rea Comunitaria: SUM con dependencias sanitarias y de guardado, centro de recursos y sala de inform\u00e1tica.<\/li>\n<li>\u00c1rea de Gobierno: sala de espera, secretar\u00eda- administraci\u00f3n de redes, direcci\u00f3n- vicedirecci\u00f3n , sala de docentes y sala de preceptores.<\/li>\n<li>\u00c1rea Pedag\u00f3gica: nueve aulas y taller multiprop\u00f3sito con dep\u00f3sito.<\/li>\n<li>\u00c1rea de Servicio: un n\u00facleo sanitario para el sector pedag\u00f3gico, un n\u00facleo sanitario para el sector comunitario, un sanitario para docentes, un sanitario para personal no docente, una cocina- economato, un patio t\u00e9cnico con sala de m\u00e1quinas, torre de tanques, zepel\u00edn y tres dep\u00f3sitos.<\/li>\n<li>\u00c1rea Esparcimiento y Deporte: patio c\u00edvico y un play\u00f3n polideportivo.<\/li>\n<\/ul>\n<p>La segunda licitaci\u00f3n corresponde a la obra de \u201ctraslado y construcci\u00f3n de la ENI N\u00b0 44- Presidente Avellaneda\u201d, ubicada en el departamento Chimbas. La obra comprende una superficie total de 677,73 m<sup>2<\/sup>\u00a0y consta de 6 salitas de Nivel Inicial con sus respectivos sanitarios y dep\u00f3sitos, una direcci\u00f3n, un SUM\/ludoteca, una cocina con economato, un sanitario para personas con discapacidad, un sanitario para docentes, un sanitario para no docentes, circulaci\u00f3n interior, patio c\u00edvico, patio de juegos y espacios verdes. La licitaci\u00f3n p\u00fablica de este proyecto ser\u00e1 el 3 de octubre a las 9.00 horas.<\/p>\n<p>Por \u00faltimo, se licitar\u00e1 la obra de \u201csustituci\u00f3n del sector de Nivel Inicial de la Escuela JINZ N\u00ba 8 Presidente Mitre\u201d, en el departamento Iglesia. La obra contar\u00e1 con una superficie total de 401,43 m<sup>2<\/sup>\u00a0y estar\u00e1 conformada por tres salitas de Nivel Inicial con sus respectivos sanitarios, tres dep\u00f3sitos, una direcci\u00f3n, una cocina con economato, un sanitario para personas con discapacidad, un sanitario para docentes, un sanitario para no docentes, circulaci\u00f3n interior, patio institucional y espacios verdes. Al igual que la licitaci\u00f3n anterior, la fecha de apertura de sobres ser\u00e1 el 3 de octubre, a las 11.00 horas.<\/p>\n<\/div>\n<div class=\"clr\">Publicado el S\u00e1bado, 11 de Septiembre de 2022<\/div>\n","protected":false},"excerpt":{"rendered":"<p>Desde el Gobierno de San Juan se impulsa una fuerte pol\u00edtica p\u00fablica en materia de infraestructura educativa. En este sentido,<\/p>\n","protected":false},"author":3,"featured_media":1245,"comment_status":"closed","ping_status":"closed","sticky":false,"template":"","format":"standard","meta":{"_acf_changed":false,"_seopress_robots_primary_cat":"none","_seopress_titles_title":"","_seopress_titles_desc":"","_seopress_robots_index":"","colormag_page_container_layout":"default_layout","colormag_page_sidebar_layout":"default_layout","footnotes":""},"categories":[1],"tags":[],"class_list":["post-52460","post","type-post","status-publish","format-standard","has-post-thumbnail","hentry","category-destacadas"],"acf":[],"_links":{"self":[{"href":"https:\/\/vocesparalelas.com.ar\/sitio\/wp-json\/wp\/v2\/posts\/52460","targetHints":{"allow":["GET"]}}],"collection":[{"href":"https:\/\/vocesparalelas.com.ar\/sitio\/wp-json\/wp\/v2\/posts"}],"about":[{"href":"https:\/\/vocesparalelas.com.ar\/sitio\/wp-json\/wp\/v2\/types\/post"}],"author":[{"embeddable":true,"href":"https:\/\/vocesparalelas.com.ar\/sitio\/wp-json\/wp\/v2\/users\/3"}],"replies":[{"embeddable":true,"href":"https:\/\/vocesparalelas.com.ar\/sitio\/wp-json\/wp\/v2\/comments?post=52460"}],"version-history":[{"count":1,"href":"https:\/\/vocesparalelas.com.ar\/sitio\/wp-json\/wp\/v2\/posts\/52460\/revisions"}],"predecessor-version":[{"id":52462,"href":"https:\/\/vocesparalelas.com.ar\/sitio\/wp-json\/wp\/v2\/posts\/52460\/revisions\/52462"}],"wp:featuredmedia":[{"embeddable":true,"href":"https:\/\/vocesparalelas.com.ar\/sitio\/wp-json\/wp\/v2\/media\/1245"}],"wp:attachment":[{"href":"https:\/\/vocesparalelas.com.ar\/sitio\/wp-json\/wp\/v2\/media?parent=52460"}],"wp:term":[{"taxonomy":"category","embeddable":true,"href":"https:\/\/vocesparalelas.com.ar\/sitio\/wp-json\/wp\/v2\/categories?post=52460"},{"taxonomy":"post_tag","embeddable":true,"href":"https:\/\/vocesparalelas.com.ar\/sitio\/wp-json\/wp\/v2\/tags?post=52460"}],"curies":[{"name":"wp","href":"https:\/\/api.w.org\/{rel}","templated":true}]}}