{"id":52456,"date":"2022-09-11T19:49:24","date_gmt":"2022-09-11T22:49:24","guid":{"rendered":"https:\/\/vocesparalelas.com.ar\/sitio\/?p=52456"},"modified":"2022-09-11T19:49:24","modified_gmt":"2022-09-11T22:49:24","slug":"san-juan-candidata-para-el-mundial-de-pista-2025","status":"publish","type":"post","link":"https:\/\/vocesparalelas.com.ar\/sitio\/san-juan-candidata-para-el-mundial-de-pista-2025\/","title":{"rendered":"San Juan candidata para el Mundial de Pista 2025"},"content":{"rendered":"<p>El vel\u00f3dromo techado que actualmente se construye en Pocito como estandarte ya genera grandes expectativas a nivel mundial. El gobernador de San Juan, Dr. Sergio U\u00f1ac, present\u00f3 ante el presidente de la UCI, David Lappartient, la documentaci\u00f3n requerida para postular a San Juan como sede del Mundial de Pista a realizarse en el a\u00f1o 2025. Durante el encuentro, adem\u00e1s dialogaron sobre la gesti\u00f3n deportiva que lleva adelante la Provincia.<\/p>\n<p>De esta manera, la construcci\u00f3n del vel\u00f3dromo empieza a dar muestras claras de la tracci\u00f3n del mismo, ya que previo a su inauguraci\u00f3n cuenta con dos ofrecimientos muy importantes del ente que regula el ciclismo a nivel mundial: la mencionada realizaci\u00f3n del Mundial de Pista 2025 y la posibilidad concreta de que San Juan albergue el Centro de Desarrollo Satelital UCI de Sudam\u00e9rica, recibiendo importantes fondos desde el ente deportivo para poder llevar adelante este objetivo.<\/p>\n<p>De concretarse la propuesta, San Juan albergar\u00eda al primer Mundial de Pista en la Argentina y se convertir\u00eda en el cuarto pa\u00eds de Sudam\u00e9rica en organizarlo tras Uruguay (lo realiz\u00f3 en conjunto con Italia en 1968), Venezuela (1977) y Colombia (1995 y 2014).<\/p>\n<p>Al actual posicionamiento logrado por San Juan como eje de desarrollo del ciclismo continental con la carrera m\u00e1s importante del continente, como es la Vuelta a San Juan, se suma el vel\u00f3dromo que recibir\u00e1 importantes fondos para funcionar como Centro de Desarrollo Satelital UCI, generando un fuerte impacto econ\u00f3mico en base a uno de los deportes que apasiona a los sanjuaninos.<\/p>\n<p>En las distintas reuniones con dirigentes deportivos de primera l\u00ednea mundial, el gobernador estuvo acompa\u00f1ado por el secretario de Deportes, Jorge Chica y el presidente de la Uni\u00f3n Ciclista de la Rep\u00fablica Argentina, Gabriel Curuchet, quienes expusieron el radical cambio que gener\u00f3 San Juan en los \u00faltimos seis a\u00f1os y que lo posicion\u00f3 al frente del deporte nacional.<\/p>\n<div class=\"itemFullText\">\n<p>La importancia de la diversificaci\u00f3n de la matriz productiva de San Juan fue clave para potenciar el turismo a trav\u00e9s de los eventos deportivos y culturales. A nivel nacional la Provincia escal\u00f3 desde el puesto 18 al 8 en materia tur\u00edstica y desarroll\u00f3 eventos de primera l\u00ednea mundial, como por ejemplo el partido por eliminatorias rumbo a Catar 2022 entre Argentina y Brasil que dej\u00f3 una inyecci\u00f3n de $405.124.000. Respecto al ciclismo, recibi\u00f3 campeonatos panamericanos y desarroll\u00f3 la Vuelta a San Juan de manera internacional, posicion\u00e1ndola como la mejor carrera del continente. En 2020 la Vuelta a San Juan tuvo un impacto econ\u00f3mico total de alrededor de $168.593.386, o en el caso de los Juegos Sudamericano de Deportes Sobre Ruedas donde el impacto econ\u00f3mico fue de $ 950.567.890,14.<\/p>\n<p><span style=\"color: #339966;\"><b>Centro de Desarrollo Satelital<\/b><\/span><\/p>\n<p>Se present\u00f3 la documentaci\u00f3n para que San Juan cuente con un Centro de Desarrollo Satelital UCI para toda Sudam\u00e9rica, liderando el trabajo continental junto a los Centros de Desarrollo de Centroam\u00e9rica y Canad\u00e1. En este caso, la Provincia recibir\u00e1 fondos para la manutenci\u00f3n del vel\u00f3dromo que recibir\u00e1 a los mejores prospectos cicl\u00edsticos de la regi\u00f3n, generando su auto-sustentabilidad a\u00fan antes de inaugurado.<\/p>\n<p>Los Centros de Desarrollo persiguen distintos objetivos, entre ellos descentralizar y globalizar el desarrollo del ciclismo a nivel mundial, para brindar capacitaciones similares a las que se desarrollan en el Centro Mundial de Ciclismo que tiene la UCI en la ciudad suiza de L&#8217;Aigle, por lo que ciclistas de Sudam\u00e9rica entrenar\u00e1n bajo las mismas condiciones que los mayores exponentes del Mundo.<\/p>\n<p>Esta acci\u00f3n potenciar\u00e1 el alto rendimiento local, que en los \u00faltimos 6 a\u00f1os registr\u00f3 un incremento del 800% en el apoyo recibido por los deportistas locales, contando adem\u00e1s con el actual campe\u00f3n panamericano de Ruta, Emiliano Contreras.<\/p>\n<p><span style=\"color: #339966;\"><b>Mundial de Pista<\/b><\/span><\/p>\n<p>La UCI pondr\u00e1 a votaci\u00f3n la sede del Mundial de Pista del a\u00f1o 2025, sugiriendo a San Juan, durante el pr\u00f3ximo congreso a desarrollarse luego del Mundial de Ruta que se disputar\u00e1 en Australia desde el 18 al 25 de septiembre.<\/p>\n<p>El mundial del 2025 es el primero con sede disponible ya que en 2022 se desarrollar\u00e1 en Saint Quentin en Yvelines (Francia), en 2023 el certamen ser\u00e1 en Glasgow (Escocia), mientras que en el 2024 el campeonato ser\u00e1 en Ballerup (Dinamarca).<\/p>\n<p>Ser\u00eda el primer campeonato mundial a desarrollarse en la Argentina y el pa\u00eds se convertir\u00eda en el cuarto de Sudam\u00e9rica en organizar el certamen m\u00e1s importante de pista.<\/p>\n<p><span style=\"color: #339966;\"><b>Vel\u00f3dromo Cubierto de San Juan<\/b><\/span><\/p>\n<p>En San Juan contin\u00faa la construcci\u00f3n del nuevo vel\u00f3dromo \u2018Vicente Alejo Chancay\u2019, que ser\u00e1 cubierto y uno de los m\u00e1s grandes de Am\u00e9rica. Se trata de una de las obras de infraestructura m\u00e1s importantes que tendr\u00e1n la provincia y el pa\u00eds.<\/p>\n<p>Actualmente, su estado de avance de obra alcanz\u00f3 el 80% y muy pronto quedar\u00e1 terminado. Adem\u00e1s de ser un escenario ideal para el ciclismo en pista, cuenta con espacio suficiente para la pr\u00e1ctica de otras disciplinas deportivas.<\/p>\n<p>La pista ser\u00e1 de madera y tendr\u00e1 una extensi\u00f3n de 250 metros, con un ancho de siete metros, peraltes e inclinaciones precisas, sumado a un acceso de seguridad.<\/p>\n<p>La obra est\u00e1 aprobada por la Uni\u00f3n Ciclista Internacional y estar\u00e1 equipada con todos los servicios y comodidades necesarias. M\u00e1s de seis mil personas podr\u00e1n presenciar cada competencia dentro del recinto.<\/p>\n<p>Este vel\u00f3dromo es una de las infraestructuras principales de la \u201cCiudad Parque de los Deportes\u201d que ya est\u00e1 en construcci\u00f3n en la provincia de San Juan, con un espacio superior a las 50 hect\u00e1reas reservado solo para el desarrollo deportivo.<\/p>\n<\/div>\n<div class=\"clr\"><\/div>\n<div class=\"itemContentFooter\"><span class=\"itemDateModified\">Publicado el Domingo, 11\u00a0 de Septiembre de 2022<\/span><\/div>\n","protected":false},"excerpt":{"rendered":"<p>El vel\u00f3dromo techado que actualmente se construye en Pocito como estandarte ya genera grandes expectativas a nivel mundial. El gobernador<\/p>\n","protected":false},"author":3,"featured_media":52458,"comment_status":"closed","ping_status":"closed","sticky":false,"template":"","format":"standard","meta":{"_acf_changed":false,"_seopress_robots_primary_cat":"none","_seopress_titles_title":"","_seopress_titles_desc":"","_seopress_robots_index":"","colormag_page_container_layout":"default_layout","colormag_page_sidebar_layout":"default_layout","footnotes":""},"categories":[1],"tags":[],"class_list":["post-52456","post","type-post","status-publish","format-standard","has-post-thumbnail","hentry","category-destacadas"],"acf":[],"_links":{"self":[{"href":"https:\/\/vocesparalelas.com.ar\/sitio\/wp-json\/wp\/v2\/posts\/52456","targetHints":{"allow":["GET"]}}],"collection":[{"href":"https:\/\/vocesparalelas.com.ar\/sitio\/wp-json\/wp\/v2\/posts"}],"about":[{"href":"https:\/\/vocesparalelas.com.ar\/sitio\/wp-json\/wp\/v2\/types\/post"}],"author":[{"embeddable":true,"href":"https:\/\/vocesparalelas.com.ar\/sitio\/wp-json\/wp\/v2\/users\/3"}],"replies":[{"embeddable":true,"href":"https:\/\/vocesparalelas.com.ar\/sitio\/wp-json\/wp\/v2\/comments?post=52456"}],"version-history":[{"count":1,"href":"https:\/\/vocesparalelas.com.ar\/sitio\/wp-json\/wp\/v2\/posts\/52456\/revisions"}],"predecessor-version":[{"id":52459,"href":"https:\/\/vocesparalelas.com.ar\/sitio\/wp-json\/wp\/v2\/posts\/52456\/revisions\/52459"}],"wp:featuredmedia":[{"embeddable":true,"href":"https:\/\/vocesparalelas.com.ar\/sitio\/wp-json\/wp\/v2\/media\/52458"}],"wp:attachment":[{"href":"https:\/\/vocesparalelas.com.ar\/sitio\/wp-json\/wp\/v2\/media?parent=52456"}],"wp:term":[{"taxonomy":"category","embeddable":true,"href":"https:\/\/vocesparalelas.com.ar\/sitio\/wp-json\/wp\/v2\/categories?post=52456"},{"taxonomy":"post_tag","embeddable":true,"href":"https:\/\/vocesparalelas.com.ar\/sitio\/wp-json\/wp\/v2\/tags?post=52456"}],"curies":[{"name":"wp","href":"https:\/\/api.w.org\/{rel}","templated":true}]}}