{"id":52429,"date":"2022-09-10T21:11:04","date_gmt":"2022-09-11T00:11:04","guid":{"rendered":"https:\/\/vocesparalelas.com.ar\/sitio\/?p=52429"},"modified":"2022-09-10T21:16:51","modified_gmt":"2022-09-11T00:16:51","slug":"cerraron-las-jornadas-de-investigacion-y-extension-de-la-faud-de-la-unsj","status":"publish","type":"post","link":"https:\/\/vocesparalelas.com.ar\/sitio\/cerraron-las-jornadas-de-investigacion-y-extension-de-la-faud-de-la-unsj\/","title":{"rendered":"Cerraron las Jornadas de Investigaci\u00f3n y Extensi\u00f3n de la FAUD de la UNSJ"},"content":{"rendered":"<p>La Facultad de Arquitectura, Urbanismo y Dise\u00f1o de la Universidad Nacional de San Juan cerr\u00f3 las cierre de las Jornadas de Investigaci\u00f3n y Extensi\u00f3n de la Unidad Acad\u00e9mica, se desarrollaron del\u00a0 7; 8 y 9 de Septiembre de 2022.<\/p>\n<p>En esta instancia participo el Ministro de Desarrollo Humano y Promoci\u00f3n Social, a trav\u00e9s del Observatorio Social, particip\u00f3 en la organizaci\u00f3n y Voces Paralelas lo entrevist\u00f3 antes de su exposici\u00f3n.<\/p>\n<p><iframe loading=\"lazy\" title=\"FAUD PROF FABI\u00c1N ABALLAY\" width=\"800\" height=\"450\" src=\"https:\/\/www.youtube.com\/embed\/s9ZflkOQB3I?feature=oembed\" frameborder=\"0\" allow=\"accelerometer; autoplay; clipboard-write; encrypted-media; gyroscope; picture-in-picture\" allowfullscreen><\/iframe><\/p>\n<p>Posteriormente, al Decano de la FAUD de la UNSJ, Arq. Guillermo Velasco, quien desatac\u00f3 la importancia del evento porque es mostrar lo que se hace desde la Unidad Acad\u00e9mica al servicio de la sociedad de San Juan.<\/p>\n<p><iframe loading=\"lazy\" title=\"FAUD UNSJ DECANO GUILLERMO VELASCO\" width=\"800\" height=\"450\" src=\"https:\/\/www.youtube.com\/embed\/4PcbXozDYUg?feature=oembed\" frameborder=\"0\" allow=\"accelerometer; autoplay; clipboard-write; encrypted-media; gyroscope; picture-in-picture\" allowfullscreen><\/iframe><\/p>\n<p>&nbsp;<\/p>\n<p>Adem\u00e1s, particip\u00f3 la subsecretaria de Promoci\u00f3n de la Actividad Cient\u00edfica y Tecnol\u00f3gica del SECITI del Gobierno de San Juan, Ing. Sandra Noriega, el director del Observatorio Social San Juan, Lic. Gustavo Sprei y el Dr. en Ciencias Pol\u00edticas e Investigador del Conicet, Dr. Mart\u00edn Maldonado, en el marco de dichas jornadas.<\/p>\n<p><img loading=\"lazy\" decoding=\"async\" class=\"alignnone size-full wp-image-52435\" src=\"https:\/\/vocesparalelas.com.ar\/sitio\/wp-content\/uploads\/2022\/09\/FAUD-EXTENSION-05.jpg\" alt=\"\" width=\"800\" height=\"533\" srcset=\"https:\/\/vocesparalelas.com.ar\/sitio\/wp-content\/uploads\/2022\/09\/FAUD-EXTENSION-05.jpg 800w, https:\/\/vocesparalelas.com.ar\/sitio\/wp-content\/uploads\/2022\/09\/FAUD-EXTENSION-05-300x200.jpg 300w, https:\/\/vocesparalelas.com.ar\/sitio\/wp-content\/uploads\/2022\/09\/FAUD-EXTENSION-05-768x512.jpg 768w\" sizes=\"auto, (max-width: 800px) 100vw, 800px\" \/><\/p>\n<p>Las jornadas tienen como objetivo un espacio para reflexionar y consolidar un canal de interlocuci\u00f3n entre diferentes \u00e1reas del conocimiento por la FAUD de la UNSJ, materializando la articulaci\u00f3n de la investigaci\u00f3n, la extensi\u00f3n y la docencia. Adem\u00e1s, constituyen un espacio de colaboraci\u00f3n, difusi\u00f3n e intercambio de motivaciones, experiencias y conocimientos emergentes tanto de lo social como lo institucional.<\/p>\n<div class=\"clr\">Publicado el S\u00e1bado, 10 de Septiembre de 2022<\/div>\n","protected":false},"excerpt":{"rendered":"<p>La Facultad de Arquitectura, Urbanismo y Dise\u00f1o de la Universidad Nacional de San Juan cerr\u00f3 las cierre de las Jornadas<\/p>\n","protected":false},"author":3,"featured_media":52431,"comment_status":"closed","ping_status":"closed","sticky":false,"template":"","format":"video","meta":{"_acf_changed":false,"_seopress_robots_primary_cat":"none","_seopress_titles_title":"","_seopress_titles_desc":"","_seopress_robots_index":"","colormag_page_container_layout":"default_layout","colormag_page_sidebar_layout":"default_layout","footnotes":""},"categories":[1,7],"tags":[],"class_list":["post-52429","post","type-post","status-publish","format-video","has-post-thumbnail","hentry","category-destacadas","category-videos","post_format-post-format-video"],"acf":[],"_links":{"self":[{"href":"https:\/\/vocesparalelas.com.ar\/sitio\/wp-json\/wp\/v2\/posts\/52429","targetHints":{"allow":["GET"]}}],"collection":[{"href":"https:\/\/vocesparalelas.com.ar\/sitio\/wp-json\/wp\/v2\/posts"}],"about":[{"href":"https:\/\/vocesparalelas.com.ar\/sitio\/wp-json\/wp\/v2\/types\/post"}],"author":[{"embeddable":true,"href":"https:\/\/vocesparalelas.com.ar\/sitio\/wp-json\/wp\/v2\/users\/3"}],"replies":[{"embeddable":true,"href":"https:\/\/vocesparalelas.com.ar\/sitio\/wp-json\/wp\/v2\/comments?post=52429"}],"version-history":[{"count":1,"href":"https:\/\/vocesparalelas.com.ar\/sitio\/wp-json\/wp\/v2\/posts\/52429\/revisions"}],"predecessor-version":[{"id":52436,"href":"https:\/\/vocesparalelas.com.ar\/sitio\/wp-json\/wp\/v2\/posts\/52429\/revisions\/52436"}],"wp:featuredmedia":[{"embeddable":true,"href":"https:\/\/vocesparalelas.com.ar\/sitio\/wp-json\/wp\/v2\/media\/52431"}],"wp:attachment":[{"href":"https:\/\/vocesparalelas.com.ar\/sitio\/wp-json\/wp\/v2\/media?parent=52429"}],"wp:term":[{"taxonomy":"category","embeddable":true,"href":"https:\/\/vocesparalelas.com.ar\/sitio\/wp-json\/wp\/v2\/categories?post=52429"},{"taxonomy":"post_tag","embeddable":true,"href":"https:\/\/vocesparalelas.com.ar\/sitio\/wp-json\/wp\/v2\/tags?post=52429"}],"curies":[{"name":"wp","href":"https:\/\/api.w.org\/{rel}","templated":true}]}}