{"id":52349,"date":"2022-09-07T21:06:03","date_gmt":"2022-09-08T00:06:03","guid":{"rendered":"https:\/\/vocesparalelas.com.ar\/sitio\/?p=52349"},"modified":"2022-09-08T00:06:20","modified_gmt":"2022-09-08T03:06:20","slug":"1-congreso-internacional-de-criminalistica-y-accidentologia-vial-2022-en-san-juan","status":"publish","type":"post","link":"https:\/\/vocesparalelas.com.ar\/sitio\/1-congreso-internacional-de-criminalistica-y-accidentologia-vial-2022-en-san-juan\/","title":{"rendered":"1\u00b0 Congreso Internacional de Criminal\u00edstica y Accidentolog\u00eda Vial 2022 en San Juan"},"content":{"rendered":"<p>El secretario de Estado de Seguridad y Orden P\u00fablico, Dr. Carlos Munisaga, junto al presidente de la Corte de Justicia, Dr. Juan Jos\u00e9 Victoria, presidieron el acto de apertura del I Congreso Internacional de Criminal\u00edstica y Accidentolog\u00eda Vial San Juan 2022.<\/p>\n<p>En la mesa de autoridades estuvieron tambi\u00e9n el rector de la Universidad Cat\u00f3lica de Cuyo, Lic. Claudio Larrea; el Jefe de Polic\u00eda de San Juan, Crio. Gral. Luis Mart\u00ednez, y el director de la escuela de Seguridad, Dr. \u00c1ngel Mart\u00edn.<\/p>\n<p>Por primera vez, nuestra provincia es sede de este prestigioso congreso internacional, que cuenta con los mejores exponentes de Argentina, Chile, M\u00e9xico y Per\u00fa.<\/p>\n<p>El mismo es organizado, en conjunto por la Secretar\u00eda de Estado de Seguridad y Orden P\u00fablico, a trav\u00e9s de la Polic\u00eda de San Juan, la Universidad Cat\u00f3lica de Cuyo, a trav\u00e9s de la Escuela de Seguridad Ciudadana, y coorganizado con el Poder Judicial de la provincia.<\/p>\n<p>En las palabras de apertura, el secretario de Estado de Seguridad,\u00a0<strong>Carlos Munisaga<\/strong>, tras dar la bienvenida a los presentes, resalt\u00f3 que para el Gobierno de San Juan es muy importante la realizaci\u00f3n del congreso \u201cque contar\u00e1 con destacados y distinguidos profesionales de la materia y asistentes que llegan de todo el pa\u00eds\u201d.<\/p>\n<p>Explic\u00f3 Munisaga que este congreso significa poner a la provincia \u201ca la vanguardia de lo que es el estudio de la criminal\u00edstica y accidentolog\u00eda vial ya que, en este \u00faltimo tiempo, en San Juan se est\u00e1 desarrollando una trasformaci\u00f3n de los sistemas de seguridad y de justicia a partir de la voluntad pol\u00edtica del Gobernador Sergio U\u00f1ac\u201d.<\/p>\n<p>En ese sentido, el Secretario de Estado de Seguridad record\u00f3 el \u00e9xito del sistema especial de Flagrancia y al actual sistema Acusatorio Adversarial, y la \u201ctrasformaci\u00f3n del sistema de seguridad para dar respuesta a la demanda permanente y constante que implica estas necesidades de la sociedad como son la seguridad y la justicia\u201d.<\/p>\n<p>Al mismo tiempo, Munisaga record\u00f3 que uno de los ejes estrat\u00e9gicos de la Secretar\u00eda es la capacitaci\u00f3n de cada uno de los operadores del sistema de seguridad por lo que destac\u00f3 el compromiso de la Universidad Cat\u00f3lica de Cuyo en la formaci\u00f3n inicial y posterior de con su oferta acad\u00e9mica.<\/p>\n<p>Por \u00faltimo, el Secretario de Estado hizo referencia a la inversi\u00f3n que se realiza en investigaci\u00f3n, el trabajo en conjunto con el Poder Judicial y el Ministerio P\u00fablico Fiscal \u201cpara ser m\u00e1s efectivas las investigaciones, en el invertir en una polic\u00eda cient\u00edfica altamente equipada y en una instituci\u00f3n que despierta confianza en el ciudadano como es el CISEM 911\u201d.<\/p>\n<p>Por su parte, el Dr. Juan Jos\u00e9 Victoria, se\u00f1al\u00f3 que se esperan unas jornadas muy fruct\u00edferas en cuanto a conceptos que \u201cpodremos poner en la pr\u00e1ctica y en cosas que podremos ir mejorando en beneficio de todos los sanjuaninos\u201d.<\/p>\n<p>Para el Presidente de la Corte de Justicia, la interacci\u00f3n con los dem\u00e1s poderes del Estado y las casas de altos estudios es parte \u201cde ese compromiso que existe y esa interrelaci\u00f3n que no hace m\u00e1s que ir cumpliendo con la funci\u00f3n que a cada uno que nos toca cumplir y que es muy f\u00e1cil lograr los objetivos y trabajar en post de una sociedad mejor\u201d.<\/p>\n<p>Para finalizar, el Dr. Victoria asegur\u00f3 que el Poder Judicial cuenta con un complejo cient\u00edfico forense \u201cde alta tecnolog\u00eda que est\u00e1 al servicio de la comunidad, que est\u00e1 al servicio de San Juan y que est\u00e1 trabajando muy bien para esclarecer cualquier hecho delictivo\u201d.<\/p>\n<p>Mientras que el rector de la Universidad Cat\u00f3lica de Cuyo, Lic. Claudio Larrea,\u00a0expres\u00f3, en nombre de la Universidad que es \u201cun honor intervenir en la formaci\u00f3n de las Fuerzas de Seguridad\u201d y explic\u00f3 que San Juan es un modelo en la Argentina: \u201cQue a una universidad se le haya confiado, por una pol\u00edtica de estado, intervenir en esa formaci\u00f3n de las fuerzas de seguridad, es \u00fanico en el pa\u00eds\u201d.<\/p>\n<p>El Rector finaliz\u00f3 destacando que \u201cdesde la Universidad hemos percibido en todos estos diez a\u00f1os que llevamos form\u00e1ndolos, un mejoramiento tanto en lo personal como en lo profesional de todo agente de seguridad y es un honor darles esta posibilidad\u201d.<\/p>\n<p>Del acto de apertura participaron tambi\u00e9n el ministro de la Corte de Justicia, Dr. Daniel Olivares Yapur; el subsecretario de Inspecci\u00f3n y Control de Gesti\u00f3n de la Seguridad P\u00fablica, Ignacio Coronado; el secretario de Promoci\u00f3n Social del Ministerio de Desarrollo Humano y Promoci\u00f3n Social, Lucio Gonz\u00e1lez; el presidente del Concejo Deliberante de Capital, Ariel Palma; el Director del Servicio Penitenciario Provincial, Adriel Fern\u00e1ndez; representantes de las fuerzas de seguridad Nacional con asiento en la provincia; integrantes de la Plana Mayor de la Polic\u00eda de San Juan y dem\u00e1s invitados especiales.<\/p>\n<div class=\"itemFullText\">\n<p><span style=\"color: #339966;\"><strong>Sobre el Congreso<\/strong><\/span><\/p>\n<p>San Juan ha experimentado un cambio rotundo en el sistema judicial, al pasar de un sistema mixto al sistema especial de Flagrancia y al actual sistema Acusatorio Adversarial.<\/p>\n<p>Estos hechos marcan una evoluci\u00f3n que requiere de personal con un mejor y mayor nivel de profesionalidad en las \u00e1reas de criminal\u00edstica y accidentolog\u00eda vial.<\/p>\n<p>Se realiza los d\u00edas 7, 8 y 9 de septiembre, teniendo como sedes el Centro de Convenciones Tte. Coronel Guillermo Barrena Guzm\u00e1n, en el que se desarrollar\u00e1n las tem\u00e1ticas referidas a Criminal\u00edstica, y el Teatro Municipal de la Ciudad de San Juan, donde se abordar\u00e1 la tem\u00e1tica de Accidentolog\u00eda Vial.<\/p>\n<p>Est\u00e1 dirigido a personal de las fuerzas de seguridad, funcionarios del Ministerio P\u00fablico, abogados, peritos de parte, estudiantes de criminal\u00edstica y de las carreras de seguridad, como tambi\u00e9n a toda persona que est\u00e9 vinculada a la ciencia criminal\u00edstica y pericias forenses.<\/p>\n<p>Se abordar\u00e1n diferentes campos de la ciencia criminal\u00edstica, promoviendo el desarrollo de habilidades para la funci\u00f3n pericial y el conocimiento cient\u00edfico, brindando conocimiento acerca de los instrumentos para la investigaci\u00f3n cient\u00edfica en el \u00e1rea forense. Adem\u00e1s, se har\u00e1 foco sobre una problem\u00e1tica actual de nuestra sociedad que es la accidentolog\u00eda vial.<\/p>\n<p><img loading=\"lazy\" decoding=\"async\" class=\"alignnone size-full wp-image-52352\" src=\"https:\/\/vocesparalelas.com.ar\/sitio\/wp-content\/uploads\/2022\/09\/CONGRESO-CRIMINALISTA-03.jpg\" alt=\"\" width=\"800\" height=\"534\" srcset=\"https:\/\/vocesparalelas.com.ar\/sitio\/wp-content\/uploads\/2022\/09\/CONGRESO-CRIMINALISTA-03.jpg 800w, https:\/\/vocesparalelas.com.ar\/sitio\/wp-content\/uploads\/2022\/09\/CONGRESO-CRIMINALISTA-03-300x200.jpg 300w, https:\/\/vocesparalelas.com.ar\/sitio\/wp-content\/uploads\/2022\/09\/CONGRESO-CRIMINALISTA-03-768x513.jpg 768w\" sizes=\"auto, (max-width: 800px) 100vw, 800px\" \/><\/p>\n<\/div>\n<div class=\"clr\"><\/div>\n<div class=\"itemContentFooter\"><span class=\"itemDateModified\">Publicado el Mi\u00e9rcoles, 07 de Septiembre de 2022\u00a0<\/span><\/div>\n<p>&nbsp;<\/p>\n<p>&nbsp;<\/p>\n","protected":false},"excerpt":{"rendered":"<p>El secretario de Estado de Seguridad y Orden P\u00fablico, Dr. Carlos Munisaga, junto al presidente de la Corte de Justicia,<\/p>\n","protected":false},"author":3,"featured_media":52351,"comment_status":"closed","ping_status":"closed","sticky":false,"template":"","format":"standard","meta":{"_acf_changed":false,"_seopress_robots_primary_cat":"none","_seopress_titles_title":"","_seopress_titles_desc":"","_seopress_robots_index":"","colormag_page_container_layout":"default_layout","colormag_page_sidebar_layout":"default_layout","footnotes":""},"categories":[1],"tags":[],"class_list":["post-52349","post","type-post","status-publish","format-standard","has-post-thumbnail","hentry","category-destacadas"],"acf":[],"_links":{"self":[{"href":"https:\/\/vocesparalelas.com.ar\/sitio\/wp-json\/wp\/v2\/posts\/52349","targetHints":{"allow":["GET"]}}],"collection":[{"href":"https:\/\/vocesparalelas.com.ar\/sitio\/wp-json\/wp\/v2\/posts"}],"about":[{"href":"https:\/\/vocesparalelas.com.ar\/sitio\/wp-json\/wp\/v2\/types\/post"}],"author":[{"embeddable":true,"href":"https:\/\/vocesparalelas.com.ar\/sitio\/wp-json\/wp\/v2\/users\/3"}],"replies":[{"embeddable":true,"href":"https:\/\/vocesparalelas.com.ar\/sitio\/wp-json\/wp\/v2\/comments?post=52349"}],"version-history":[{"count":1,"href":"https:\/\/vocesparalelas.com.ar\/sitio\/wp-json\/wp\/v2\/posts\/52349\/revisions"}],"predecessor-version":[{"id":52353,"href":"https:\/\/vocesparalelas.com.ar\/sitio\/wp-json\/wp\/v2\/posts\/52349\/revisions\/52353"}],"wp:featuredmedia":[{"embeddable":true,"href":"https:\/\/vocesparalelas.com.ar\/sitio\/wp-json\/wp\/v2\/media\/52351"}],"wp:attachment":[{"href":"https:\/\/vocesparalelas.com.ar\/sitio\/wp-json\/wp\/v2\/media?parent=52349"}],"wp:term":[{"taxonomy":"category","embeddable":true,"href":"https:\/\/vocesparalelas.com.ar\/sitio\/wp-json\/wp\/v2\/categories?post=52349"},{"taxonomy":"post_tag","embeddable":true,"href":"https:\/\/vocesparalelas.com.ar\/sitio\/wp-json\/wp\/v2\/tags?post=52349"}],"curies":[{"name":"wp","href":"https:\/\/api.w.org\/{rel}","templated":true}]}}