{"id":52332,"date":"2022-09-07T22:13:36","date_gmt":"2022-09-08T01:13:36","guid":{"rendered":"https:\/\/vocesparalelas.com.ar\/sitio\/?p=52332"},"modified":"2022-09-07T22:17:41","modified_gmt":"2022-09-08T01:17:41","slug":"triunfo-la-lista-celeste-violeta-nacional-de-ctera","status":"publish","type":"post","link":"https:\/\/vocesparalelas.com.ar\/sitio\/triunfo-la-lista-celeste-violeta-nacional-de-ctera\/","title":{"rendered":"Triunf\u00f3 la Lista Celeste Violeta Nacional de CTERA"},"content":{"rendered":"<p>El Mi\u00e9rcoles, 07 de Septiembre de 2022, se realizaron las elecciones generales de CTERA, para elegir la nueva conducci\u00f3n.<\/p>\n<p>Escrutadas el 80 % de las mesas de todo el pa\u00eds, los docentes ratificaron la Lista Celeste Violeta Nacional que preside Sonia Alesso y Roberto Baradel por m\u00e1s del 76 % de los votos.<\/p>\n<p>La masiva elecci\u00f3n se realiz\u00f3 con total normalidad y el acto eleccionario se desarroll\u00f3, de 8 a 18 hs y se vot\u00f3 en 4340 mesas.<\/p>\n<p>Este triunfo de la Lista Celesta Violeta Nacional es fruto de la resistencia y lucha que la organizaci\u00f3n llev\u00f3 adelante a lo largo de su historia.<\/p>\n<p>Desde CTERA nos comprometemos a:<\/p>\n<ul>\n<li>Seguir luchando por la Escuela P\u00fablica y m\u00e1s Presupuesto Educativo.<\/li>\n<li>Defender la Paritaria Nacional Docente.<\/li>\n<li>Continuar peleando por salarios dignos.<\/li>\n<li>Seguir exigiendo una Formaci\u00f3n Docente permanente, en ejercicio y gratuita.<\/li>\n<li>Continuar defendiendo a nuestros jubilados.<\/li>\n<li>Seguir reclamando condiciones dignas para ense\u00f1ar y aprender: Por escuelas seguras.<\/li>\n<li>A seguir exigiendo Justicia Completa para nuestro compa\u00f1ero Carlos Fuentealba.<\/li>\n<li>Continuar levantando las banderas de Memoria, Verdad y Justicia.<\/li>\n<\/ul>\n<p>&nbsp;<\/p>\n<p style=\"text-align: right;\">Buenos Aires, Mi\u00e9rcoles, 7 de Septiembre de 2022<br \/>\nSonia Alesso<br \/>\nSecretaria General<br \/>\nRoberto Baradel<br \/>\nSecretario General Adjunto<\/p>\n<p>Publicado el Mi\u00e9rcoles, 7 de Septiembre de 2022<\/p>\n","protected":false},"excerpt":{"rendered":"<p>El Mi\u00e9rcoles, 07 de Septiembre de 2022, se realizaron las elecciones generales de CTERA, para elegir la nueva conducci\u00f3n. Escrutadas<\/p>\n","protected":false},"author":3,"featured_media":52338,"comment_status":"closed","ping_status":"closed","sticky":false,"template":"","format":"standard","meta":{"_acf_changed":false,"_seopress_robots_primary_cat":"none","_seopress_titles_title":"","_seopress_titles_desc":"","_seopress_robots_index":"","colormag_page_container_layout":"default_layout","colormag_page_sidebar_layout":"default_layout","footnotes":""},"categories":[1],"tags":[],"class_list":["post-52332","post","type-post","status-publish","format-standard","has-post-thumbnail","hentry","category-destacadas"],"acf":[],"_links":{"self":[{"href":"https:\/\/vocesparalelas.com.ar\/sitio\/wp-json\/wp\/v2\/posts\/52332","targetHints":{"allow":["GET"]}}],"collection":[{"href":"https:\/\/vocesparalelas.com.ar\/sitio\/wp-json\/wp\/v2\/posts"}],"about":[{"href":"https:\/\/vocesparalelas.com.ar\/sitio\/wp-json\/wp\/v2\/types\/post"}],"author":[{"embeddable":true,"href":"https:\/\/vocesparalelas.com.ar\/sitio\/wp-json\/wp\/v2\/users\/3"}],"replies":[{"embeddable":true,"href":"https:\/\/vocesparalelas.com.ar\/sitio\/wp-json\/wp\/v2\/comments?post=52332"}],"version-history":[{"count":2,"href":"https:\/\/vocesparalelas.com.ar\/sitio\/wp-json\/wp\/v2\/posts\/52332\/revisions"}],"predecessor-version":[{"id":52337,"href":"https:\/\/vocesparalelas.com.ar\/sitio\/wp-json\/wp\/v2\/posts\/52332\/revisions\/52337"}],"wp:featuredmedia":[{"embeddable":true,"href":"https:\/\/vocesparalelas.com.ar\/sitio\/wp-json\/wp\/v2\/media\/52338"}],"wp:attachment":[{"href":"https:\/\/vocesparalelas.com.ar\/sitio\/wp-json\/wp\/v2\/media?parent=52332"}],"wp:term":[{"taxonomy":"category","embeddable":true,"href":"https:\/\/vocesparalelas.com.ar\/sitio\/wp-json\/wp\/v2\/categories?post=52332"},{"taxonomy":"post_tag","embeddable":true,"href":"https:\/\/vocesparalelas.com.ar\/sitio\/wp-json\/wp\/v2\/tags?post=52332"}],"curies":[{"name":"wp","href":"https:\/\/api.w.org\/{rel}","templated":true}]}}