{"id":52279,"date":"2022-09-06T22:49:24","date_gmt":"2022-09-07T01:49:24","guid":{"rendered":"https:\/\/vocesparalelas.com.ar\/sitio\/?p=52279"},"modified":"2022-09-07T14:00:23","modified_gmt":"2022-09-07T17:00:23","slug":"se-entregaron-los-certificados-de-la-escuela-de-oficios-de-la-faud-de-la-unsj","status":"publish","type":"post","link":"https:\/\/vocesparalelas.com.ar\/sitio\/se-entregaron-los-certificados-de-la-escuela-de-oficios-de-la-faud-de-la-unsj\/","title":{"rendered":"Se entregaron los certificados de la Escuela de Oficios de la FAUD de la UNSJ"},"content":{"rendered":"<p>El Lunes, 5 de Agosto de 2022, la Facultad de Arquitectura, Urbanismo y Dise\u00f1o de la Universidad Nacional de San Juan entreg\u00f3 los 64 certificados de la Escuela de Oficios.<\/p>\n<p>de la . Las destinatarias fueron 64 personas oriundas de los departamentos a los que se orient\u00f3 el dictado de estos cursos.<\/p>\n<p>En el primer semestre se impartieron cuatro cursos, dos de ellos en departamentos alejados.<\/p>\n<ul>\n<li>De Oficial Armador en el Departamento Caucete<\/li>\n<li>Oficial Yesero en el Departamento Iglesia.<\/li>\n<\/ul>\n<p>En el Complejo Universitario Islas Malvinas se dictaron dos cursos<\/p>\n<ul>\n<li>T\u00e9cnico en Serigraf\u00eda y otro de T\u00e9cnico en Maquetaci\u00f3n Anal\u00f3gica. Estos pertenecen a un taller de experimentaci\u00f3n constructiva, que se relaciona con el oficio de la arquitectura, dentro de las tres carreras: Arquitectura, Dise\u00f1o Gr\u00e1fico y Dise\u00f1o Industrial.<\/li>\n<\/ul>\n<p>En el acto de entrega estuvieron presentes el rector de la Universidad Nacional de San Juan, Ing. Tadeo Berenguer, el decano de Arquitectura Urbanismo y Dise\u00f1o, Ing. Guillermo Velazco, y su vicedecana Natalia Sevilla P\u00f3sleman.<\/p>\n<p>Por los municipios estuvieron los intendentes de las Municipalidades de<\/p>\n<ul>\n<li>Caucete, Lic. Romina Rosas;<\/li>\n<li>Iglesia, Dr. Jorge Espejo;<\/li>\n<li>Chimbas, Fabian Gramajo;<\/li>\n<li>Pocito Armando S\u00e1nchez;<\/li>\n<li>25 de Mayo, Dr. Juan Carlos Quiroga Moyano<\/li>\n<li>Santa Luc\u00eda, el presidente del Consejo Deliberante Luis Est\u00e9vez.<\/li>\n<\/ul>\n<p>Esta Capacitaci\u00f3n profesional se dict\u00f3 en el marco del Programa Nacional de Escuela de Educaci\u00f3n Profesional financiado por el Gobierno Nacional.<\/p>\n<p>En la previa, Voces Paralelas entrevist\u00f3 al decano de la FAUD de la UNSJ, Arq. Guillermo Velazco, quien remarc\u00f3 la importancia de formar a la gente que no puede acceder a estudios superiores, con oficios y tecnicaturas, con el objetivo de proveerles, las herramientas que les permita ascender dentro de su ejercicio de los oficios\u201d.<\/p>\n<p><iframe loading=\"lazy\" title=\"FAUD UNSJ DECANO ARQ. GUILLERMO VELASCO\" width=\"800\" height=\"450\" src=\"https:\/\/www.youtube.com\/embed\/M0OGwI0nbug?feature=oembed\" frameborder=\"0\" allow=\"accelerometer; autoplay; clipboard-write; encrypted-media; gyroscope; picture-in-picture\" allowfullscreen><\/iframe><\/p>\n<p>Posteriormente, al Rector de la UNSJ, Ing. Tadeo Berenguer, quien destac\u00f3 que la Universidad Nacional de San Juan sigue apostando a la transferencia de conocimiento a la sociedad.<\/p>\n<p><iframe loading=\"lazy\" title=\"FAUD UNSJ RECTOR ING TADEO BERENGUER\" width=\"800\" height=\"450\" src=\"https:\/\/www.youtube.com\/embed\/9kuc4jMcT3o?feature=oembed\" frameborder=\"0\" allow=\"accelerometer; autoplay; clipboard-write; encrypted-media; gyroscope; picture-in-picture\" allowfullscreen><\/iframe><\/p>\n<p>&nbsp;<\/p>\n<p>Por su parte, la intendente de la Municipalidad de Caucete, Lic. Romina Rosa, en representaci\u00f3n de sus pares, subray\u00f3 que \u00abagradecemos por el esfuerzo, dedicaci\u00f3n de tiempo, conocimiento y voluntad que la facultad desarrolla porque la educaci\u00f3n es el \u00fanico pilar que transforma realidades, hace que la sociedad sea m\u00e1s justa, y m\u00e1s equitativa para todos\u201d.<\/p>\n<p>Posteriormente, las autoridades realizaron la entrega de los certificados<\/p>\n<p><img loading=\"lazy\" decoding=\"async\" class=\"alignnone size-full wp-image-52307\" src=\"https:\/\/vocesparalelas.com.ar\/sitio\/wp-content\/uploads\/2022\/09\/FAUD-OFICIO-06.jpg\" alt=\"\" width=\"800\" height=\"450\" srcset=\"https:\/\/vocesparalelas.com.ar\/sitio\/wp-content\/uploads\/2022\/09\/FAUD-OFICIO-06.jpg 800w, https:\/\/vocesparalelas.com.ar\/sitio\/wp-content\/uploads\/2022\/09\/FAUD-OFICIO-06-300x169.jpg 300w, https:\/\/vocesparalelas.com.ar\/sitio\/wp-content\/uploads\/2022\/09\/FAUD-OFICIO-06-768x432.jpg 768w\" sizes=\"auto, (max-width: 800px) 100vw, 800px\" \/><\/p>\n<p>&nbsp;<\/p>\n<p><img loading=\"lazy\" decoding=\"async\" class=\"alignnone size-full wp-image-43789\" src=\"https:\/\/vocesparalelas.com.ar\/sitio\/wp-content\/uploads\/2021\/11\/FAUD-LOGO-NUEVO.jpg\" alt=\"\" width=\"800\" height=\"533\" srcset=\"https:\/\/vocesparalelas.com.ar\/sitio\/wp-content\/uploads\/2021\/11\/FAUD-LOGO-NUEVO.jpg 800w, https:\/\/vocesparalelas.com.ar\/sitio\/wp-content\/uploads\/2021\/11\/FAUD-LOGO-NUEVO-300x200.jpg 300w, https:\/\/vocesparalelas.com.ar\/sitio\/wp-content\/uploads\/2021\/11\/FAUD-LOGO-NUEVO-768x512.jpg 768w\" sizes=\"auto, (max-width: 800px) 100vw, 800px\" \/><\/p>\n<p>&nbsp;<\/p>\n<p>Publicado el Martes, 06 de Septiembre de 2022<\/p>\n","protected":false},"excerpt":{"rendered":"<p>El Lunes, 5 de Agosto de 2022, la Facultad de Arquitectura, Urbanismo y Dise\u00f1o de la Universidad Nacional de San<\/p>\n","protected":false},"author":3,"featured_media":52281,"comment_status":"closed","ping_status":"closed","sticky":false,"template":"","format":"video","meta":{"_acf_changed":false,"_seopress_robots_primary_cat":"none","_seopress_titles_title":"","_seopress_titles_desc":"","_seopress_robots_index":"","colormag_page_container_layout":"default_layout","colormag_page_sidebar_layout":"default_layout","footnotes":""},"categories":[1,7],"tags":[],"class_list":["post-52279","post","type-post","status-publish","format-video","has-post-thumbnail","hentry","category-destacadas","category-videos","post_format-post-format-video"],"acf":[],"_links":{"self":[{"href":"https:\/\/vocesparalelas.com.ar\/sitio\/wp-json\/wp\/v2\/posts\/52279","targetHints":{"allow":["GET"]}}],"collection":[{"href":"https:\/\/vocesparalelas.com.ar\/sitio\/wp-json\/wp\/v2\/posts"}],"about":[{"href":"https:\/\/vocesparalelas.com.ar\/sitio\/wp-json\/wp\/v2\/types\/post"}],"author":[{"embeddable":true,"href":"https:\/\/vocesparalelas.com.ar\/sitio\/wp-json\/wp\/v2\/users\/3"}],"replies":[{"embeddable":true,"href":"https:\/\/vocesparalelas.com.ar\/sitio\/wp-json\/wp\/v2\/comments?post=52279"}],"version-history":[{"count":4,"href":"https:\/\/vocesparalelas.com.ar\/sitio\/wp-json\/wp\/v2\/posts\/52279\/revisions"}],"predecessor-version":[{"id":52308,"href":"https:\/\/vocesparalelas.com.ar\/sitio\/wp-json\/wp\/v2\/posts\/52279\/revisions\/52308"}],"wp:featuredmedia":[{"embeddable":true,"href":"https:\/\/vocesparalelas.com.ar\/sitio\/wp-json\/wp\/v2\/media\/52281"}],"wp:attachment":[{"href":"https:\/\/vocesparalelas.com.ar\/sitio\/wp-json\/wp\/v2\/media?parent=52279"}],"wp:term":[{"taxonomy":"category","embeddable":true,"href":"https:\/\/vocesparalelas.com.ar\/sitio\/wp-json\/wp\/v2\/categories?post=52279"},{"taxonomy":"post_tag","embeddable":true,"href":"https:\/\/vocesparalelas.com.ar\/sitio\/wp-json\/wp\/v2\/tags?post=52279"}],"curies":[{"name":"wp","href":"https:\/\/api.w.org\/{rel}","templated":true}]}}