{"id":52247,"date":"2022-09-05T23:57:16","date_gmt":"2022-09-06T02:57:16","guid":{"rendered":"https:\/\/vocesparalelas.com.ar\/sitio\/?p=52247"},"modified":"2022-09-07T00:26:53","modified_gmt":"2022-09-07T03:26:53","slug":"la-nueva-educacion-de-la-escuela-del-saber-a-la-escuela-del-ser-con-la-prof-laura-lewin-en-san-juan","status":"publish","type":"post","link":"https:\/\/vocesparalelas.com.ar\/sitio\/la-nueva-educacion-de-la-escuela-del-saber-a-la-escuela-del-ser-con-la-prof-laura-lewin-en-san-juan\/","title":{"rendered":"\u00abLa Nueva Educaci\u00f3n: De la escuela del Saber a la escuela del Ser\u201d con la Prof. Laura Lewin en San Juan"},"content":{"rendered":"<p>La Fundaci\u00f3n del Banco San Juan convoc\u00f3 a directivos, docentes y estudiantes de formaci\u00f3n docente y\/o universidades de la Provincia, a participar de los Talleres \u201cEvaluaci\u00f3n Formativa\u201d y \u201cEl Aula Afectiva\u201d a cargo de la especialista en Educaci\u00f3n Laura Lewin.<\/p>\n<p>Los talleres \u201cEvaluaci\u00f3n Formativa\u201d y \u201cEl Aula Afectiva\u201d est\u00e1n basados en el libro publicado por la Prof. Lewin \u201cLa nueva educaci\u00f3n\u201d, Editorial Santillana, en el cual la autora aporta ideas transformadoras y recursos que permiten repensar los desaf\u00edos de la educaci\u00f3n de este siglo, y hacer posible un nuevo escenario para los estudiantes; y aborda temas como las aulas, el rol del docente, los aspectos cognitivos y emocionales, los contenidos, las estrategias de aprendizaje, la evaluaci\u00f3n, entre otros.<\/p>\n<p>Laura Lewin es consultora de instituciones educativas de Argentina y del exterior. Ha dictado talleres de capacitaci\u00f3n en Latinoam\u00e9rica, Am\u00e9rica Central y el Caribe, Estados Unidos y Europa. Es oradora TEDx y columnista en temas de educaci\u00f3n para la radio de la CNN, y para Infobae, entre otros medios, y es autora de m\u00e1s de diez libros de educaci\u00f3n para docentes y directivos de instituciones educativas.<\/p>\n<p>Los talleres est\u00e1n organizados por Fundaciones Grupo Petersen en el marco de sus programas de Educaci\u00f3n, y tienen por objetivo seguir brindando herramientas para el fortalecimiento de la educaci\u00f3n en las provincias de San Juan, Santa Fe, Entre R\u00edos y Santa Cruz. El ciclo incluir\u00e1 tambi\u00e9n otros dos encuentros \u201cQue ense\u00f1es no significa que aprendan\u201d, y \u201cLas sillas no son para sentarse, son para pensar\u201d a realizarse en la provincia de Entre R\u00edos, tambi\u00e9n con transmisi\u00f3n en Vivo por YouTube.<\/p>\n<p>La actividad cuenta con Aval Ministerial mediante Resoluci\u00f3n N\u00b0 5958-ME- 24\/8\/2022.<\/p>\n<p><img loading=\"lazy\" decoding=\"async\" class=\"alignnone size-full wp-image-52250\" src=\"https:\/\/vocesparalelas.com.ar\/sitio\/wp-content\/uploads\/2022\/09\/FBSJ-LAURA-LEWIN-02.jpg\" alt=\"\" width=\"800\" height=\"533\" srcset=\"https:\/\/vocesparalelas.com.ar\/sitio\/wp-content\/uploads\/2022\/09\/FBSJ-LAURA-LEWIN-02.jpg 800w, https:\/\/vocesparalelas.com.ar\/sitio\/wp-content\/uploads\/2022\/09\/FBSJ-LAURA-LEWIN-02-300x200.jpg 300w, https:\/\/vocesparalelas.com.ar\/sitio\/wp-content\/uploads\/2022\/09\/FBSJ-LAURA-LEWIN-02-768x512.jpg 768w\" sizes=\"auto, (max-width: 800px) 100vw, 800px\" \/><\/p>\n<p>Por ello, Voces Paralelas entrevist\u00f3 a la Secretaria Ejecutiva de la Fundaci\u00f3n del Banco San Juan, Prof. Laura Adamoli, quien destac\u00f3 que la propuesta fue muy atractiva y la convocatoria fue muy bien recibida por los docentes de San Juan.<\/p>\n<p><iframe loading=\"lazy\" title=\"FBSJ PROF LAURA ADAMOLI\" width=\"800\" height=\"450\" src=\"https:\/\/www.youtube.com\/embed\/jrUJXkznrXE?feature=oembed\" frameborder=\"0\" allow=\"accelerometer; autoplay; clipboard-write; encrypted-media; gyroscope; picture-in-picture\" allowfullscreen><\/iframe><\/p>\n<p>El taller fue muy divertido con la gran presencia de la Prof. Laura Lewin, quien invit\u00f3 a los presentes a abrazarse como expresi\u00f3n de contenci\u00f3n igual lo que necesitan los alumnos de la escuela hoy. Adem\u00e1s, se sortearon libros de su autor\u00eda, donde firm\u00f3 aut\u00f3grafos, pos\u00f3 para fotos y hasta recibi\u00f3 aplausos por lo aportes a la educaci\u00f3n de San Juan, en esta instancia.<\/p>\n<p><iframe loading=\"lazy\" title=\"FBSJ PROF LAURA LEWIN\" width=\"800\" height=\"450\" src=\"https:\/\/www.youtube.com\/embed\/vux1yMgIIXo?feature=oembed\" frameborder=\"0\" allow=\"accelerometer; autoplay; clipboard-write; encrypted-media; gyroscope; picture-in-picture\" allowfullscreen><\/iframe><\/p>\n<p>Voces Paralelas tuvo la posibilidad de entrevistarla y mucho por conocer pero con muchas ganas que la comunidad cambie su mirada para que la escuela se transforme en un espacio que capte el inter\u00e9s de los alumnos para que finalice sus estudios.<\/p>\n<figure id=\"attachment_52251\" aria-describedby=\"caption-attachment-52251\" style=\"width: 800px\" class=\"wp-caption alignnone\"><img loading=\"lazy\" decoding=\"async\" class=\"size-full wp-image-52251\" src=\"https:\/\/vocesparalelas.com.ar\/sitio\/wp-content\/uploads\/2022\/09\/FBSJ-LAURA-LEWIN-03.jpg\" alt=\"\" width=\"800\" height=\"533\" srcset=\"https:\/\/vocesparalelas.com.ar\/sitio\/wp-content\/uploads\/2022\/09\/FBSJ-LAURA-LEWIN-03.jpg 800w, https:\/\/vocesparalelas.com.ar\/sitio\/wp-content\/uploads\/2022\/09\/FBSJ-LAURA-LEWIN-03-300x200.jpg 300w, https:\/\/vocesparalelas.com.ar\/sitio\/wp-content\/uploads\/2022\/09\/FBSJ-LAURA-LEWIN-03-768x512.jpg 768w\" sizes=\"auto, (max-width: 800px) 100vw, 800px\" \/><figcaption id=\"caption-attachment-52251\" class=\"wp-caption-text\">Prof. Laura Lewin<\/figcaption><\/figure>\n<p>&nbsp;<\/p>\n<p><iframe loading=\"lazy\" title=\"FBSJ PROF LAURA LEWIN\" width=\"800\" height=\"450\" src=\"https:\/\/www.youtube.com\/embed\/OFSDGXXCkyk?feature=oembed\" frameborder=\"0\" allow=\"accelerometer; autoplay; clipboard-write; encrypted-media; gyroscope; picture-in-picture\" allowfullscreen><\/iframe><\/p>\n<p><img loading=\"lazy\" decoding=\"async\" class=\"alignnone size-full wp-image-52252\" src=\"https:\/\/vocesparalelas.com.ar\/sitio\/wp-content\/uploads\/2022\/09\/FBSJ-LAURA-LEWIN-04.jpg\" alt=\"\" width=\"800\" height=\"533\" srcset=\"https:\/\/vocesparalelas.com.ar\/sitio\/wp-content\/uploads\/2022\/09\/FBSJ-LAURA-LEWIN-04.jpg 800w, https:\/\/vocesparalelas.com.ar\/sitio\/wp-content\/uploads\/2022\/09\/FBSJ-LAURA-LEWIN-04-300x200.jpg 300w, https:\/\/vocesparalelas.com.ar\/sitio\/wp-content\/uploads\/2022\/09\/FBSJ-LAURA-LEWIN-04-768x512.jpg 768w\" sizes=\"auto, (max-width: 800px) 100vw, 800px\" \/><\/p>\n<p>Publicado el Lunes, 05 de Septiembre de 2022<\/p>\n","protected":false},"excerpt":{"rendered":"<p>La Fundaci\u00f3n del Banco San Juan convoc\u00f3 a directivos, docentes y estudiantes de formaci\u00f3n docente y\/o universidades de la Provincia,<\/p>\n","protected":false},"author":3,"featured_media":52249,"comment_status":"closed","ping_status":"closed","sticky":false,"template":"","format":"video","meta":{"_acf_changed":false,"_seopress_robots_primary_cat":"none","_seopress_titles_title":"","_seopress_titles_desc":"","_seopress_robots_index":"","colormag_page_container_layout":"default_layout","colormag_page_sidebar_layout":"default_layout","footnotes":""},"categories":[10,7],"tags":[],"class_list":["post-52247","post","type-post","status-publish","format-video","has-post-thumbnail","hentry","category-opiniones","category-videos","post_format-post-format-video"],"acf":[],"_links":{"self":[{"href":"https:\/\/vocesparalelas.com.ar\/sitio\/wp-json\/wp\/v2\/posts\/52247","targetHints":{"allow":["GET"]}}],"collection":[{"href":"https:\/\/vocesparalelas.com.ar\/sitio\/wp-json\/wp\/v2\/posts"}],"about":[{"href":"https:\/\/vocesparalelas.com.ar\/sitio\/wp-json\/wp\/v2\/types\/post"}],"author":[{"embeddable":true,"href":"https:\/\/vocesparalelas.com.ar\/sitio\/wp-json\/wp\/v2\/users\/3"}],"replies":[{"embeddable":true,"href":"https:\/\/vocesparalelas.com.ar\/sitio\/wp-json\/wp\/v2\/comments?post=52247"}],"version-history":[{"count":1,"href":"https:\/\/vocesparalelas.com.ar\/sitio\/wp-json\/wp\/v2\/posts\/52247\/revisions"}],"predecessor-version":[{"id":52253,"href":"https:\/\/vocesparalelas.com.ar\/sitio\/wp-json\/wp\/v2\/posts\/52247\/revisions\/52253"}],"wp:featuredmedia":[{"embeddable":true,"href":"https:\/\/vocesparalelas.com.ar\/sitio\/wp-json\/wp\/v2\/media\/52249"}],"wp:attachment":[{"href":"https:\/\/vocesparalelas.com.ar\/sitio\/wp-json\/wp\/v2\/media?parent=52247"}],"wp:term":[{"taxonomy":"category","embeddable":true,"href":"https:\/\/vocesparalelas.com.ar\/sitio\/wp-json\/wp\/v2\/categories?post=52247"},{"taxonomy":"post_tag","embeddable":true,"href":"https:\/\/vocesparalelas.com.ar\/sitio\/wp-json\/wp\/v2\/tags?post=52247"}],"curies":[{"name":"wp","href":"https:\/\/api.w.org\/{rel}","templated":true}]}}