{"id":52240,"date":"2022-09-05T23:22:41","date_gmt":"2022-09-06T02:22:41","guid":{"rendered":"https:\/\/vocesparalelas.com.ar\/sitio\/?p=52240"},"modified":"2022-09-06T01:22:58","modified_gmt":"2022-09-06T04:22:58","slug":"la-unsj-se-suma-a-la-campana-mujeres-sanas-para-la-prevencion-del-cancer-de-mama","status":"publish","type":"post","link":"https:\/\/vocesparalelas.com.ar\/sitio\/la-unsj-se-suma-a-la-campana-mujeres-sanas-para-la-prevencion-del-cancer-de-mama\/","title":{"rendered":"La UNSJ se suma a la campa\u00f1a \u201cMujeres + Sanas\u201d para la prevenci\u00f3n del c\u00e1ncer de Mama"},"content":{"rendered":"<p>En la previa al lanzamiento de la campa\u00f1a \u201cMujeres + Sanas\u201d el Rector de la Universidad Nacional de San Juan, Ing. Tadeo Berenguer y la Vicerrectora, Dra. Anal\u00eda Ponce, cuya presencia<\/p>\n<p><iframe loading=\"lazy\" title=\"UNSJ ING TADEO BERENGUER DRA ANALIA PONCE\" width=\"800\" height=\"450\" src=\"https:\/\/www.youtube.com\/embed\/M_CTxrPzS8w?feature=oembed\" frameborder=\"0\" allow=\"accelerometer; autoplay; clipboard-write; encrypted-media; gyroscope; picture-in-picture\" allowfullscreen><\/iframe><\/p>\n<p><img loading=\"lazy\" decoding=\"async\" class=\"alignnone size-full wp-image-52219\" src=\"https:\/\/vocesparalelas.com.ar\/sitio\/wp-content\/uploads\/2022\/09\/MUJERESSANAS-02.jpg\" alt=\"\" width=\"800\" height=\"533\" srcset=\"https:\/\/vocesparalelas.com.ar\/sitio\/wp-content\/uploads\/2022\/09\/MUJERESSANAS-02.jpg 800w, https:\/\/vocesparalelas.com.ar\/sitio\/wp-content\/uploads\/2022\/09\/MUJERESSANAS-02-300x200.jpg 300w, https:\/\/vocesparalelas.com.ar\/sitio\/wp-content\/uploads\/2022\/09\/MUJERESSANAS-02-768x512.jpg 768w\" sizes=\"auto, (max-width: 800px) 100vw, 800px\" \/><\/p>\n<p>Publicado el Lunes, 05 de Septiembre de 2022<\/p>\n","protected":false},"excerpt":{"rendered":"<p>En la previa al lanzamiento de la campa\u00f1a \u201cMujeres + Sanas\u201d el Rector de la Universidad Nacional de San Juan,<\/p>\n","protected":false},"author":3,"featured_media":52242,"comment_status":"closed","ping_status":"closed","sticky":false,"template":"","format":"video","meta":{"_acf_changed":false,"_seopress_robots_primary_cat":"none","_seopress_titles_title":"","_seopress_titles_desc":"","_seopress_robots_index":"","colormag_page_container_layout":"default_layout","colormag_page_sidebar_layout":"default_layout","footnotes":""},"categories":[1,7],"tags":[],"class_list":["post-52240","post","type-post","status-publish","format-video","has-post-thumbnail","hentry","category-destacadas","category-videos","post_format-post-format-video"],"acf":[],"_links":{"self":[{"href":"https:\/\/vocesparalelas.com.ar\/sitio\/wp-json\/wp\/v2\/posts\/52240","targetHints":{"allow":["GET"]}}],"collection":[{"href":"https:\/\/vocesparalelas.com.ar\/sitio\/wp-json\/wp\/v2\/posts"}],"about":[{"href":"https:\/\/vocesparalelas.com.ar\/sitio\/wp-json\/wp\/v2\/types\/post"}],"author":[{"embeddable":true,"href":"https:\/\/vocesparalelas.com.ar\/sitio\/wp-json\/wp\/v2\/users\/3"}],"replies":[{"embeddable":true,"href":"https:\/\/vocesparalelas.com.ar\/sitio\/wp-json\/wp\/v2\/comments?post=52240"}],"version-history":[{"count":1,"href":"https:\/\/vocesparalelas.com.ar\/sitio\/wp-json\/wp\/v2\/posts\/52240\/revisions"}],"predecessor-version":[{"id":52243,"href":"https:\/\/vocesparalelas.com.ar\/sitio\/wp-json\/wp\/v2\/posts\/52240\/revisions\/52243"}],"wp:featuredmedia":[{"embeddable":true,"href":"https:\/\/vocesparalelas.com.ar\/sitio\/wp-json\/wp\/v2\/media\/52242"}],"wp:attachment":[{"href":"https:\/\/vocesparalelas.com.ar\/sitio\/wp-json\/wp\/v2\/media?parent=52240"}],"wp:term":[{"taxonomy":"category","embeddable":true,"href":"https:\/\/vocesparalelas.com.ar\/sitio\/wp-json\/wp\/v2\/categories?post=52240"},{"taxonomy":"post_tag","embeddable":true,"href":"https:\/\/vocesparalelas.com.ar\/sitio\/wp-json\/wp\/v2\/tags?post=52240"}],"curies":[{"name":"wp","href":"https:\/\/api.w.org\/{rel}","templated":true}]}}