{"id":52231,"date":"2022-09-05T22:52:07","date_gmt":"2022-09-06T01:52:07","guid":{"rendered":"https:\/\/vocesparalelas.com.ar\/sitio\/?p=52231"},"modified":"2022-09-06T23:59:14","modified_gmt":"2022-09-07T02:59:14","slug":"como-funcionan-los-dispositivos-para-detectar-cancer-de-mama-y-sumate-a-la-campana-mujeres-sanas-de-san-juan","status":"publish","type":"post","link":"https:\/\/vocesparalelas.com.ar\/sitio\/como-funcionan-los-dispositivos-para-detectar-cancer-de-mama-y-sumate-a-la-campana-mujeres-sanas-de-san-juan\/","title":{"rendered":"\u00bfC\u00f3mo funcionan los dispositivos para detectar c\u00e1ncer de mama? y sumate a la campa\u00f1a \u201cMujeres + Sanas\u201d de San Juan"},"content":{"rendered":"<div class=\"itemFullText\">\n<p>La campa\u00f1a \u201cMujeres + Sanas\u201d, mediante la cual San Juan se convirti\u00f3 en la primera provincia argentina en el uso de tecnolog\u00eda de punta para la detecci\u00f3n temprana del c\u00e1ncer de mama, de forma gratuita y masiva, a trav\u00e9s de los circuitos de Salud P\u00fablica.<\/p>\n<p>En ese marco, primeramente, la jefa de Perinatolog\u00eda y Salud de la Mujer, Dra. Carmen Rojo, introdujo a la informaci\u00f3n sobre el dispositivo de manera pr\u00e1ctica y sencilla. M\u00e1s tarde la directora de Materno Infancia, Dra. Sandra Merino, brind\u00f3 m\u00e1s especificidades sobre el m\u00e9todo para detectar anomal\u00edas y la intervenci\u00f3n del sistema de salud.<\/p>\n<p>La Dra. Rojo explic\u00f3 que \u00abson dispositivos autoadhesivos que complementan el estudio de salud. Es seguro, se coloca de forma r\u00e1pida, es accesible y no produce dolor. Por un lado se encuentra el dispositivo que junto a una aplicaci\u00f3n telef\u00f3nica va a permitir determinar el riesgo real de cada paciente. Determinar\u00e1 qu\u00e9 pacientes deben ir m\u00e1s precozmente a sus estudios complementarios como la mamograf\u00eda\u201d.<\/p>\n<p>\u201cNuestra misi\u00f3n es lograr captar la mayor cantidad de pacientes, que puedan determinarse luego con estudios complementarios como mamograf\u00eda o ecograf\u00eda, su diagn\u00f3stico, su tratamiento, en forma protocolizada y de all\u00ed lograr la salud para todas las mujeres. Es un dispositivo seguro, siendo un dispositivo clase 1, la clase m\u00e1s segura que otorgan las agencias regulatorias como FDA y ANMAT\u201d.<\/p>\n<p>\u201cEl dispositivo se coloca de una manera f\u00e1cil durante 15 minutos y lo que se detecta es la variaci\u00f3n de temperaturas entre ambos senos, permitiendo una lectura r\u00e1pida y brindando la posibilidad de determinar cu\u00e1l es el riesgo personal, colocar a las pacientes en cuatro niveles que ser\u00edan: las que est\u00e1n con diagn\u00f3stico significativo o no significativo\u201d.<\/p>\n<p>\u201cLas diferencias de las temperaturas marcan que cambie la coloraci\u00f3n de un color azul a un color rojo. As\u00ed se detecta f\u00e1cilmente la diferencia de temperatura en ambas mamas. El profesional m\u00e9dico retira la capa protectora del dispositivo; se aplican los parches firmemente sobre las mamas, asegurando que no queden pliegues o arrugas; se coloca el corpi\u00f1o sobre el dispositivo; se espera c\u00f3modamente por 15 minutos; se retiran los dispositivos y el profesional comunicar\u00e1 los resultados y los pasos a seguir, previamente se deben haber analizado los factores de riesgo\u201d.<\/p>\n<p>\u00abCon respecto a los factores de riesgo hay que tener en cuenta: evaluaci\u00f3n del riesgo; factores gen\u00e9ticos; antecedentes familiares y personales; factores hormonales y reproductivos; edad; exposici\u00f3n a la radiaci\u00f3n ionizante; sobrepeso y obesidad, alcohol y tabaco\u201d.<\/p>\n<p>\u201cEsta calculadora infiere un resultado inmediato, dando a una paciente su riesgo inmediato de c\u00e1ncer. Y eso implica tambi\u00e9n tomar conciencia sobre los factores de riesgo personales\u201d.<\/p>\n<p>Finalmente la especialista destac\u00f3 que \u201csi bien es el m\u00e9dico el que coloca el parche, el sistema que acompa\u00f1a es fundamental, esto es, Enfermer\u00eda, Psicolog\u00eda, Trabajo Social, Promoci\u00f3n de la Salud, Agentes sanitarios y administrativos\u201d.<\/p>\n<p>Por su parte, la Dra. Sandra Merino expuso que \u00abahora vamos a explicar la\u00a0Elevaci\u00f3n de temperatura como indicador de riesgo. Un tumor, cualquier tumor, para que pueda crecer tiene que estar rodeado de capilares, es decir, rodeado de flujo sangu\u00edneo, nuevos vasos que se van formando. Estos nuevos vasos, hacen que aumente la temperatura porque hay m\u00e1s sangre, pero ese aumento es a nivel local\u201d.<\/p>\n<p>\u201cUna vez que tenemos ese aumento de temperatura local, viaja hacia la superficie de la mama y de esta manera es captado por el parche.\u00a0Por eso este dispositivo complementario es un term\u00f3metro de contacto de alta precisi\u00f3n y permite ver estos cambios del viraje del azul al rojo. Esto nos va a permitir hacer un mapa t\u00e9rmico de la mama y por lo tanto de esta manera establecer, junto con los factores de riesgo, la prioridad de atenci\u00f3n de esta paciente\u201d.<\/p>\n<p>\u201cLa presencia de un tumor maligno, siempre va acompa\u00f1ada de un aumento de la temperatura de la superficie de la mama, independientemente de la constituci\u00f3n del tejido mamario\u201d.<\/p>\n<p>\u201cEn la representaci\u00f3n de un tumor, se puede ver un tumor muy chiquito que se va a alimentar de los vasos que normalmente tiene el tejido, a medida que va creciendo necesita la formaci\u00f3n de esos nuevos vasos. Esos nuevos vasos se van a empezar a formar a partir que el tumor tiene 4 cm.\u00a0Este dispositivo permiti\u00f3 detectar tumores que tienen 6 mm, o sea, mucho m\u00e1s chiquitos.\u00a0Es decir que estamos hablando de detecci\u00f3n precoz, que es lo que m\u00e1s nos importa\u201d.<\/p>\n<p>\u201cAnalizando d\u00f3nde est\u00e1 insertado en nuestro sistema de detecci\u00f3n de c\u00e1ncer de mama este nuevo dispositivo complementario, podemos inferir que primero est\u00e1 el autoexamen mamario, luego el examen cl\u00ednico, y luego viene el diagn\u00f3stico por im\u00e1genes que se relaciona directamente con la biopsia, el tratamiento quir\u00fargico, el tratamiento oncol\u00f3gico, ah\u00ed estamos hablando de otros niveles de atenci\u00f3n.\u00a0El dispositivo complementario es un enlace entre estos dos\u201d.<\/p>\n<p>\u201cNo se nos pueden perder m\u00e1s mujeres, y durante mucho tiempo y fundamentalmente durante la pandemia se nos perdieron muchas mujeres del sistema porque llegaron tarde a la consulta\u201d.<\/p>\n<p>\u201cOtros datos importantes son que seg\u00fan 13 estudios realizados en 44 centros, el dispositivo tiene un 87% de especificidad, un 86% de sensibilidad, y un 99% de valor predictivo negativo\u201d.<\/p>\n<p>\u201cEn las mujeres m\u00e1s j\u00f3venes el c\u00e1ncer de mama avanza mucho m\u00e1s r\u00e1pidamente y es mucho m\u00e1s agresivo, y adem\u00e1s, las mujeres menores de 40 a\u00f1os que no saben que tienen factores de riesgo no llegan a la mamograf\u00eda sino hasta los 40 a\u00f1os. Por ello, las mujeres que tienen m\u00e1s de 25 a\u00f1os y alguno de estos factores de riesgo, necesitan una herramienta\u201d.<\/p>\n<p>\u201cEn cuanto al protocolo de derivaci\u00f3n, es el siguiente:<\/p>\n<ul>\n<li>Si tenemos resultados significativos, es decir, con probabilidad de patolog\u00eda mamaria y esta paciente adem\u00e1s tiene factores de riesgo, antes de los 15 d\u00edas tiene que ser estudiada por mamograf\u00eda.<\/li>\n<li>Si es sin riesgo, tenemos hasta 45 d\u00edas.<\/li>\n<li>Si los resultados son no significativos: con riesgo, antes de los 90 d\u00edas tienen que ser vistas y sin riesgo, antes de los 10 meses\u201d.<\/li>\n<\/ul>\n<p>\u201cTenemos dos unidades de mama en la Provincia, en los dos hospitales de tercer nivel y esperamos formar nuevas unidades de mama\u201d.<\/p>\n<p>\u201cAdem\u00e1s, introducimos un nuevo concepto: el trabajo de las trabajadoras sociales que son las\u00a0<strong>navegadoras<\/strong>. No van a permitir que se nos pierdan las pacientes. Iremos a buscarlas porque esta es la forma del seguimiento del c\u00e1ncer de mama\u201d.<\/p>\n<p>\u201cLa idea es construir un circuito de salud: desde 2018 somos pioneros en tener el equipo Cobas 4800, que nos permite genotipificaci\u00f3n del virus, con autotoma y con toma dirigida. En ese tiempo, y a pesar de la pandemia se han realizado 10778 estudios.<\/p>\n<p>\u201cA eso le sumamos el test de colon, en los \u00faltimos 8 meses se han hecho 1092 estudios, de los cuales ya llevan procesados 912, y de esos 117 son positivos. Esto es para las mujeres que pueden llegar a tener c\u00e1ncer de colon. Y finalmente la determinaci\u00f3n de otras enfermedades cr\u00f3nicas. Por eso es muy importante que este circuito se termite de realizar as\u00ed como lo estamos pensando\u201d.<\/p>\n<p>\u201cLa premisas son, para las mujeres, garantizarle la accesibilidad y la equidad. Y para el equipo de salud la b\u00fasqueda activa; la interdisciplina, que estamos acostumbrados a hacer; y la articulaci\u00f3n entre los distintos niveles de atenci\u00f3n que garantice que las pacientes pasen por todo el circuito llegando al final al diagn\u00f3stico y al tratamiento oportuno, y el compromiso ya que sin eso no hay nada\u201d.<\/p>\n<p>Finaliz\u00f3 con una frase muy significativa \u00abla mirada puesta en el presente y futuro de cada una de las mujeres de San Juan, sus familias y la comunidad\u201d.<\/p>\n<\/div>\n<div class=\"clr\"><\/div>\n<div class=\"itemContentFooter\"><span class=\"itemDateModified\">Modificado por \u00faltima vez en Lunes, 05 Septiembre 2022 17:03<\/span><\/div>\n","protected":false},"excerpt":{"rendered":"<p>La campa\u00f1a \u201cMujeres + Sanas\u201d, mediante la cual San Juan se convirti\u00f3 en la primera provincia argentina en el uso<\/p>\n","protected":false},"author":3,"featured_media":52233,"comment_status":"closed","ping_status":"closed","sticky":false,"template":"","format":"standard","meta":{"_acf_changed":false,"_seopress_robots_primary_cat":"none","_seopress_titles_title":"","_seopress_titles_desc":"","_seopress_robots_index":"","colormag_page_container_layout":"default_layout","colormag_page_sidebar_layout":"default_layout","footnotes":""},"categories":[10],"tags":[],"class_list":["post-52231","post","type-post","status-publish","format-standard","has-post-thumbnail","hentry","category-opiniones"],"acf":[],"_links":{"self":[{"href":"https:\/\/vocesparalelas.com.ar\/sitio\/wp-json\/wp\/v2\/posts\/52231","targetHints":{"allow":["GET"]}}],"collection":[{"href":"https:\/\/vocesparalelas.com.ar\/sitio\/wp-json\/wp\/v2\/posts"}],"about":[{"href":"https:\/\/vocesparalelas.com.ar\/sitio\/wp-json\/wp\/v2\/types\/post"}],"author":[{"embeddable":true,"href":"https:\/\/vocesparalelas.com.ar\/sitio\/wp-json\/wp\/v2\/users\/3"}],"replies":[{"embeddable":true,"href":"https:\/\/vocesparalelas.com.ar\/sitio\/wp-json\/wp\/v2\/comments?post=52231"}],"version-history":[{"count":1,"href":"https:\/\/vocesparalelas.com.ar\/sitio\/wp-json\/wp\/v2\/posts\/52231\/revisions"}],"predecessor-version":[{"id":52234,"href":"https:\/\/vocesparalelas.com.ar\/sitio\/wp-json\/wp\/v2\/posts\/52231\/revisions\/52234"}],"wp:featuredmedia":[{"embeddable":true,"href":"https:\/\/vocesparalelas.com.ar\/sitio\/wp-json\/wp\/v2\/media\/52233"}],"wp:attachment":[{"href":"https:\/\/vocesparalelas.com.ar\/sitio\/wp-json\/wp\/v2\/media?parent=52231"}],"wp:term":[{"taxonomy":"category","embeddable":true,"href":"https:\/\/vocesparalelas.com.ar\/sitio\/wp-json\/wp\/v2\/categories?post=52231"},{"taxonomy":"post_tag","embeddable":true,"href":"https:\/\/vocesparalelas.com.ar\/sitio\/wp-json\/wp\/v2\/tags?post=52231"}],"curies":[{"name":"wp","href":"https:\/\/api.w.org\/{rel}","templated":true}]}}