{"id":52226,"date":"2022-09-05T22:45:35","date_gmt":"2022-09-06T01:45:35","guid":{"rendered":"https:\/\/vocesparalelas.com.ar\/sitio\/?p=52226"},"modified":"2022-09-05T23:46:40","modified_gmt":"2022-09-06T02:46:40","slug":"declaraciones-del-gobernador-de-san-juan-dr-sergio-unac-sobre-campana-mujeres-sanas","status":"publish","type":"post","link":"https:\/\/vocesparalelas.com.ar\/sitio\/declaraciones-del-gobernador-de-san-juan-dr-sergio-unac-sobre-campana-mujeres-sanas\/","title":{"rendered":"Declaraciones del Gobernador de San Juan, Dr. Sergio U\u00f1ac sobre campa\u00f1a \u201cMujeres + Sanas\u201d"},"content":{"rendered":"<p>En la previa a la campa\u00f1a \u201cMujeres + Sanas\u201d desde San Juan, el Gobernador, Dr. Sergio U\u00f1ac hizo declaraciones a los periodistas San Juan, quien describi\u00f3 la importancia de la misma para la prevenci\u00f3n del C\u00e1ncer de Mama y que todos debemos tomar conciencia.<\/p>\n<p><iframe loading=\"lazy\" title=\"DR SERGIO U\u00d1AC\" width=\"800\" height=\"450\" src=\"https:\/\/www.youtube.com\/embed\/esRQqKCzyhQ?feature=oembed\" frameborder=\"0\" allow=\"accelerometer; autoplay; clipboard-write; encrypted-media; gyroscope; picture-in-picture\" allowfullscreen><\/iframe><\/p>\n<p>Luego, el el CEO de Welwaze Medical, Alex Jim\u00e9nez Ness, describi\u00f3 la importancia de la prevenci\u00f3n del C\u00e1ncer de Mama con la nueva forma y el control de la mujer y del hombre donde se involucra la familia.<\/p>\n<p><img loading=\"lazy\" decoding=\"async\" class=\"alignnone size-large wp-image-1245\" src=\"https:\/\/vocesparalelas.com.ar\/sitio\/wp-content\/uploads\/2017\/05\/CASA-DE-GOBIERNO-01-800x534.jpg\" alt=\"\" width=\"800\" height=\"534\" srcset=\"https:\/\/vocesparalelas.com.ar\/sitio\/wp-content\/uploads\/2017\/05\/CASA-DE-GOBIERNO-01.jpg 800w, https:\/\/vocesparalelas.com.ar\/sitio\/wp-content\/uploads\/2017\/05\/CASA-DE-GOBIERNO-01-300x200.jpg 300w, https:\/\/vocesparalelas.com.ar\/sitio\/wp-content\/uploads\/2017\/05\/CASA-DE-GOBIERNO-01-768x513.jpg 768w\" sizes=\"auto, (max-width: 800px) 100vw, 800px\" \/><\/p>\n<p>Publicado el Lunes, 05 de Septiembre de 2022<\/p>\n","protected":false},"excerpt":{"rendered":"<p>En la previa a la campa\u00f1a \u201cMujeres + Sanas\u201d desde San Juan, el Gobernador, Dr. Sergio U\u00f1ac hizo declaraciones a<\/p>\n","protected":false},"author":3,"featured_media":52221,"comment_status":"closed","ping_status":"closed","sticky":false,"template":"","format":"video","meta":{"_acf_changed":false,"_seopress_robots_primary_cat":"none","_seopress_titles_title":"","_seopress_titles_desc":"","_seopress_robots_index":"","colormag_page_container_layout":"default_layout","colormag_page_sidebar_layout":"default_layout","footnotes":""},"categories":[1,7],"tags":[],"class_list":["post-52226","post","type-post","status-publish","format-video","has-post-thumbnail","hentry","category-destacadas","category-videos","post_format-post-format-video"],"acf":[],"_links":{"self":[{"href":"https:\/\/vocesparalelas.com.ar\/sitio\/wp-json\/wp\/v2\/posts\/52226","targetHints":{"allow":["GET"]}}],"collection":[{"href":"https:\/\/vocesparalelas.com.ar\/sitio\/wp-json\/wp\/v2\/posts"}],"about":[{"href":"https:\/\/vocesparalelas.com.ar\/sitio\/wp-json\/wp\/v2\/types\/post"}],"author":[{"embeddable":true,"href":"https:\/\/vocesparalelas.com.ar\/sitio\/wp-json\/wp\/v2\/users\/3"}],"replies":[{"embeddable":true,"href":"https:\/\/vocesparalelas.com.ar\/sitio\/wp-json\/wp\/v2\/comments?post=52226"}],"version-history":[{"count":2,"href":"https:\/\/vocesparalelas.com.ar\/sitio\/wp-json\/wp\/v2\/posts\/52226\/revisions"}],"predecessor-version":[{"id":52230,"href":"https:\/\/vocesparalelas.com.ar\/sitio\/wp-json\/wp\/v2\/posts\/52226\/revisions\/52230"}],"wp:featuredmedia":[{"embeddable":true,"href":"https:\/\/vocesparalelas.com.ar\/sitio\/wp-json\/wp\/v2\/media\/52221"}],"wp:attachment":[{"href":"https:\/\/vocesparalelas.com.ar\/sitio\/wp-json\/wp\/v2\/media?parent=52226"}],"wp:term":[{"taxonomy":"category","embeddable":true,"href":"https:\/\/vocesparalelas.com.ar\/sitio\/wp-json\/wp\/v2\/categories?post=52226"},{"taxonomy":"post_tag","embeddable":true,"href":"https:\/\/vocesparalelas.com.ar\/sitio\/wp-json\/wp\/v2\/tags?post=52226"}],"curies":[{"name":"wp","href":"https:\/\/api.w.org\/{rel}","templated":true}]}}