{"id":52189,"date":"2022-09-03T15:01:34","date_gmt":"2022-09-03T18:01:34","guid":{"rendered":"https:\/\/vocesparalelas.com.ar\/sitio\/?p=52189"},"modified":"2022-09-06T01:27:00","modified_gmt":"2022-09-06T04:27:00","slug":"modifican-los-horarios-de-los-actos-de-ofrecimientos-de-interinatos-y-suplencias-de-cargos-de-nivel-inicial-y-primario-en-san-juan","status":"publish","type":"post","link":"https:\/\/vocesparalelas.com.ar\/sitio\/modifican-los-horarios-de-los-actos-de-ofrecimientos-de-interinatos-y-suplencias-de-cargos-de-nivel-inicial-y-primario-en-san-juan\/","title":{"rendered":"Modifican los horarios de los Actos de ofrecimientos de Interinatos y Suplencias de Cargos de Nivel Inicial y Primario en San Juan"},"content":{"rendered":"<p>El Ministerio de Educaci\u00f3n del Gobierno de San Juan informa que a partir del Lunes, 05 de Septiembre de 2022, se modifican los horarios en los que se desarrollan los Actos de ofrecimientos de Interinatos y Suplencias de Cargos de Nivel Inicial, Primario, en todas las modalidades y Capacitaci\u00f3n Laboral, en la Unidad de Gesti\u00f3n de 25 de Mayo &#8211; UGDA Y &#8211; y la comisi\u00f3n de Interinatos y Suplencias, conforme al cronograma que se detalla a continuaci\u00f3n:<\/p>\n<ul>\n<li><strong>\u201cUGDA 25 DE MAYO\u201d: <\/strong>se encuentra ubicado en el Ram\u00f3n Barreras entre 25 de mayo y 9 de Julio \u2013 Santa Rosa.<\/li>\n<\/ul>\n<p><strong>LUNES Y MIERCOLES<\/strong><\/p>\n<p>*Maestro de Nivel Inicial a partir de las 08:30 hs,<\/p>\n<p>*Maestro de Especialidades a partir de las 10:00 hs.<\/p>\n<p><strong>MARTES Y JUEVES<\/strong><\/p>\n<p>*Maestro de Grado de Nivel Primario a parir de las 08:30 hs.<\/p>\n<p>*Celador a partir de las 10:00 hs.<\/p>\n<p>2) <strong>\u201cCOMISION DE INTERINATOS Y SUPLENCIAS\u201d:<\/strong> se encuentra ubicado en Deposito Central de Ministerio\u00a0 de Educaci\u00f3n. Hip\u00f3lito Irigoyen 1515 (E). Santa Lucia<\/p>\n<p><strong>Horario de Inicio de los Actos de Ofrecimientos:<\/strong><\/p>\n<p><strong>\u00a0\u00a0\u00a0\u00a0\u00a0 <\/strong><\/p>\n<p><strong>\u00a0\u00a0\u00a0\u00a0\u00a0\u00a0\u00a0\u00a0 <\/strong>*Maestro de Nivel Inicial\u00a0 y Educaci\u00f3n Especial a las 08:30 hs,<\/p>\n<p>*Maestro de Grado Primario y Adultos a las 09:30 hs.<\/p>\n<p>* Los d\u00edas jueves a las 08:30 hs. Maestro de Especialidades Comunes y Capacitaci\u00f3n\u00a0\u00a0\u00a0\u00a0\u00a0\u00a0\u00a0\u00a0\u00a0 Laboral<\/p>\n<p><strong>A)\u00a0 <\/strong><strong>CARGOS DE ESCUELAS DE LA MODALIDAD COMUN<\/strong><\/p>\n<p>-dependientes de la Direcci\u00f3n de Educaci\u00f3n Inicial, Primaria y Adultos-.<\/p>\n<table>\n<tbody>\n<tr>\n<td colspan=\"4\" width=\"622\"><strong>A)\u00a0 <\/strong><strong>CARGOS DE ESCUELAS DE LA MODALIDAD COMUN<\/strong><\/p>\n<p>-dependientes de la Direcci\u00f3n de Educaci\u00f3n Inicial, Primaria y Adultos-.<\/p>\n<p>&nbsp;<\/p>\n<p>&nbsp;<\/td>\n<\/tr>\n<tr>\n<td width=\"104\"><strong>DIAS<\/strong><\/td>\n<td width=\"122\">U.G.D.A. &#8211; ZONAS<\/td>\n<td width=\"170\">DEPARTAMENTOS<\/td>\n<td width=\"226\">\u00fc\u00a0 <strong>TIPOS DE CARGOS A OFRECER<\/strong><\/td>\n<\/tr>\n<tr>\n<td width=\"104\"><strong>LUNES<\/strong><\/td>\n<td width=\"122\">ABC<\/td>\n<td width=\"170\">CAPITAL<\/p>\n<p>&nbsp;<\/td>\n<td rowspan=\"4\" width=\"226\"><strong>\u00a0<\/strong><\/p>\n<p><strong>MAESTRO DE GRADO<\/strong><\/p>\n<p><strong>MAESTRO DE GRADO ADULTOS(U.E.P.A.)<\/strong><\/p>\n<p><strong>MAESTRO DE NIVEL INICIAL<\/strong><\/p>\n<p><strong>CELADOR DE INTERNADOS<\/strong><\/p>\n<p><strong>MAESTRO CELADOR DE INTERNADOS<\/strong><\/td>\n<\/tr>\n<tr>\n<td rowspan=\"2\" width=\"104\"><strong>MARTES<\/strong><\/td>\n<td width=\"122\">S\/O<\/td>\n<td width=\"170\">CHIMBAS<\/p>\n<p>RIVADAVIA-ZONDA-ULLUM<\/p>\n<p>ANGACO<\/p>\n<p>ALBARDON<\/td>\n<\/tr>\n<tr>\n<td width=\"122\">P<\/td>\n<td width=\"170\">SANTA LUCIA<\/p>\n<p>9 DE JULIO<\/p>\n<p>SAN MARTIN<\/td>\n<\/tr>\n<tr>\n<td width=\"104\"><strong>MIERCOLES<\/strong><\/td>\n<td width=\"122\">R<\/td>\n<td width=\"170\">RAWSON<\/p>\n<p>POCITO<\/p>\n<p>SARMIENTO<\/td>\n<\/tr>\n<\/tbody>\n<\/table>\n<p>&nbsp;<\/p>\n<table>\n<tbody>\n<tr>\n<td colspan=\"4\" width=\"622\"><strong>B)\u00a0\u00a0 <\/strong><strong>CARGOS DE ESCUELAS DE LA MODALIDAD EDUCACION ESPECIAL<\/strong><\/p>\n<p>-dependientes de la Direcci\u00f3n de Educaci\u00f3n Especial-.<\/td>\n<\/tr>\n<tr>\n<td width=\"104\"><strong>DIAS<\/strong><\/td>\n<td width=\"122\">U.G.D.A. &#8211; ZONAS<\/td>\n<td width=\"170\">DEPARTAMENTOS<\/td>\n<td width=\"226\"><strong>TIPOS DE CARGOS A OFRECER<\/strong><\/td>\n<\/tr>\n<tr>\n<td rowspan=\"6\" width=\"104\"><strong>LUNES<\/strong><\/td>\n<td width=\"122\">ABC<\/td>\n<td width=\"170\">CAPITAL<\/p>\n<p>&nbsp;<\/td>\n<td rowspan=\"6\" width=\"226\"><strong>\u00a0<\/strong><\/p>\n<p><strong>*MAESTRO DE GRADO DE EDUCACION ESPECIAL<\/strong><\/p>\n<p><strong>*MAESTRO DE GRUPO ESCOLAR <\/strong><\/p>\n<p><strong>*MAESTRO DE ESPECIALIDADES DE EDUC. ESPECIAL<\/strong><\/p>\n<p><strong>*MAESTRO CELADOR DE EDUC. ESPECIAL<\/strong><\/p>\n<p><strong>*MAESTRO DE GRADO DE ESC. CARCELARIA U HOSPIT.<\/strong><\/p>\n<p><strong>*CELADOR DE EDUC. ESPECIAL<\/strong><\/p>\n<p><strong>*MAESTRO DE ESPECIALIDADES DE ESC. CARCELARIA U HOSPIT.<\/strong><\/td>\n<\/tr>\n<tr>\n<td width=\"122\">S\/O<\/td>\n<td width=\"170\">CHIMBAS<\/p>\n<p>RIVADAVIA-ZONDA-ULLUM<\/p>\n<p>ANGACO<\/p>\n<p>ALBARDON<\/td>\n<\/tr>\n<tr>\n<td width=\"122\">P<\/td>\n<td width=\"170\">SANTA LUCIA<\/p>\n<p>9 DE JULIO<\/p>\n<p>SAN MARTIN<\/td>\n<\/tr>\n<tr>\n<td width=\"122\">R<\/td>\n<td width=\"170\">RAWSON<\/p>\n<p>POCITO<\/p>\n<p>SARMIENTO<\/td>\n<\/tr>\n<tr>\n<td width=\"122\">F<\/td>\n<td width=\"170\">CAUCETE<\/td>\n<\/tr>\n<tr>\n<td width=\"122\">Y<\/td>\n<td width=\"170\">25 DE MAYO<\/td>\n<\/tr>\n<\/tbody>\n<\/table>\n<p>&nbsp;<\/p>\n<table>\n<tbody>\n<tr>\n<td colspan=\"4\" width=\"622\"><strong>C)\u00a0 <\/strong><strong>CARGOS DE MAESTROS DE ESPECIALIDADES DE ESCUELAS DE NIVEL INICIAL\/PRIMARIO DE LA MODALIDAD COMUN<\/strong><\/p>\n<p>-dependientes de la Direcci\u00f3n de Educaci\u00f3n Inicial, Primaria y Adultos-.<\/td>\n<\/tr>\n<tr>\n<td width=\"104\"><strong>DIAS<\/strong><\/td>\n<td width=\"122\">U.G.D.A. &#8211; ZONAS<\/td>\n<td width=\"170\">DEPARTAMENTOS<\/td>\n<td width=\"226\"><strong>TIPOS DE CARGOS A OFRECER<\/strong><\/td>\n<\/tr>\n<tr>\n<td rowspan=\"4\" width=\"104\"><strong>JUEVES<\/strong><\/td>\n<td width=\"122\">ABC<\/td>\n<td width=\"170\">CAPITAL<\/p>\n<p>&nbsp;<\/td>\n<td rowspan=\"4\" width=\"226\"><strong>\u00a0<\/strong><\/p>\n<p><strong>EDUCACION FISICA<\/strong><\/p>\n<p><strong>MUSICA<\/strong><\/p>\n<p><strong>EDUCACION PRACTICA<\/strong><\/p>\n<p><strong>(TECNOLOGIA)<\/strong><\/p>\n<p><strong>COMPUTACION<\/strong><\/p>\n<p><strong>EDUCACION PLASTICA<\/strong><\/p>\n<p><strong>INGLES<\/strong><\/p>\n<p><strong>BIBLIOTECARIO<\/strong><\/p>\n<p><strong>TEATRO<\/strong><\/p>\n<p><strong>AGROPECUARIA<\/strong><\/td>\n<\/tr>\n<tr>\n<td width=\"122\">S\/O<\/td>\n<td width=\"170\">CHIMBAS<\/p>\n<p>RIVADAVIA-ZONDA-ULLUM<\/p>\n<p>ANGACO<\/p>\n<p>ALBARDON<\/td>\n<\/tr>\n<tr>\n<td width=\"122\">P<\/td>\n<td width=\"170\">SANTA LUCIA<\/p>\n<p>9 DE JULIO<\/p>\n<p>SAN MARTIN<\/td>\n<\/tr>\n<tr>\n<td width=\"122\">R<\/td>\n<td width=\"170\">RAWSON<\/p>\n<p>POCITO<\/p>\n<p>SARMIENTO<\/td>\n<\/tr>\n<\/tbody>\n<\/table>\n<p>&nbsp;<\/p>\n<table>\n<tbody>\n<tr>\n<td colspan=\"4\" width=\"622\"><strong>D)\u00a0 <\/strong><strong>CARGOS DE ESCUELAS DE CAPACITACION LABORAL<\/strong><\/p>\n<p>-dependientes de la Direcci\u00f3n de Educaci\u00f3n Sec. T\u00e9cnica y Formaci\u00f3n Profesional-.<\/p>\n<p>&nbsp;<\/td>\n<\/tr>\n<tr>\n<td width=\"104\"><strong>DIAS<\/strong><\/td>\n<td width=\"122\">U.G.D.A. &#8211; ZONAS<\/td>\n<td width=\"170\">DEPARTAMENTOS<\/td>\n<td width=\"226\"><strong>TIPOS DE CARGOS A OFRECER<\/strong><\/td>\n<\/tr>\n<\/tbody>\n<\/table>\n<table>\n<tbody>\n<tr>\n<td rowspan=\"6\" width=\"104\"><strong>JUEVES<\/strong><\/td>\n<td width=\"122\">ABC<\/td>\n<td width=\"170\">CAPITAL<\/p>\n<p>&nbsp;<\/td>\n<td rowspan=\"6\" width=\"226\"><strong>\u00a0<\/strong><\/p>\n<p><strong>\u00a0<\/strong><\/p>\n<p><strong>MAESTRO DE ENSE\u00d1ANZA PRACTICA<\/strong><\/td>\n<\/tr>\n<tr>\n<td width=\"122\">S\/O<\/td>\n<td width=\"170\">CHIMBAS<\/p>\n<p>RIVADAVIA-ZONDA-ULLUM<\/p>\n<p>ANGACO<\/p>\n<p>ALBARDON<\/td>\n<\/tr>\n<tr>\n<td width=\"122\">P<\/td>\n<td width=\"170\">SANTA LUCIA<\/p>\n<p>9 DE JULIO<\/p>\n<p>SAN MARTIN<\/td>\n<\/tr>\n<tr>\n<td width=\"122\">R<\/td>\n<td width=\"170\">RAWSON<\/p>\n<p>POCITO<\/p>\n<p>SARMIENTO<\/td>\n<\/tr>\n<tr>\n<td width=\"122\">F<\/td>\n<td width=\"170\">CAUCETE<\/td>\n<\/tr>\n<tr>\n<td width=\"122\">Y<\/td>\n<td width=\"170\">25 DE MAYO<\/td>\n<\/tr>\n<\/tbody>\n<\/table>\n<p>&nbsp;<\/p>\n<p>2.1) Atenci\u00f3n al P\u00fablico en General para recepci\u00f3n de documentaci\u00f3n y\/o consultas varias, se desarrollara del siguiente modo:<\/p>\n<table>\n<tbody>\n<tr>\n<td width=\"365\"><strong>LUGAR<\/strong><\/td>\n<td width=\"365\"><strong>DIAS Y HORARIOS<\/strong><\/td>\n<\/tr>\n<tr>\n<td width=\"365\">Oficina de la \u201cComisi\u00f3n de Interinatos y Suplencias\u201d Ubicada en el Deposito Central del Ministerio de Educaci\u00f3n<\/p>\n<p>(Hip\u00f3lito Irigoyen 1515 (E) \u2013 Santa Lucia<\/td>\n<td width=\"365\">Lunes a Viernes<\/p>\n<p>Solo en Horario<\/p>\n<p>De 08:00 a 12:00 Hs.<\/p>\n<p>Tel\u00e9fono: 4302474<\/td>\n<\/tr>\n<\/tbody>\n<\/table>\n<p>&nbsp;<\/p>\n<p>2.2) En la Oficina de la \u201cComisi\u00f3n de Interinatos y Suplencias\u201d, para las zonas y\u00a0 cargos contemplados en el cronograma antes expuesto, se realizaran solo en horario de 08:00 a 12:00 hs.-<\/p>\n<p>Las siguientes designaciones:<\/p>\n<p>* Direcci\u00f3n de \u00c1rea,<\/p>\n<p>* Designaciones por Titulo:<\/p>\n<p>* Designaciones por Continuidad Pedag\u00f3gica.<\/p>\n<p>2.3) En los departamentos de Zonas Alejadas, los ofrecimientos de cargos se realizaran en las Unidades de Gestion correspondientes (Valle F\u00e9rtil, J\u00e1chal, Iglesia, Calingasta, 25 de Mayo y Caucete)<\/p>\n<p><strong><em><u>Nota Aclaratoria:<\/u><\/em><\/strong> los Cargos de <strong><em><u>Capacitaci\u00f3n Laboral y de la Modalidad de Educaci\u00f3n Especial<\/u><\/em><\/strong> de las zonas de Caucete y 25 de Mayo, se ofrecen en la Oficina de la Comisi\u00f3n de Interinatos y Suplencias.<\/p>\n<p>Publicado el S\u00e1bado, 03 de Septiembre de 2022<\/p>\n","protected":false},"excerpt":{"rendered":"<p>El Ministerio de Educaci\u00f3n del Gobierno de San Juan informa que a partir del Lunes, 05 de Septiembre de 2022,<\/p>\n","protected":false},"author":3,"featured_media":28629,"comment_status":"closed","ping_status":"closed","sticky":false,"template":"","format":"standard","meta":{"_acf_changed":false,"_seopress_robots_primary_cat":"none","_seopress_titles_title":"","_seopress_titles_desc":"","_seopress_robots_index":"","colormag_page_container_layout":"default_layout","colormag_page_sidebar_layout":"default_layout","footnotes":""},"categories":[5],"tags":[],"class_list":["post-52189","post","type-post","status-publish","format-standard","has-post-thumbnail","hentry","category-ofrecimientos"],"acf":[],"_links":{"self":[{"href":"https:\/\/vocesparalelas.com.ar\/sitio\/wp-json\/wp\/v2\/posts\/52189","targetHints":{"allow":["GET"]}}],"collection":[{"href":"https:\/\/vocesparalelas.com.ar\/sitio\/wp-json\/wp\/v2\/posts"}],"about":[{"href":"https:\/\/vocesparalelas.com.ar\/sitio\/wp-json\/wp\/v2\/types\/post"}],"author":[{"embeddable":true,"href":"https:\/\/vocesparalelas.com.ar\/sitio\/wp-json\/wp\/v2\/users\/3"}],"replies":[{"embeddable":true,"href":"https:\/\/vocesparalelas.com.ar\/sitio\/wp-json\/wp\/v2\/comments?post=52189"}],"version-history":[{"count":1,"href":"https:\/\/vocesparalelas.com.ar\/sitio\/wp-json\/wp\/v2\/posts\/52189\/revisions"}],"predecessor-version":[{"id":52191,"href":"https:\/\/vocesparalelas.com.ar\/sitio\/wp-json\/wp\/v2\/posts\/52189\/revisions\/52191"}],"wp:featuredmedia":[{"embeddable":true,"href":"https:\/\/vocesparalelas.com.ar\/sitio\/wp-json\/wp\/v2\/media\/28629"}],"wp:attachment":[{"href":"https:\/\/vocesparalelas.com.ar\/sitio\/wp-json\/wp\/v2\/media?parent=52189"}],"wp:term":[{"taxonomy":"category","embeddable":true,"href":"https:\/\/vocesparalelas.com.ar\/sitio\/wp-json\/wp\/v2\/categories?post=52189"},{"taxonomy":"post_tag","embeddable":true,"href":"https:\/\/vocesparalelas.com.ar\/sitio\/wp-json\/wp\/v2\/tags?post=52189"}],"curies":[{"name":"wp","href":"https:\/\/api.w.org\/{rel}","templated":true}]}}